{"id":442270,"date":"2022-09-01T17:40:46","date_gmt":"2022-09-01T22:40:46","guid":{"rendered":"https:\/\/www.zunoticia.com\/noticias-de-hidalgo\/?p=442270"},"modified":"2022-09-01T17:40:48","modified_gmt":"2022-09-01T22:40:48","slug":"miel-que-se-produce-en-la-huasteca-es-de-buena-calidad-ismael-marcos","status":"publish","type":"post","link":"https:\/\/www.zunoticia.com\/noticias-de-hidalgo\/2022\/09\/01\/miel-que-se-produce-en-la-huasteca-es-de-buena-calidad-ismael-marcos\/","title":{"rendered":"Miel que se produce en la huasteca, es de buena calidad: Ismael Marcos"},"content":{"rendered":"<aside class=\"mashsb-container mashsb-main mashsb-stretched\"><div class=\"mashsb-box\"><div class=\"mashsb-count mash-large\" style=\"float:left\"><div class=\"counts mashsbcount\">18<\/div><span class=\"mashsb-sharetext\">SHARES<\/span><\/div><div class=\"mashsb-buttons\"><a class=\"mashicon-facebook mash-large mash-center mashsb-noshadow\" href=\"https:\/\/www.facebook.com\/sharer.php?u=https%3A%2F%2Fwww.zunoticia.com%2Fnoticias-de-hidalgo%2F2022%2F09%2F01%2Fmiel-que-se-produce-en-la-huasteca-es-de-buena-calidad-ismael-marcos%2F\" target=\"_top\" rel=\"nofollow\"><span class=\"icon\"><\/span><span class=\"text\">Share<\/span><\/a><a class=\"mashicon-twitter mash-large mash-center mashsb-noshadow\" href=\"https:\/\/twitter.com\/intent\/tweet?text=&amp;url=https:\/\/www.zunoticia.com\/noticias-de-hidalgo\/2022\/09\/01\/miel-que-se-produce-en-la-huasteca-es-de-buena-calidad-ismael-marcos\/\" target=\"_top\" rel=\"nofollow\"><span class=\"icon\"><\/span><span class=\"text\">Tweet<\/span><\/a><div class=\"onoffswitch2 mash-large mashsb-noshadow\" style=\"display:none\"><\/div><\/div>\n            <\/div>\n                <div style=\"clear:both\"><\/div><div class=\"mashsb-toggle-container\"><\/div><\/aside>\n            <!-- Share buttons by mashshare.net - Version: 4.0.47-->\n<p><em>Por Enedino Hern\u00e1ndez\/Zunoticia<\/em><\/p>\n\n\n\n<p><strong>Huejutla, Hgo. &#8211;<\/strong> \u201cLa miel que se produce en esta zona de la huasteca es de buena calidad en comparaci\u00f3n a otras, incluso es un producto de exportaci\u00f3n, antes tambi\u00e9n se ten\u00eda la exportaci\u00f3n del caf\u00e9, pero actualmente esto ya ha bajado\u201d, se\u00f1al\u00f3 el representante de los Apicultores de la Sierra y Huasteca, Ismael Marcos.<\/p>\n\n\n\n<p>A\u00f1adi\u00f3 que, la actual temporada pr\u00e1cticamente est\u00e1 en el apogeo en cuanto a la producci\u00f3n de la miel, destacando que todos como apicultores deben de trabajar realizando las buenas pr\u00e1cticas en bien del entorno ecol\u00f3gico.<\/p>\n\n\n\n<p>Dijo que, se tiene constancia de laboratorio en la cual se detalla que la miel de la huasteca es de buena calidad \u201cpor ello invitamos a los consumidores de la regi\u00f3n para que consuman la miel que es un producto propio de esta regi\u00f3n, y que es de primera calidad\u201d.<\/p>\n\n\n\n<p>En cuanto a la situaci\u00f3n de la actividad comercial, se\u00f1al\u00f3 que en un principio se estuvo cotizando la miel a buen precio de 50.00 a 55.00 pesos el kilo; precio que puede mejorar con una adecuada organizaci\u00f3n m\u00e1s estable, y mejorar ese precio \u201cpero como no estamos en una organizaci\u00f3n consolidada, pues viene cualquier persona o comprador y nos la compra como quiere\u201d.<\/p>\n\n\n\n<p>Concluy\u00f3 citando que hace mucha falta la consolidaci\u00f3n de una organizaci\u00f3n que est\u00e9 legalmente constituida \u201cal momento estamos organizando a los representantes de los municipios, un poco complicado todo, pero no imposible; la organizaci\u00f3n ser\u00e1 tal y como nosotros lo queramos, se legalizar\u00e1, pero todo depende de nosotros\u201d.<\/p>\n","protected":false},"excerpt":{"rendered":"<p>Por Enedino Hern\u00e1ndez\/Zunoticia Huejutla, Hgo. &#8211; \u201cLa miel que se produce en esta zona de la huasteca es de buena calidad en comparaci\u00f3n a otras, incluso es un producto de exportaci\u00f3n, antes tambi\u00e9n se ten\u00eda la exportaci\u00f3n del caf\u00e9, pero actualmente esto ya ha bajado\u201d, se\u00f1al\u00f3 el representante de los Apicultores de la Sierra y&hellip; <a class=\"more-link\" href=\"https:\/\/www.zunoticia.com\/noticias-de-hidalgo\/2022\/09\/01\/miel-que-se-produce-en-la-huasteca-es-de-buena-calidad-ismael-marcos\/\">Seguir leyendo <span class=\"screen-reader-text\">Miel que se produce en la huasteca, es de buena calidad: Ismael Marcos<\/span><\/a><\/p>\n","protected":false},"author":12,"featured_media":442271,"comment_status":"closed","ping_status":"open","sticky":false,"template":"","format":"standard","meta":{"rop_custom_images_group":[],"rop_custom_messages_group":[],"rop_publish_now":"initial","rop_publish_now_accounts":{"facebook_10159540855086992_322828327761733":""},"rop_publish_now_history":[],"rop_publish_now_status":"pending","footnotes":""},"categories":[181],"tags":[121],"class_list":["post-442270","post","type-post","status-publish","format-standard","has-post-thumbnail","hentry","category-huejutla","tag-huejutla","entry"],"_links":{"self":[{"href":"https:\/\/www.zunoticia.com\/noticias-de-hidalgo\/wp-json\/wp\/v2\/posts\/442270","targetHints":{"allow":["GET"]}}],"collection":[{"href":"https:\/\/www.zunoticia.com\/noticias-de-hidalgo\/wp-json\/wp\/v2\/posts"}],"about":[{"href":"https:\/\/www.zunoticia.com\/noticias-de-hidalgo\/wp-json\/wp\/v2\/types\/post"}],"author":[{"embeddable":true,"href":"https:\/\/www.zunoticia.com\/noticias-de-hidalgo\/wp-json\/wp\/v2\/users\/12"}],"replies":[{"embeddable":true,"href":"https:\/\/www.zunoticia.com\/noticias-de-hidalgo\/wp-json\/wp\/v2\/comments?post=442270"}],"version-history":[{"count":1,"href":"https:\/\/www.zunoticia.com\/noticias-de-hidalgo\/wp-json\/wp\/v2\/posts\/442270\/revisions"}],"predecessor-version":[{"id":442272,"href":"https:\/\/www.zunoticia.com\/noticias-de-hidalgo\/wp-json\/wp\/v2\/posts\/442270\/revisions\/442272"}],"wp:featuredmedia":[{"embeddable":true,"href":"https:\/\/www.zunoticia.com\/noticias-de-hidalgo\/wp-json\/wp\/v2\/media\/442271"}],"wp:attachment":[{"href":"https:\/\/www.zunoticia.com\/noticias-de-hidalgo\/wp-json\/wp\/v2\/media?parent=442270"}],"wp:term":[{"taxonomy":"category","embeddable":true,"href":"https:\/\/www.zunoticia.com\/noticias-de-hidalgo\/wp-json\/wp\/v2\/categories?post=442270"},{"taxonomy":"post_tag","embeddable":true,"href":"https:\/\/www.zunoticia.com\/noticias-de-hidalgo\/wp-json\/wp\/v2\/tags?post=442270"}],"curies":[{"name":"wp","href":"https:\/\/api.w.org\/{rel}","templated":true}]}}