{"id":442282,"date":"2022-09-01T18:55:18","date_gmt":"2022-09-01T23:55:18","guid":{"rendered":"https:\/\/www.zunoticia.com\/noticias-de-hidalgo\/?p=442282"},"modified":"2022-09-01T18:55:20","modified_gmt":"2022-09-01T23:55:20","slug":"molestia-por-mala-organizacion-en-jornada-de-vacunacion-contra-el-covid-19","status":"publish","type":"post","link":"https:\/\/www.zunoticia.com\/noticias-de-hidalgo\/2022\/09\/01\/molestia-por-mala-organizacion-en-jornada-de-vacunacion-contra-el-covid-19\/","title":{"rendered":"Molestia por mala organizaci\u00f3n en jornada de vacunaci\u00f3n contra el Covid-19"},"content":{"rendered":"<aside class=\"mashsb-container mashsb-main mashsb-stretched\"><div class=\"mashsb-box\"><div class=\"mashsb-count mash-large\" style=\"float:left\"><div class=\"counts mashsbcount\">44<\/div><span class=\"mashsb-sharetext\">SHARES<\/span><\/div><div class=\"mashsb-buttons\"><a class=\"mashicon-facebook mash-large mash-center mashsb-noshadow\" href=\"https:\/\/www.facebook.com\/sharer.php?u=https%3A%2F%2Fwww.zunoticia.com%2Fnoticias-de-hidalgo%2F2022%2F09%2F01%2Fmolestia-por-mala-organizacion-en-jornada-de-vacunacion-contra-el-covid-19%2F\" target=\"_top\" rel=\"nofollow\"><span class=\"icon\"><\/span><span class=\"text\">Share<\/span><\/a><a class=\"mashicon-twitter mash-large mash-center mashsb-noshadow\" href=\"https:\/\/twitter.com\/intent\/tweet?text=&amp;url=https:\/\/www.zunoticia.com\/noticias-de-hidalgo\/2022\/09\/01\/molestia-por-mala-organizacion-en-jornada-de-vacunacion-contra-el-covid-19\/\" target=\"_top\" rel=\"nofollow\"><span class=\"icon\"><\/span><span class=\"text\">Tweet<\/span><\/a><div class=\"onoffswitch2 mash-large mashsb-noshadow\" style=\"display:none\"><\/div><\/div>\n            <\/div>\n                <div style=\"clear:both\"><\/div><div class=\"mashsb-toggle-container\"><\/div><\/aside>\n            <!-- Share buttons by mashshare.net - Version: 4.0.47-->\n<p><em>Por \u00c1ngel Silverio\/Zunoticia<\/em><\/p>\n\n\n\n<p><strong>San Felipe Orizatl\u00e1n, Hgo.-<\/strong> Padres de familia que llevaron a sus hijos a la vacunaci\u00f3n contra el Covid-19 lamentaron la falta de organizaci\u00f3n y de la log\u00edstica para llevar a cabo dicha jornada en la cabecera municipal, debido a que el personal de la Secretar\u00eda del Bienestar no plane\u00f3 correctamente, seg\u00fan mencionan los quejosos.<\/p>\n\n\n\n<p>Y es que la jornada dio inicio de este 1 de septiembre hasta el 9 de este mes, sin embargo, la molestia de los padres de familia es porque a la cabecera municipal solo se asign\u00f3 un d\u00eda, mientras que para la zona de Huitzitzilingo, Texcatla y Huichintla, se les asign\u00f3 tres d\u00edas en la sede de Huitzi.<\/p>\n\n\n\n<p>&nbsp;&#8220;Consideramos que est\u00e1 mal organizado, porque para la cabecera municipal solo fue un d\u00eda, sabiendo que aqu\u00ed hay m\u00e1s cantidad de ni\u00f1os, entendemos que deben atender las otras comunidades, pero pueden planear mejor su log\u00edstica, muchos ni\u00f1os de aqu\u00ed de la cabecera se quedaron sin vacunar&#8221; indic\u00f3 una madre molesta de esta zona.<\/p>\n\n\n\n<p>Cabe destacar que, pese a ello, se ha tenido buena participaci\u00f3n de los ni\u00f1os al acudir a completar su esquema de vacunaci\u00f3n, y se sigue recomendando a la poblaci\u00f3n continuar con las medidas de prevenci\u00f3n.<\/p>\n","protected":false},"excerpt":{"rendered":"<p>Por \u00c1ngel Silverio\/Zunoticia San Felipe Orizatl\u00e1n, Hgo.- Padres de familia que llevaron a sus hijos a la vacunaci\u00f3n contra el Covid-19 lamentaron la falta de organizaci\u00f3n y de la log\u00edstica para llevar a cabo dicha jornada en la cabecera municipal, debido a que el personal de la Secretar\u00eda del Bienestar no plane\u00f3 correctamente, seg\u00fan mencionan&hellip; <a class=\"more-link\" href=\"https:\/\/www.zunoticia.com\/noticias-de-hidalgo\/2022\/09\/01\/molestia-por-mala-organizacion-en-jornada-de-vacunacion-contra-el-covid-19\/\">Seguir leyendo <span class=\"screen-reader-text\">Molestia por mala organizaci\u00f3n en jornada de vacunaci\u00f3n contra el Covid-19<\/span><\/a><\/p>\n","protected":false},"author":12,"featured_media":442275,"comment_status":"closed","ping_status":"open","sticky":false,"template":"","format":"standard","meta":{"rop_custom_images_group":[],"rop_custom_messages_group":[],"rop_publish_now":"initial","rop_publish_now_accounts":{"facebook_10159540855086992_322828327761733":""},"rop_publish_now_history":[],"rop_publish_now_status":"pending","footnotes":""},"categories":[180],"tags":[129],"class_list":["post-442282","post","type-post","status-publish","format-standard","has-post-thumbnail","hentry","category-orizatlan","tag-orizatlan","entry"],"_links":{"self":[{"href":"https:\/\/www.zunoticia.com\/noticias-de-hidalgo\/wp-json\/wp\/v2\/posts\/442282","targetHints":{"allow":["GET"]}}],"collection":[{"href":"https:\/\/www.zunoticia.com\/noticias-de-hidalgo\/wp-json\/wp\/v2\/posts"}],"about":[{"href":"https:\/\/www.zunoticia.com\/noticias-de-hidalgo\/wp-json\/wp\/v2\/types\/post"}],"author":[{"embeddable":true,"href":"https:\/\/www.zunoticia.com\/noticias-de-hidalgo\/wp-json\/wp\/v2\/users\/12"}],"replies":[{"embeddable":true,"href":"https:\/\/www.zunoticia.com\/noticias-de-hidalgo\/wp-json\/wp\/v2\/comments?post=442282"}],"version-history":[{"count":1,"href":"https:\/\/www.zunoticia.com\/noticias-de-hidalgo\/wp-json\/wp\/v2\/posts\/442282\/revisions"}],"predecessor-version":[{"id":442283,"href":"https:\/\/www.zunoticia.com\/noticias-de-hidalgo\/wp-json\/wp\/v2\/posts\/442282\/revisions\/442283"}],"wp:featuredmedia":[{"embeddable":true,"href":"https:\/\/www.zunoticia.com\/noticias-de-hidalgo\/wp-json\/wp\/v2\/media\/442275"}],"wp:attachment":[{"href":"https:\/\/www.zunoticia.com\/noticias-de-hidalgo\/wp-json\/wp\/v2\/media?parent=442282"}],"wp:term":[{"taxonomy":"category","embeddable":true,"href":"https:\/\/www.zunoticia.com\/noticias-de-hidalgo\/wp-json\/wp\/v2\/categories?post=442282"},{"taxonomy":"post_tag","embeddable":true,"href":"https:\/\/www.zunoticia.com\/noticias-de-hidalgo\/wp-json\/wp\/v2\/tags?post=442282"}],"curies":[{"name":"wp","href":"https:\/\/api.w.org\/{rel}","templated":true}]}}