{"id":442290,"date":"2022-09-01T19:32:39","date_gmt":"2022-09-02T00:32:39","guid":{"rendered":"https:\/\/www.zunoticia.com\/noticias-de-hidalgo\/?p=442290"},"modified":"2022-09-01T19:32:41","modified_gmt":"2022-09-02T00:32:41","slug":"confian-en-el-gobierno-del-cambio-de-julio-menchaca","status":"publish","type":"post","link":"https:\/\/www.zunoticia.com\/noticias-de-hidalgo\/2022\/09\/01\/confian-en-el-gobierno-del-cambio-de-julio-menchaca\/","title":{"rendered":"Conf\u00edan en el gobierno del cambio de Julio Menchaca"},"content":{"rendered":"<aside class=\"mashsb-container mashsb-main mashsb-stretched\"><div class=\"mashsb-box\"><div class=\"mashsb-count mash-large\" style=\"float:left\"><div class=\"counts mashsbcount\">24<\/div><span class=\"mashsb-sharetext\">SHARES<\/span><\/div><div class=\"mashsb-buttons\"><a class=\"mashicon-facebook mash-large mash-center mashsb-noshadow\" href=\"https:\/\/www.facebook.com\/sharer.php?u=https%3A%2F%2Fwww.zunoticia.com%2Fnoticias-de-hidalgo%2F2022%2F09%2F01%2Fconfian-en-el-gobierno-del-cambio-de-julio-menchaca%2F\" target=\"_top\" rel=\"nofollow\"><span class=\"icon\"><\/span><span class=\"text\">Share<\/span><\/a><a class=\"mashicon-twitter mash-large mash-center mashsb-noshadow\" href=\"https:\/\/twitter.com\/intent\/tweet?text=&amp;url=https:\/\/www.zunoticia.com\/noticias-de-hidalgo\/2022\/09\/01\/confian-en-el-gobierno-del-cambio-de-julio-menchaca\/\" target=\"_top\" rel=\"nofollow\"><span class=\"icon\"><\/span><span class=\"text\">Tweet<\/span><\/a><div class=\"onoffswitch2 mash-large mashsb-noshadow\" style=\"display:none\"><\/div><\/div>\n            <\/div>\n                <div style=\"clear:both\"><\/div><div class=\"mashsb-toggle-container\"><\/div><\/aside>\n            <!-- Share buttons by mashshare.net - Version: 4.0.47-->\n<p><em>Por \u00c1ngel Silverio\/Zunoticia<\/em><\/p>\n\n\n\n<p><strong>Jaltoc\u00e1n, Hgo.-<\/strong> Luego de que este primero de septiembre el gobernador electo Julio Menchaca Salazar diera a conocer a su gabinete, ciudadanos en esta demarcaci\u00f3n externaron su opini\u00f3n mencionando que esperan un buen gobierno, pues es gente nueva en el cargo que ostentar\u00e1n.<\/p>\n\n\n\n<p>Al cuestionarle su opini\u00f3n al profesor Felipe Amador, indic\u00f3 que esperan un verdadero cambio en todas las dependencias, -&#8221; Son gente nueva, creo que podemos darle el voto de confianza al nuevo gobierno, el gobernador traer ganas de hacer las cosas bien para lograr la transformaci\u00f3n que requiere Hidalgo&#8221; cit\u00f3.<\/p>\n\n\n\n<p>En este sentido, el l\u00edder del comercio Lucio Romero se\u00f1al\u00f3 que est\u00e1n pendientes, \u201cDebemos inmiscuirnos en los temas de la pol\u00edtica, nosotros hicimos llegar una solicitud para la creaci\u00f3n de un mercado municipal y un corredor artesanal, confiamos en que el gobernador mire a Jaltoc\u00e1n como un municipio m\u00e1s, no por ser un municipio peque\u00f1o nos quieran ignorar como siempre, confiamos en que s\u00ed voltear\u00e1 a vernos&#8221;.<\/p>\n\n\n\n<p>Julio Menchaca Salazar, habr\u00e1 de tomar protesta como nuevo gobernador del Estado este pr\u00f3ximo 5 de septiembre, por lo que se espera que ciudadanos de esta municipalidad acudan al acto protocolario, al considerarse un hecho hist\u00f3rico para la entidad.<\/p>\n","protected":false},"excerpt":{"rendered":"<p>Por \u00c1ngel Silverio\/Zunoticia Jaltoc\u00e1n, Hgo.- Luego de que este primero de septiembre el gobernador electo Julio Menchaca Salazar diera a conocer a su gabinete, ciudadanos en esta demarcaci\u00f3n externaron su opini\u00f3n mencionando que esperan un buen gobierno, pues es gente nueva en el cargo que ostentar\u00e1n. Al cuestionarle su opini\u00f3n al profesor Felipe Amador, indic\u00f3&hellip; <a class=\"more-link\" href=\"https:\/\/www.zunoticia.com\/noticias-de-hidalgo\/2022\/09\/01\/confian-en-el-gobierno-del-cambio-de-julio-menchaca\/\">Seguir leyendo <span class=\"screen-reader-text\">Conf\u00edan en el gobierno del cambio de Julio Menchaca<\/span><\/a><\/p>\n","protected":false},"author":12,"featured_media":442285,"comment_status":"closed","ping_status":"open","sticky":false,"template":"","format":"standard","meta":{"rop_custom_images_group":[],"rop_custom_messages_group":[],"rop_publish_now":"initial","rop_publish_now_accounts":{"facebook_10159540855086992_322828327761733":""},"rop_publish_now_history":[],"rop_publish_now_status":"pending","footnotes":""},"categories":[200],"tags":[131],"class_list":["post-442290","post","type-post","status-publish","format-standard","has-post-thumbnail","hentry","category-jaltocan","tag-jaltocan","entry"],"_links":{"self":[{"href":"https:\/\/www.zunoticia.com\/noticias-de-hidalgo\/wp-json\/wp\/v2\/posts\/442290","targetHints":{"allow":["GET"]}}],"collection":[{"href":"https:\/\/www.zunoticia.com\/noticias-de-hidalgo\/wp-json\/wp\/v2\/posts"}],"about":[{"href":"https:\/\/www.zunoticia.com\/noticias-de-hidalgo\/wp-json\/wp\/v2\/types\/post"}],"author":[{"embeddable":true,"href":"https:\/\/www.zunoticia.com\/noticias-de-hidalgo\/wp-json\/wp\/v2\/users\/12"}],"replies":[{"embeddable":true,"href":"https:\/\/www.zunoticia.com\/noticias-de-hidalgo\/wp-json\/wp\/v2\/comments?post=442290"}],"version-history":[{"count":1,"href":"https:\/\/www.zunoticia.com\/noticias-de-hidalgo\/wp-json\/wp\/v2\/posts\/442290\/revisions"}],"predecessor-version":[{"id":442291,"href":"https:\/\/www.zunoticia.com\/noticias-de-hidalgo\/wp-json\/wp\/v2\/posts\/442290\/revisions\/442291"}],"wp:featuredmedia":[{"embeddable":true,"href":"https:\/\/www.zunoticia.com\/noticias-de-hidalgo\/wp-json\/wp\/v2\/media\/442285"}],"wp:attachment":[{"href":"https:\/\/www.zunoticia.com\/noticias-de-hidalgo\/wp-json\/wp\/v2\/media?parent=442290"}],"wp:term":[{"taxonomy":"category","embeddable":true,"href":"https:\/\/www.zunoticia.com\/noticias-de-hidalgo\/wp-json\/wp\/v2\/categories?post=442290"},{"taxonomy":"post_tag","embeddable":true,"href":"https:\/\/www.zunoticia.com\/noticias-de-hidalgo\/wp-json\/wp\/v2\/tags?post=442290"}],"curies":[{"name":"wp","href":"https:\/\/api.w.org\/{rel}","templated":true}]}}