{"id":442299,"date":"2022-09-01T20:24:01","date_gmt":"2022-09-02T01:24:01","guid":{"rendered":"https:\/\/www.zunoticia.com\/noticias-de-hidalgo\/?p=442299"},"modified":"2022-09-01T20:24:04","modified_gmt":"2022-09-02T01:24:04","slug":"auto-se-estrello-con-el-camellon","status":"publish","type":"post","link":"https:\/\/www.zunoticia.com\/noticias-de-hidalgo\/2022\/09\/01\/auto-se-estrello-con-el-camellon\/","title":{"rendered":"Auto se estrell\u00f3 con el camell\u00f3n"},"content":{"rendered":"<aside class=\"mashsb-container mashsb-main mashsb-stretched\"><div class=\"mashsb-box\"><div class=\"mashsb-count mash-large\" style=\"float:left\"><div class=\"counts mashsbcount\">25<\/div><span class=\"mashsb-sharetext\">SHARES<\/span><\/div><div class=\"mashsb-buttons\"><a class=\"mashicon-facebook mash-large mash-center mashsb-noshadow\" href=\"https:\/\/www.facebook.com\/sharer.php?u=https%3A%2F%2Fwww.zunoticia.com%2Fnoticias-de-hidalgo%2F2022%2F09%2F01%2Fauto-se-estrello-con-el-camellon%2F\" target=\"_top\" rel=\"nofollow\"><span class=\"icon\"><\/span><span class=\"text\">Share<\/span><\/a><a class=\"mashicon-twitter mash-large mash-center mashsb-noshadow\" href=\"https:\/\/twitter.com\/intent\/tweet?text=&amp;url=https:\/\/www.zunoticia.com\/noticias-de-hidalgo\/2022\/09\/01\/auto-se-estrello-con-el-camellon\/\" target=\"_top\" rel=\"nofollow\"><span class=\"icon\"><\/span><span class=\"text\">Tweet<\/span><\/a><div class=\"onoffswitch2 mash-large mashsb-noshadow\" style=\"display:none\"><\/div><\/div>\n            <\/div>\n                <div style=\"clear:both\"><\/div><div class=\"mashsb-toggle-container\"><\/div><\/aside>\n            <!-- Share buttons by mashshare.net - Version: 4.0.47-->\n<p><em>Por Redacci\u00f3n\/Zunoticia<\/em><\/p>\n\n\n\n<p><strong>Huejutla, Hgo.-<\/strong> Un veh\u00edculo particular sufri\u00f3 cuantiosos da\u00f1os materiales tras haberse impactado contra el camell\u00f3n central para evitar ser impactado por otro veh\u00edculo.<\/p>\n\n\n\n<p>Los hechos ocurrieron durante el transcurso de la tarde del jueves sobre la carretera M\u00e9xico \u2013 Tampico, a la altura de la tienda comercial Chedraui, cuando elementos de Seguridad P\u00fablica y Tr\u00e1nsito Municipal fueron movilizados, debido a que el conductor de un autom\u00f3vil particular hab\u00eda sufrido un aparatoso accidente tras haberse impactado presuntamente contra el camell\u00f3n central.<\/p>\n\n\n\n<figure class=\"wp-block-image size-full\"><img fetchpriority=\"high\" decoding=\"async\" width=\"839\" height=\"497\" src=\"https:\/\/www.zunoticia.com\/noticias-de-hidalgo\/wp-content\/uploads\/2022\/09\/Policiaca3a.jpeg\" alt=\"\" class=\"wp-image-442301\" srcset=\"https:\/\/www.zunoticia.com\/noticias-de-hidalgo\/wp-content\/uploads\/2022\/09\/Policiaca3a.jpeg 839w, https:\/\/www.zunoticia.com\/noticias-de-hidalgo\/wp-content\/uploads\/2022\/09\/Policiaca3a-300x178.jpeg 300w, https:\/\/www.zunoticia.com\/noticias-de-hidalgo\/wp-content\/uploads\/2022\/09\/Policiaca3a-768x455.jpeg 768w\" sizes=\"(max-width: 839px) 100vw, 839px\" \/><\/figure>\n\n\n\n<p>Los uniformados de inmediato acudieron al lugar para tomar conocimiento, donde localizaron un auto color azul con serios da\u00f1os materiales en la parte frontal, as\u00ed mismo el tripulante coment\u00f3 que al intentar salir de la gasolinera que se ubica en esa zona estuvo a punto de ser impactado por una camioneta, motivo por el cual termin\u00f3 estrell\u00e1ndose contra el camell\u00f3n, as\u00ed mismo por fortuna no se reportaron personas lesionadas, de igual forma el propietario mencion\u00f3 que se encargar\u00eda de sus da\u00f1os.<\/p>\n","protected":false},"excerpt":{"rendered":"<p>Por Redacci\u00f3n\/Zunoticia Huejutla, Hgo.- Un veh\u00edculo particular sufri\u00f3 cuantiosos da\u00f1os materiales tras haberse impactado contra el camell\u00f3n central para evitar ser impactado por otro veh\u00edculo. Los hechos ocurrieron durante el transcurso de la tarde del jueves sobre la carretera M\u00e9xico \u2013 Tampico, a la altura de la tienda comercial Chedraui, cuando elementos de Seguridad P\u00fablica&hellip; <a class=\"more-link\" href=\"https:\/\/www.zunoticia.com\/noticias-de-hidalgo\/2022\/09\/01\/auto-se-estrello-con-el-camellon\/\">Seguir leyendo <span class=\"screen-reader-text\">Auto se estrell\u00f3 con el camell\u00f3n<\/span><\/a><\/p>\n","protected":false},"author":12,"featured_media":442300,"comment_status":"closed","ping_status":"open","sticky":false,"template":"","format":"standard","meta":{"rop_custom_images_group":[],"rop_custom_messages_group":[],"rop_publish_now":"initial","rop_publish_now_accounts":{"facebook_10159540855086992_322828327761733":""},"rop_publish_now_history":[],"rop_publish_now_status":"pending","footnotes":""},"categories":[178],"tags":[259],"class_list":["post-442299","post","type-post","status-publish","format-standard","has-post-thumbnail","hentry","category-policiaca","tag-policiaca","entry"],"_links":{"self":[{"href":"https:\/\/www.zunoticia.com\/noticias-de-hidalgo\/wp-json\/wp\/v2\/posts\/442299","targetHints":{"allow":["GET"]}}],"collection":[{"href":"https:\/\/www.zunoticia.com\/noticias-de-hidalgo\/wp-json\/wp\/v2\/posts"}],"about":[{"href":"https:\/\/www.zunoticia.com\/noticias-de-hidalgo\/wp-json\/wp\/v2\/types\/post"}],"author":[{"embeddable":true,"href":"https:\/\/www.zunoticia.com\/noticias-de-hidalgo\/wp-json\/wp\/v2\/users\/12"}],"replies":[{"embeddable":true,"href":"https:\/\/www.zunoticia.com\/noticias-de-hidalgo\/wp-json\/wp\/v2\/comments?post=442299"}],"version-history":[{"count":1,"href":"https:\/\/www.zunoticia.com\/noticias-de-hidalgo\/wp-json\/wp\/v2\/posts\/442299\/revisions"}],"predecessor-version":[{"id":442302,"href":"https:\/\/www.zunoticia.com\/noticias-de-hidalgo\/wp-json\/wp\/v2\/posts\/442299\/revisions\/442302"}],"wp:featuredmedia":[{"embeddable":true,"href":"https:\/\/www.zunoticia.com\/noticias-de-hidalgo\/wp-json\/wp\/v2\/media\/442300"}],"wp:attachment":[{"href":"https:\/\/www.zunoticia.com\/noticias-de-hidalgo\/wp-json\/wp\/v2\/media?parent=442299"}],"wp:term":[{"taxonomy":"category","embeddable":true,"href":"https:\/\/www.zunoticia.com\/noticias-de-hidalgo\/wp-json\/wp\/v2\/categories?post=442299"},{"taxonomy":"post_tag","embeddable":true,"href":"https:\/\/www.zunoticia.com\/noticias-de-hidalgo\/wp-json\/wp\/v2\/tags?post=442299"}],"curies":[{"name":"wp","href":"https:\/\/api.w.org\/{rel}","templated":true}]}}