{"id":442303,"date":"2022-09-01T21:13:26","date_gmt":"2022-09-02T02:13:26","guid":{"rendered":"https:\/\/www.zunoticia.com\/noticias-de-hidalgo\/?p=442303"},"modified":"2022-09-01T21:13:29","modified_gmt":"2022-09-02T02:13:29","slug":"hidalgo-primera-entidad-en-consolidar-agenda-estatal-de-inteligencia","status":"publish","type":"post","link":"https:\/\/www.zunoticia.com\/noticias-de-hidalgo\/2022\/09\/01\/hidalgo-primera-entidad-en-consolidar-agenda-estatal-de-inteligencia\/","title":{"rendered":"Hidalgo, primera entidad en consolidar agenda estatal de inteligencia"},"content":{"rendered":"<aside class=\"mashsb-container mashsb-main mashsb-stretched\"><div class=\"mashsb-box\"><div class=\"mashsb-count mash-large\" style=\"float:left\"><div class=\"counts mashsbcount\">35<\/div><span class=\"mashsb-sharetext\">SHARES<\/span><\/div><div class=\"mashsb-buttons\"><a class=\"mashicon-facebook mash-large mash-center mashsb-noshadow\" href=\"https:\/\/www.facebook.com\/sharer.php?u=https%3A%2F%2Fwww.zunoticia.com%2Fnoticias-de-hidalgo%2F2022%2F09%2F01%2Fhidalgo-primera-entidad-en-consolidar-agenda-estatal-de-inteligencia%2F\" target=\"_top\" rel=\"nofollow\"><span class=\"icon\"><\/span><span class=\"text\">Share<\/span><\/a><a class=\"mashicon-twitter mash-large mash-center mashsb-noshadow\" href=\"https:\/\/twitter.com\/intent\/tweet?text=&amp;url=https:\/\/www.zunoticia.com\/noticias-de-hidalgo\/2022\/09\/01\/hidalgo-primera-entidad-en-consolidar-agenda-estatal-de-inteligencia\/\" target=\"_top\" rel=\"nofollow\"><span class=\"icon\"><\/span><span class=\"text\">Tweet<\/span><\/a><div class=\"onoffswitch2 mash-large mashsb-noshadow\" style=\"display:none\"><\/div><\/div>\n            <\/div>\n                <div style=\"clear:both\"><\/div><div class=\"mashsb-toggle-container\"><\/div><\/aside>\n            <!-- Share buttons by mashshare.net - Version: 4.0.47-->\n<ul class=\"wp-block-list\"><li>Como parte del proceso de entrega-recepci\u00f3n el gobernador Fayad<strong> <\/strong>incluir\u00e1 la Agenda Estatal de Riesgos y Directiva para la Seguridad<strong><\/strong><\/li><\/ul>\n\n\n\n<p><em>Por Redacci\u00f3n\/Zunoticia &nbsp;<\/em><\/p>\n\n\n\n<p><strong>Pachuca, Hgo.-<\/strong> El gobernador Omar Fayad tom\u00f3 el Consejo Estatal de Inteligencia y tom\u00f3 protesta a sus integrantes, a quienes entreg\u00f3 la Agenda Estatal de Riesgos y Directiva para la Seguridad del Estado, la cual permitir\u00e1 a la administraci\u00f3n estatal contar con una visi\u00f3n amplia que fortalezca la seguridad en la entidad y sume a las autoridades municipales a trav\u00e9s de una estrecha coordinaci\u00f3n.<\/p>\n\n\n\n<p>\u201cCon la instalaci\u00f3n de este consejo, buscamos que Hidalgo permanezca sin duda, entre las cinco entidades m\u00e1s pac\u00edficas y seguras del pa\u00eds, la creaci\u00f3n permite al gobierno mantenerse al resguardo en materia de pol\u00edticas p\u00fablicas de seguridad, pero, sobre todo, porque es un espacio formal de cooperaci\u00f3n intersecretarial\u201d.<\/p>\n\n\n\n<p>Este producto de inteligencia desarrollado en su integraci\u00f3n por parte de la Central Estatal de Informaci\u00f3n, Investigaci\u00f3n e Inteligencia, que encabeza Eduardo Zer\u00f3n Garc\u00eda, es de car\u00e1cter confidencial y permite atender y mitigar las amenazas que vulneren la seguridad del Estado.<\/p>\n\n\n\n<p>De acuerdo con Zer\u00f3n Garc\u00eda, la Agenda Estatal de Riesgos, era desde hace 33 a\u00f1os un producto exclusivo del antes denominado Cisen, hoy Centro Nacional de Inteligencia, lo que le convierte a Fayad en el primer mandatario y a Hidalgo en el primer estado, que consolida un producto de inteligencia de este tipo, desde una instancia plena facultada para servir a los hidalguenses.<\/p>\n\n\n\n<p>Este espacio formal, abarca las secretar\u00edas y distintas dependencias, con la finalidad de que se alcance una estrecha colaboraci\u00f3n con el Consejo Nacional de Inteligencia y que a su vez se sume a los municipios dentro de dicha estrategia.<\/p>\n\n\n\n<p>\u201cComo el primer paso para fortalecer la seguridad del estado en Hidalgo la incluyo en la carpeta de entrega-recepci\u00f3n, para que est\u00e9 en manos del gobernador electo, una vez que haya rendido protesta y asumido la responsabilidad para que le dejemos la agenda de riesgos, que tiene que ver con los temas de inteligencia para la mitigaci\u00f3n y atenci\u00f3n de los riesgos y amenazas a la seguridad del estado desde estratos como el de la delincuencia y el combate a la violencia, temas ambientales, econ\u00f3micos y de diversas \u00edndoles\u201d, asegur\u00f3 el mandatario.<\/p>\n\n\n\n<p>El Consejo Estatal de Inteligencia lo preside el titular del Poder Ejecutivo estatal; en tanto que el secretario t\u00e9cnico del Consejo ser\u00e1 el coordinador general de la Central estatal de Informaci\u00f3n, Investigaci\u00f3n e Inteligencia; as\u00ed mismo, est\u00e1 &nbsp;integrado por los titulares de las Secretar\u00edas de Gobierno, Ejecutiva de la Pol\u00edtica P\u00fablica, Finanzas P\u00fablicas, Desarrollo Econ\u00f3mico, Seguridad P\u00fablica, Salud, Medio Ambiente y Recursos Naturales, Desarrollo Agropecuario, Obras P\u00fablicas y Ordenamiento Territorial, Movilidad y Transporte, Desarrollo Social, Educaci\u00f3n P\u00fablica, Cultura, la Unidad de Planeaci\u00f3n y Prospectiva; as\u00ed como el Secretariado Ejecutivo del Consejo Estatal de Seguridad P\u00fablica.<\/p>\n","protected":false},"excerpt":{"rendered":"<p>Como parte del proceso de entrega-recepci\u00f3n el gobernador Fayad incluir\u00e1 la Agenda Estatal de Riesgos y Directiva para la Seguridad Por Redacci\u00f3n\/Zunoticia &nbsp; Pachuca, Hgo.- El gobernador Omar Fayad tom\u00f3 el Consejo Estatal de Inteligencia y tom\u00f3 protesta a sus integrantes, a quienes entreg\u00f3 la Agenda Estatal de Riesgos y Directiva para la Seguridad del&hellip; <a class=\"more-link\" href=\"https:\/\/www.zunoticia.com\/noticias-de-hidalgo\/2022\/09\/01\/hidalgo-primera-entidad-en-consolidar-agenda-estatal-de-inteligencia\/\">Seguir leyendo <span class=\"screen-reader-text\">Hidalgo, primera entidad en consolidar agenda estatal de inteligencia<\/span><\/a><\/p>\n","protected":false},"author":12,"featured_media":442304,"comment_status":"closed","ping_status":"open","sticky":false,"template":"","format":"standard","meta":{"rop_custom_images_group":[],"rop_custom_messages_group":[],"rop_publish_now":"initial","rop_publish_now_accounts":{"facebook_10159540855086992_322828327761733":""},"rop_publish_now_history":[],"rop_publish_now_status":"pending","footnotes":""},"categories":[208],"tags":[214],"class_list":["post-442303","post","type-post","status-publish","format-standard","has-post-thumbnail","hentry","category-estado","tag-estado","entry"],"_links":{"self":[{"href":"https:\/\/www.zunoticia.com\/noticias-de-hidalgo\/wp-json\/wp\/v2\/posts\/442303","targetHints":{"allow":["GET"]}}],"collection":[{"href":"https:\/\/www.zunoticia.com\/noticias-de-hidalgo\/wp-json\/wp\/v2\/posts"}],"about":[{"href":"https:\/\/www.zunoticia.com\/noticias-de-hidalgo\/wp-json\/wp\/v2\/types\/post"}],"author":[{"embeddable":true,"href":"https:\/\/www.zunoticia.com\/noticias-de-hidalgo\/wp-json\/wp\/v2\/users\/12"}],"replies":[{"embeddable":true,"href":"https:\/\/www.zunoticia.com\/noticias-de-hidalgo\/wp-json\/wp\/v2\/comments?post=442303"}],"version-history":[{"count":1,"href":"https:\/\/www.zunoticia.com\/noticias-de-hidalgo\/wp-json\/wp\/v2\/posts\/442303\/revisions"}],"predecessor-version":[{"id":442319,"href":"https:\/\/www.zunoticia.com\/noticias-de-hidalgo\/wp-json\/wp\/v2\/posts\/442303\/revisions\/442319"}],"wp:featuredmedia":[{"embeddable":true,"href":"https:\/\/www.zunoticia.com\/noticias-de-hidalgo\/wp-json\/wp\/v2\/media\/442304"}],"wp:attachment":[{"href":"https:\/\/www.zunoticia.com\/noticias-de-hidalgo\/wp-json\/wp\/v2\/media?parent=442303"}],"wp:term":[{"taxonomy":"category","embeddable":true,"href":"https:\/\/www.zunoticia.com\/noticias-de-hidalgo\/wp-json\/wp\/v2\/categories?post=442303"},{"taxonomy":"post_tag","embeddable":true,"href":"https:\/\/www.zunoticia.com\/noticias-de-hidalgo\/wp-json\/wp\/v2\/tags?post=442303"}],"curies":[{"name":"wp","href":"https:\/\/api.w.org\/{rel}","templated":true}]}}