{"id":442657,"date":"2022-09-04T16:40:33","date_gmt":"2022-09-04T21:40:33","guid":{"rendered":"https:\/\/www.zunoticia.com\/noticias-de-hidalgo\/?p=442657"},"modified":"2022-09-04T16:40:35","modified_gmt":"2022-09-04T21:40:35","slug":"por-complicaciones-de-salud-trasladan-via-aerea-a-subsecretario-de-gobierno","status":"publish","type":"post","link":"https:\/\/www.zunoticia.com\/noticias-de-hidalgo\/2022\/09\/04\/por-complicaciones-de-salud-trasladan-via-aerea-a-subsecretario-de-gobierno\/","title":{"rendered":"Por complicaciones de salud trasladan v\u00eda a\u00e9rea a Subsecretario de Gobierno"},"content":{"rendered":"<aside class=\"mashsb-container mashsb-main mashsb-stretched\"><div class=\"mashsb-box\"><div class=\"mashsb-count mash-large\" style=\"float:left\"><div class=\"counts mashsbcount\">27<\/div><span class=\"mashsb-sharetext\">SHARES<\/span><\/div><div class=\"mashsb-buttons\"><a class=\"mashicon-facebook mash-large mash-center mashsb-noshadow\" href=\"https:\/\/www.facebook.com\/sharer.php?u=https%3A%2F%2Fwww.zunoticia.com%2Fnoticias-de-hidalgo%2F2022%2F09%2F04%2Fpor-complicaciones-de-salud-trasladan-via-aerea-a-subsecretario-de-gobierno%2F\" target=\"_top\" rel=\"nofollow\"><span class=\"icon\"><\/span><span class=\"text\">Share<\/span><\/a><a class=\"mashicon-twitter mash-large mash-center mashsb-noshadow\" href=\"https:\/\/twitter.com\/intent\/tweet?text=&amp;url=https:\/\/www.zunoticia.com\/noticias-de-hidalgo\/2022\/09\/04\/por-complicaciones-de-salud-trasladan-via-aerea-a-subsecretario-de-gobierno\/\" target=\"_top\" rel=\"nofollow\"><span class=\"icon\"><\/span><span class=\"text\">Tweet<\/span><\/a><div class=\"onoffswitch2 mash-large mashsb-noshadow\" style=\"display:none\"><\/div><\/div>\n            <\/div>\n                <div style=\"clear:both\"><\/div><div class=\"mashsb-toggle-container\"><\/div><\/aside>\n            <!-- Share buttons by mashshare.net - Version: 4.0.47-->\n<p><em>Por Francisco Rosas\/Zunoticia<\/em><\/p>\n\n\n\n<p><strong>Huejutla, Hgo.-<\/strong> Por complicaciones de salud, la tarde de este domingo, el Subsecretario de Gobierno en la Huasteca, Jos\u00e9 Antonio Vital P\u00e9rez, fue trasladado v\u00eda a\u00e9rea a un hospital de la Ciudad de M\u00e9xico.<\/p>\n\n\n\n<p>Trascendi\u00f3 que el funcionario presuntamente sufri\u00f3 un preinfarto y estaba internado en la cl\u00ednica del ISSSTE, sin embargo, como requiere de atenci\u00f3n m\u00e9dica especializada, fue llevado al hospital 20 de Noviembre.<\/p>\n\n\n\n<p>Vital P\u00e9rez fue trasladado en un helic\u00f3ptero del gobierno del estado, el cual despeg\u00f3 a las 13:00 horas del helipuerto de la Unidad de Servicios Estatales, ubicado en la calle Pablo Anaya de la colonia Aviaci\u00f3n Civil de esta ciudad.<\/p>\n","protected":false},"excerpt":{"rendered":"<p>Por Francisco Rosas\/Zunoticia Huejutla, Hgo.- Por complicaciones de salud, la tarde de este domingo, el Subsecretario de Gobierno en la Huasteca, Jos\u00e9 Antonio Vital P\u00e9rez, fue trasladado v\u00eda a\u00e9rea a un hospital de la Ciudad de M\u00e9xico. Trascendi\u00f3 que el funcionario presuntamente sufri\u00f3 un preinfarto y estaba internado en la cl\u00ednica del ISSSTE, sin embargo,&hellip; <a class=\"more-link\" href=\"https:\/\/www.zunoticia.com\/noticias-de-hidalgo\/2022\/09\/04\/por-complicaciones-de-salud-trasladan-via-aerea-a-subsecretario-de-gobierno\/\">Seguir leyendo <span class=\"screen-reader-text\">Por complicaciones de salud trasladan v\u00eda a\u00e9rea a Subsecretario de Gobierno<\/span><\/a><\/p>\n","protected":false},"author":12,"featured_media":442660,"comment_status":"closed","ping_status":"open","sticky":false,"template":"","format":"standard","meta":{"rop_custom_images_group":[],"rop_custom_messages_group":[],"rop_publish_now":"initial","rop_publish_now_accounts":{"facebook_10159540855086992_322828327761733":""},"rop_publish_now_history":[],"rop_publish_now_status":"pending","footnotes":""},"categories":[181],"tags":[121],"class_list":["post-442657","post","type-post","status-publish","format-standard","has-post-thumbnail","hentry","category-huejutla","tag-huejutla","entry"],"_links":{"self":[{"href":"https:\/\/www.zunoticia.com\/noticias-de-hidalgo\/wp-json\/wp\/v2\/posts\/442657","targetHints":{"allow":["GET"]}}],"collection":[{"href":"https:\/\/www.zunoticia.com\/noticias-de-hidalgo\/wp-json\/wp\/v2\/posts"}],"about":[{"href":"https:\/\/www.zunoticia.com\/noticias-de-hidalgo\/wp-json\/wp\/v2\/types\/post"}],"author":[{"embeddable":true,"href":"https:\/\/www.zunoticia.com\/noticias-de-hidalgo\/wp-json\/wp\/v2\/users\/12"}],"replies":[{"embeddable":true,"href":"https:\/\/www.zunoticia.com\/noticias-de-hidalgo\/wp-json\/wp\/v2\/comments?post=442657"}],"version-history":[{"count":1,"href":"https:\/\/www.zunoticia.com\/noticias-de-hidalgo\/wp-json\/wp\/v2\/posts\/442657\/revisions"}],"predecessor-version":[{"id":442669,"href":"https:\/\/www.zunoticia.com\/noticias-de-hidalgo\/wp-json\/wp\/v2\/posts\/442657\/revisions\/442669"}],"wp:featuredmedia":[{"embeddable":true,"href":"https:\/\/www.zunoticia.com\/noticias-de-hidalgo\/wp-json\/wp\/v2\/media\/442660"}],"wp:attachment":[{"href":"https:\/\/www.zunoticia.com\/noticias-de-hidalgo\/wp-json\/wp\/v2\/media?parent=442657"}],"wp:term":[{"taxonomy":"category","embeddable":true,"href":"https:\/\/www.zunoticia.com\/noticias-de-hidalgo\/wp-json\/wp\/v2\/categories?post=442657"},{"taxonomy":"post_tag","embeddable":true,"href":"https:\/\/www.zunoticia.com\/noticias-de-hidalgo\/wp-json\/wp\/v2\/tags?post=442657"}],"curies":[{"name":"wp","href":"https:\/\/api.w.org\/{rel}","templated":true}]}}