{"id":442674,"date":"2022-09-04T17:10:10","date_gmt":"2022-09-04T22:10:10","guid":{"rendered":"https:\/\/www.zunoticia.com\/noticias-de-hidalgo\/?p=442674"},"modified":"2022-09-04T17:10:12","modified_gmt":"2022-09-04T22:10:12","slug":"sistema-dif-local-entrego-despensas","status":"publish","type":"post","link":"https:\/\/www.zunoticia.com\/noticias-de-hidalgo\/2022\/09\/04\/sistema-dif-local-entrego-despensas\/","title":{"rendered":"Sistema DIF local entreg\u00f3 despensas"},"content":{"rendered":"<aside class=\"mashsb-container mashsb-main mashsb-stretched\"><div class=\"mashsb-box\"><div class=\"mashsb-count mash-large\" style=\"float:left\"><div class=\"counts mashsbcount\">34<\/div><span class=\"mashsb-sharetext\">SHARES<\/span><\/div><div class=\"mashsb-buttons\"><a class=\"mashicon-facebook mash-large mash-center mashsb-noshadow\" href=\"https:\/\/www.facebook.com\/sharer.php?u=https%3A%2F%2Fwww.zunoticia.com%2Fnoticias-de-hidalgo%2F2022%2F09%2F04%2Fsistema-dif-local-entrego-despensas%2F\" target=\"_top\" rel=\"nofollow\"><span class=\"icon\"><\/span><span class=\"text\">Share<\/span><\/a><a class=\"mashicon-twitter mash-large mash-center mashsb-noshadow\" href=\"https:\/\/twitter.com\/intent\/tweet?text=&amp;url=https:\/\/www.zunoticia.com\/noticias-de-hidalgo\/2022\/09\/04\/sistema-dif-local-entrego-despensas\/\" target=\"_top\" rel=\"nofollow\"><span class=\"icon\"><\/span><span class=\"text\">Tweet<\/span><\/a><div class=\"onoffswitch2 mash-large mashsb-noshadow\" style=\"display:none\"><\/div><\/div>\n            <\/div>\n                <div style=\"clear:both\"><\/div><div class=\"mashsb-toggle-container\"><\/div><\/aside>\n            <!-- Share buttons by mashshare.net - Version: 4.0.47-->\n<p><em>Por Roberto Meza\/Zunoticia<\/em><\/p>\n\n\n\n<p><strong>Yahualica, Hgo.-<\/strong> El Sistema para el Desarrollo Integral de la Familia de este municipio, que preside la maestra Patricia Rodr\u00edguez Murillo, en coordinaci\u00f3n con El Sistema DIF Estatal, realizaron la entrega de despensas a muchas familias de escasos recursos econ\u00f3micos de dos comunidades, con esto tendr\u00e1n una alimentaci\u00f3n adecuada.<\/p>\n\n\n\n<p>La titular del DIF local dijo que se logr\u00f3 la gesti\u00f3n de 100 dotaciones por el Programa de asistencia social alimentaria a personas en situaci\u00f3n de emergencia, en donde fueron beneficiadas familias de las comunidades del Arenal y Tlalchiyahualica, por lo que la presidente de este organismo acudi\u00f3 a entregar los beneficios.<\/p>\n\n\n\n<figure class=\"wp-block-image size-full\"><img fetchpriority=\"high\" decoding=\"async\" width=\"720\" height=\"960\" src=\"https:\/\/www.zunoticia.com\/noticias-de-hidalgo\/wp-content\/uploads\/2022\/09\/eZy-Watermark-04-09-2022-04-32-34p.m..jpg\" alt=\"\" class=\"wp-image-442659\" srcset=\"https:\/\/www.zunoticia.com\/noticias-de-hidalgo\/wp-content\/uploads\/2022\/09\/eZy-Watermark-04-09-2022-04-32-34p.m..jpg 720w, https:\/\/www.zunoticia.com\/noticias-de-hidalgo\/wp-content\/uploads\/2022\/09\/eZy-Watermark-04-09-2022-04-32-34p.m.-225x300.jpg 225w\" sizes=\"(max-width: 720px) 100vw, 720px\" \/><\/figure>\n\n\n\n<p>Rodr\u00edguez Murillo, apunt\u00f3 que es un gran gusto poder seguir trabajando en unidad si distinci\u00f3n de colores y poder seguir generando acciones que favorezcan a todas las familias yahualiquenses, principalmente a las m\u00e1s necesitadas y en eso se est\u00e1 trabajando para bien de todos.<\/p>\n","protected":false},"excerpt":{"rendered":"<p>Por Roberto Meza\/Zunoticia Yahualica, Hgo.- El Sistema para el Desarrollo Integral de la Familia de este municipio, que preside la maestra Patricia Rodr\u00edguez Murillo, en coordinaci\u00f3n con El Sistema DIF Estatal, realizaron la entrega de despensas a muchas familias de escasos recursos econ\u00f3micos de dos comunidades, con esto tendr\u00e1n una alimentaci\u00f3n adecuada. La titular del&hellip; <a class=\"more-link\" href=\"https:\/\/www.zunoticia.com\/noticias-de-hidalgo\/2022\/09\/04\/sistema-dif-local-entrego-despensas\/\">Seguir leyendo <span class=\"screen-reader-text\">Sistema DIF local entreg\u00f3 despensas<\/span><\/a><\/p>\n","protected":false},"author":12,"featured_media":442658,"comment_status":"closed","ping_status":"open","sticky":false,"template":"","format":"standard","meta":{"rop_custom_images_group":[],"rop_custom_messages_group":[],"rop_publish_now":"initial","rop_publish_now_accounts":{"facebook_10159540855086992_322828327761733":""},"rop_publish_now_history":[],"rop_publish_now_status":"pending","footnotes":""},"categories":[179,203],"tags":[123],"class_list":["post-442674","post","type-post","status-publish","format-standard","has-post-thumbnail","hentry","category-huasteca","category-yahualica","tag-yahualica","entry"],"_links":{"self":[{"href":"https:\/\/www.zunoticia.com\/noticias-de-hidalgo\/wp-json\/wp\/v2\/posts\/442674","targetHints":{"allow":["GET"]}}],"collection":[{"href":"https:\/\/www.zunoticia.com\/noticias-de-hidalgo\/wp-json\/wp\/v2\/posts"}],"about":[{"href":"https:\/\/www.zunoticia.com\/noticias-de-hidalgo\/wp-json\/wp\/v2\/types\/post"}],"author":[{"embeddable":true,"href":"https:\/\/www.zunoticia.com\/noticias-de-hidalgo\/wp-json\/wp\/v2\/users\/12"}],"replies":[{"embeddable":true,"href":"https:\/\/www.zunoticia.com\/noticias-de-hidalgo\/wp-json\/wp\/v2\/comments?post=442674"}],"version-history":[{"count":1,"href":"https:\/\/www.zunoticia.com\/noticias-de-hidalgo\/wp-json\/wp\/v2\/posts\/442674\/revisions"}],"predecessor-version":[{"id":442675,"href":"https:\/\/www.zunoticia.com\/noticias-de-hidalgo\/wp-json\/wp\/v2\/posts\/442674\/revisions\/442675"}],"wp:featuredmedia":[{"embeddable":true,"href":"https:\/\/www.zunoticia.com\/noticias-de-hidalgo\/wp-json\/wp\/v2\/media\/442658"}],"wp:attachment":[{"href":"https:\/\/www.zunoticia.com\/noticias-de-hidalgo\/wp-json\/wp\/v2\/media?parent=442674"}],"wp:term":[{"taxonomy":"category","embeddable":true,"href":"https:\/\/www.zunoticia.com\/noticias-de-hidalgo\/wp-json\/wp\/v2\/categories?post=442674"},{"taxonomy":"post_tag","embeddable":true,"href":"https:\/\/www.zunoticia.com\/noticias-de-hidalgo\/wp-json\/wp\/v2\/tags?post=442674"}],"curies":[{"name":"wp","href":"https:\/\/api.w.org\/{rel}","templated":true}]}}