{"id":442680,"date":"2022-09-04T17:43:50","date_gmt":"2022-09-04T22:43:50","guid":{"rendered":"https:\/\/www.zunoticia.com\/noticias-de-hidalgo\/?p=442680"},"modified":"2022-09-04T17:43:52","modified_gmt":"2022-09-04T22:43:52","slug":"solicitan-pronta-reparacion-de-peldano-del-templete-de-la-torre-del-reloj","status":"publish","type":"post","link":"https:\/\/www.zunoticia.com\/noticias-de-hidalgo\/2022\/09\/04\/solicitan-pronta-reparacion-de-peldano-del-templete-de-la-torre-del-reloj\/","title":{"rendered":"Solicitan pronta reparaci\u00f3n de pelda\u00f1o del templete de la Torre del Reloj"},"content":{"rendered":"<aside class=\"mashsb-container mashsb-main mashsb-stretched\"><div class=\"mashsb-box\"><div class=\"mashsb-count mash-large\" style=\"float:left\"><div class=\"counts mashsbcount\">54<\/div><span class=\"mashsb-sharetext\">SHARES<\/span><\/div><div class=\"mashsb-buttons\"><a class=\"mashicon-facebook mash-large mash-center mashsb-noshadow\" href=\"https:\/\/www.facebook.com\/sharer.php?u=https%3A%2F%2Fwww.zunoticia.com%2Fnoticias-de-hidalgo%2F2022%2F09%2F04%2Fsolicitan-pronta-reparacion-de-peldano-del-templete-de-la-torre-del-reloj%2F\" target=\"_top\" rel=\"nofollow\"><span class=\"icon\"><\/span><span class=\"text\">Share<\/span><\/a><a class=\"mashicon-twitter mash-large mash-center mashsb-noshadow\" href=\"https:\/\/twitter.com\/intent\/tweet?text=&amp;url=https:\/\/www.zunoticia.com\/noticias-de-hidalgo\/2022\/09\/04\/solicitan-pronta-reparacion-de-peldano-del-templete-de-la-torre-del-reloj\/\" target=\"_top\" rel=\"nofollow\"><span class=\"icon\"><\/span><span class=\"text\">Tweet<\/span><\/a><div class=\"onoffswitch2 mash-large mashsb-noshadow\" style=\"display:none\"><\/div><\/div>\n            <\/div>\n                <div style=\"clear:both\"><\/div><div class=\"mashsb-toggle-container\"><\/div><\/aside>\n            <!-- Share buttons by mashshare.net - Version: 4.0.47-->\n<p><em>Por Salvador Altamirano\/Zunoticia<\/em><\/p>\n\n\n\n<p><strong>Huejutla, Hgo.-<\/strong> Personas interesadas en preservar en perfecto estado el Centro Hist\u00f3rico, solicitan la pronta reparaci\u00f3n de uno de los pelda\u00f1os de la escalera de acceso al templete de la Torre del Reloj P\u00fablico, el cual supuestamente fue destrozado durante labores de mejoramiento que se llevan a cabo en la Plaza de la Revoluci\u00f3n Mexicana.<\/p>\n\n\n\n<p>Expresaron algunas personas que presenciaron el hecho, detallando que seg\u00fan empleados del municipio levantaron con un montacargas uno de los transformadores que est\u00e1n en el sector y lo colocaron en el pelda\u00f1o, el cuan no soport\u00f3 el peso y se despedaz\u00f3 el cemento.<\/p>\n\n\n\n<p>Quien se identific\u00f3 con el nombre de Manuel Regino Morales, enfatiz\u00f3 que el menoscabo fue resultado de un accidente laboral, lo cual es dispensable, pero si es necesario -acentu\u00f3-, que a la brevedad posible se repare el da\u00f1o, ya que est\u00e1 en un sitio p\u00fablico muy concurrido.<\/p>\n\n\n\n<p>Agreg\u00f3 que la precitada escalera es utilizada por personas que a diario van al Centro Hist\u00f3rico, entre ellos ni\u00f1os y adultos mayores, quienes, por la edad, una que inicia y otra avanzada, son voluntariosos y no admiten advertencias, y podr\u00edan tropezar con los fragmentos de cemento y caerse.<\/p>\n\n\n\n<p>Para finalizar, coment\u00f3 que ya est\u00e1 pr\u00f3xima la tradici\u00f3n m\u00e1s festiva de M\u00e9xico, el 15 de septiembre, para cuyo efecto se movi\u00f3 el transformador, para la instalaci\u00f3n de los adornos patrios, por lo que en esa fecha gloriosa el Centro Hist\u00f3rico en pleno debe de estar en \u00f3ptimas condiciones.<\/p>\n","protected":false},"excerpt":{"rendered":"<p>Por Salvador Altamirano\/Zunoticia Huejutla, Hgo.- Personas interesadas en preservar en perfecto estado el Centro Hist\u00f3rico, solicitan la pronta reparaci\u00f3n de uno de los pelda\u00f1os de la escalera de acceso al templete de la Torre del Reloj P\u00fablico, el cual supuestamente fue destrozado durante labores de mejoramiento que se llevan a cabo en la Plaza de&hellip; <a class=\"more-link\" href=\"https:\/\/www.zunoticia.com\/noticias-de-hidalgo\/2022\/09\/04\/solicitan-pronta-reparacion-de-peldano-del-templete-de-la-torre-del-reloj\/\">Seguir leyendo <span class=\"screen-reader-text\">Solicitan pronta reparaci\u00f3n de pelda\u00f1o del templete de la Torre del Reloj<\/span><\/a><\/p>\n","protected":false},"author":12,"featured_media":442661,"comment_status":"closed","ping_status":"open","sticky":false,"template":"","format":"standard","meta":{"rop_custom_images_group":[],"rop_custom_messages_group":[],"rop_publish_now":"initial","rop_publish_now_accounts":{"facebook_10159540855086992_322828327761733":""},"rop_publish_now_history":[],"rop_publish_now_status":"pending","footnotes":""},"categories":[181],"tags":[121],"class_list":["post-442680","post","type-post","status-publish","format-standard","has-post-thumbnail","hentry","category-huejutla","tag-huejutla","entry"],"_links":{"self":[{"href":"https:\/\/www.zunoticia.com\/noticias-de-hidalgo\/wp-json\/wp\/v2\/posts\/442680","targetHints":{"allow":["GET"]}}],"collection":[{"href":"https:\/\/www.zunoticia.com\/noticias-de-hidalgo\/wp-json\/wp\/v2\/posts"}],"about":[{"href":"https:\/\/www.zunoticia.com\/noticias-de-hidalgo\/wp-json\/wp\/v2\/types\/post"}],"author":[{"embeddable":true,"href":"https:\/\/www.zunoticia.com\/noticias-de-hidalgo\/wp-json\/wp\/v2\/users\/12"}],"replies":[{"embeddable":true,"href":"https:\/\/www.zunoticia.com\/noticias-de-hidalgo\/wp-json\/wp\/v2\/comments?post=442680"}],"version-history":[{"count":1,"href":"https:\/\/www.zunoticia.com\/noticias-de-hidalgo\/wp-json\/wp\/v2\/posts\/442680\/revisions"}],"predecessor-version":[{"id":442681,"href":"https:\/\/www.zunoticia.com\/noticias-de-hidalgo\/wp-json\/wp\/v2\/posts\/442680\/revisions\/442681"}],"wp:featuredmedia":[{"embeddable":true,"href":"https:\/\/www.zunoticia.com\/noticias-de-hidalgo\/wp-json\/wp\/v2\/media\/442661"}],"wp:attachment":[{"href":"https:\/\/www.zunoticia.com\/noticias-de-hidalgo\/wp-json\/wp\/v2\/media?parent=442680"}],"wp:term":[{"taxonomy":"category","embeddable":true,"href":"https:\/\/www.zunoticia.com\/noticias-de-hidalgo\/wp-json\/wp\/v2\/categories?post=442680"},{"taxonomy":"post_tag","embeddable":true,"href":"https:\/\/www.zunoticia.com\/noticias-de-hidalgo\/wp-json\/wp\/v2\/tags?post=442680"}],"curies":[{"name":"wp","href":"https:\/\/api.w.org\/{rel}","templated":true}]}}