{"id":442682,"date":"2022-09-04T18:50:13","date_gmt":"2022-09-04T23:50:13","guid":{"rendered":"https:\/\/www.zunoticia.com\/noticias-de-hidalgo\/?p=442682"},"modified":"2022-09-04T18:50:15","modified_gmt":"2022-09-04T23:50:15","slug":"con-misa-de-cuerpo-presente-despiden-a-don-jorge-antonio-reyes","status":"publish","type":"post","link":"https:\/\/www.zunoticia.com\/noticias-de-hidalgo\/2022\/09\/04\/con-misa-de-cuerpo-presente-despiden-a-don-jorge-antonio-reyes\/","title":{"rendered":"Con misa de cuerpo presente despiden a Don Jorge Antonio Reyes"},"content":{"rendered":"<aside class=\"mashsb-container mashsb-main mashsb-stretched\"><div class=\"mashsb-box\"><div class=\"mashsb-count mash-large\" style=\"float:left\"><div class=\"counts mashsbcount\">21<\/div><span class=\"mashsb-sharetext\">SHARES<\/span><\/div><div class=\"mashsb-buttons\"><a class=\"mashicon-facebook mash-large mash-center mashsb-noshadow\" href=\"https:\/\/www.facebook.com\/sharer.php?u=https%3A%2F%2Fwww.zunoticia.com%2Fnoticias-de-hidalgo%2F2022%2F09%2F04%2Fcon-misa-de-cuerpo-presente-despiden-a-don-jorge-antonio-reyes%2F\" target=\"_top\" rel=\"nofollow\"><span class=\"icon\"><\/span><span class=\"text\">Share<\/span><\/a><a class=\"mashicon-twitter mash-large mash-center mashsb-noshadow\" href=\"https:\/\/twitter.com\/intent\/tweet?text=&amp;url=https:\/\/www.zunoticia.com\/noticias-de-hidalgo\/2022\/09\/04\/con-misa-de-cuerpo-presente-despiden-a-don-jorge-antonio-reyes\/\" target=\"_top\" rel=\"nofollow\"><span class=\"icon\"><\/span><span class=\"text\">Tweet<\/span><\/a><div class=\"onoffswitch2 mash-large mashsb-noshadow\" style=\"display:none\"><\/div><\/div>\n            <\/div>\n                <div style=\"clear:both\"><\/div><div class=\"mashsb-toggle-container\"><\/div><\/aside>\n            <!-- Share buttons by mashshare.net - Version: 4.0.47-->\n<p><em>Por Francisco Rosas\/Zunoticia<\/em><\/p>\n\n\n\n<p><strong>Huejutla, Hgo.-<\/strong> <a>Con una misa realizada la tarde de este domingo, familiares y amistades, despidieron de cuerpo presente a Don Jorge Antonio Reyes Flores<\/a>, quien dej\u00f3 de existir la tarde del s\u00e1bado 3 de septiembre.<\/p>\n\n\n\n<figure class=\"wp-block-image size-large\"><img fetchpriority=\"high\" decoding=\"async\" width=\"1024\" height=\"768\" src=\"https:\/\/www.zunoticia.com\/noticias-de-hidalgo\/wp-content\/uploads\/2022\/09\/eZy-Watermark-04-09-2022-06-32-24p.m.-1024x768.jpg\" alt=\"\" class=\"wp-image-442687\" srcset=\"https:\/\/www.zunoticia.com\/noticias-de-hidalgo\/wp-content\/uploads\/2022\/09\/eZy-Watermark-04-09-2022-06-32-24p.m.-1024x768.jpg 1024w, https:\/\/www.zunoticia.com\/noticias-de-hidalgo\/wp-content\/uploads\/2022\/09\/eZy-Watermark-04-09-2022-06-32-24p.m.-300x225.jpg 300w, https:\/\/www.zunoticia.com\/noticias-de-hidalgo\/wp-content\/uploads\/2022\/09\/eZy-Watermark-04-09-2022-06-32-24p.m.-768x576.jpg 768w, https:\/\/www.zunoticia.com\/noticias-de-hidalgo\/wp-content\/uploads\/2022\/09\/eZy-Watermark-04-09-2022-06-32-24p.m..jpg 1280w\" sizes=\"(max-width: 1024px) 100vw, 1024px\" \/><\/figure>\n\n\n\n<p>La misa de cuerpo presente se llev\u00f3 a cabo a las 16:00 horas, en la Parroquia del Sagrario Catedral de Cristo Rey, que fue presidida por el obispo Jos\u00e9 Irais Acosta Beltr\u00e1n y posteriormente el cortejo f\u00fanebre parti\u00f3 al pante\u00f3n central municipal para darle cristiana sepultura.<\/p>\n\n\n\n<figure class=\"wp-block-image size-large\"><img decoding=\"async\" width=\"1024\" height=\"768\" src=\"https:\/\/www.zunoticia.com\/noticias-de-hidalgo\/wp-content\/uploads\/2022\/09\/eZy-Watermark-04-09-2022-06-33-04p.m.-1024x768.jpg\" alt=\"\" class=\"wp-image-442685\" srcset=\"https:\/\/www.zunoticia.com\/noticias-de-hidalgo\/wp-content\/uploads\/2022\/09\/eZy-Watermark-04-09-2022-06-33-04p.m.-1024x768.jpg 1024w, https:\/\/www.zunoticia.com\/noticias-de-hidalgo\/wp-content\/uploads\/2022\/09\/eZy-Watermark-04-09-2022-06-33-04p.m.-300x225.jpg 300w, https:\/\/www.zunoticia.com\/noticias-de-hidalgo\/wp-content\/uploads\/2022\/09\/eZy-Watermark-04-09-2022-06-33-04p.m.-768x576.jpg 768w, https:\/\/www.zunoticia.com\/noticias-de-hidalgo\/wp-content\/uploads\/2022\/09\/eZy-Watermark-04-09-2022-06-33-04p.m..jpg 1280w\" sizes=\"(max-width: 1024px) 100vw, 1024px\" \/><\/figure>\n\n\n\n<p><a>Hombre visionario, pionero de las telecomunicaciones en Huejutla y la regi\u00f3n huasteca<\/a>, Don Jorge Antonio Reyes Flores, muri\u00f3 a causa de un infarto cuando se encontraba en una de sus empresas, en el municipio de Plat\u00f3n S\u00e1nchez, Veracruz.<\/p>\n\n\n\n<figure class=\"wp-block-image size-large\"><img decoding=\"async\" width=\"1024\" height=\"768\" src=\"https:\/\/www.zunoticia.com\/noticias-de-hidalgo\/wp-content\/uploads\/2022\/09\/eZy-Watermark-04-09-2022-06-33-28p.m.-1024x768.jpg\" alt=\"\" class=\"wp-image-442684\" srcset=\"https:\/\/www.zunoticia.com\/noticias-de-hidalgo\/wp-content\/uploads\/2022\/09\/eZy-Watermark-04-09-2022-06-33-28p.m.-1024x768.jpg 1024w, https:\/\/www.zunoticia.com\/noticias-de-hidalgo\/wp-content\/uploads\/2022\/09\/eZy-Watermark-04-09-2022-06-33-28p.m.-300x225.jpg 300w, https:\/\/www.zunoticia.com\/noticias-de-hidalgo\/wp-content\/uploads\/2022\/09\/eZy-Watermark-04-09-2022-06-33-28p.m.-768x576.jpg 768w, https:\/\/www.zunoticia.com\/noticias-de-hidalgo\/wp-content\/uploads\/2022\/09\/eZy-Watermark-04-09-2022-06-33-28p.m..jpg 1280w\" sizes=\"(max-width: 1024px) 100vw, 1024px\" \/><\/figure>\n\n\n\n<p>Distinguido por su sencillez y visionario de los medios de comunicaci\u00f3n masiva, dio vida a la Radio Emisora \u201cLa Banda que Manda\u201d desde donde se transmitieron los primeros programas noticiosos informativos y de entretenimiento musical.<\/p>\n\n\n\n<figure class=\"wp-block-image size-large\"><img loading=\"lazy\" decoding=\"async\" width=\"1024\" height=\"768\" src=\"https:\/\/www.zunoticia.com\/noticias-de-hidalgo\/wp-content\/uploads\/2022\/09\/eZy-Watermark-04-09-2022-06-36-56p.m.-1024x768.jpg\" alt=\"\" class=\"wp-image-442683\" srcset=\"https:\/\/www.zunoticia.com\/noticias-de-hidalgo\/wp-content\/uploads\/2022\/09\/eZy-Watermark-04-09-2022-06-36-56p.m.-1024x768.jpg 1024w, https:\/\/www.zunoticia.com\/noticias-de-hidalgo\/wp-content\/uploads\/2022\/09\/eZy-Watermark-04-09-2022-06-36-56p.m.-300x225.jpg 300w, https:\/\/www.zunoticia.com\/noticias-de-hidalgo\/wp-content\/uploads\/2022\/09\/eZy-Watermark-04-09-2022-06-36-56p.m.-768x576.jpg 768w, https:\/\/www.zunoticia.com\/noticias-de-hidalgo\/wp-content\/uploads\/2022\/09\/eZy-Watermark-04-09-2022-06-36-56p.m..jpg 1280w\" sizes=\"(max-width: 1024px) 100vw, 1024px\" \/><\/figure>\n\n\n\n<p>Siempre apasionado de las tecnolog\u00edas de la comunicaci\u00f3n, a\u00f1os despu\u00e9s abri\u00f3 tambi\u00e9n el primer canal de televisi\u00f3n por cable 2e y con el tiempo lanz\u00f3 desde esa plataforma el noticiero Contacto Informativo que se ha convertido en referente de informaci\u00f3n a nivel regional.<\/p>\n","protected":false},"excerpt":{"rendered":"<p>Por Francisco Rosas\/Zunoticia Huejutla, Hgo.- Con una misa realizada la tarde de este domingo, familiares y amistades, despidieron de cuerpo presente a Don Jorge Antonio Reyes Flores, quien dej\u00f3 de existir la tarde del s\u00e1bado 3 de septiembre. La misa de cuerpo presente se llev\u00f3 a cabo a las 16:00 horas, en la Parroquia del&hellip; <a class=\"more-link\" href=\"https:\/\/www.zunoticia.com\/noticias-de-hidalgo\/2022\/09\/04\/con-misa-de-cuerpo-presente-despiden-a-don-jorge-antonio-reyes\/\">Seguir leyendo <span class=\"screen-reader-text\">Con misa de cuerpo presente despiden a Don Jorge Antonio Reyes<\/span><\/a><\/p>\n","protected":false},"author":12,"featured_media":442686,"comment_status":"closed","ping_status":"open","sticky":false,"template":"","format":"standard","meta":{"rop_custom_images_group":[],"rop_custom_messages_group":[],"rop_publish_now":"initial","rop_publish_now_accounts":{"facebook_10159540855086992_322828327761733":""},"rop_publish_now_history":[],"rop_publish_now_status":"pending","footnotes":""},"categories":[181],"tags":[121],"class_list":["post-442682","post","type-post","status-publish","format-standard","has-post-thumbnail","hentry","category-huejutla","tag-huejutla","entry"],"_links":{"self":[{"href":"https:\/\/www.zunoticia.com\/noticias-de-hidalgo\/wp-json\/wp\/v2\/posts\/442682","targetHints":{"allow":["GET"]}}],"collection":[{"href":"https:\/\/www.zunoticia.com\/noticias-de-hidalgo\/wp-json\/wp\/v2\/posts"}],"about":[{"href":"https:\/\/www.zunoticia.com\/noticias-de-hidalgo\/wp-json\/wp\/v2\/types\/post"}],"author":[{"embeddable":true,"href":"https:\/\/www.zunoticia.com\/noticias-de-hidalgo\/wp-json\/wp\/v2\/users\/12"}],"replies":[{"embeddable":true,"href":"https:\/\/www.zunoticia.com\/noticias-de-hidalgo\/wp-json\/wp\/v2\/comments?post=442682"}],"version-history":[{"count":1,"href":"https:\/\/www.zunoticia.com\/noticias-de-hidalgo\/wp-json\/wp\/v2\/posts\/442682\/revisions"}],"predecessor-version":[{"id":442713,"href":"https:\/\/www.zunoticia.com\/noticias-de-hidalgo\/wp-json\/wp\/v2\/posts\/442682\/revisions\/442713"}],"wp:featuredmedia":[{"embeddable":true,"href":"https:\/\/www.zunoticia.com\/noticias-de-hidalgo\/wp-json\/wp\/v2\/media\/442686"}],"wp:attachment":[{"href":"https:\/\/www.zunoticia.com\/noticias-de-hidalgo\/wp-json\/wp\/v2\/media?parent=442682"}],"wp:term":[{"taxonomy":"category","embeddable":true,"href":"https:\/\/www.zunoticia.com\/noticias-de-hidalgo\/wp-json\/wp\/v2\/categories?post=442682"},{"taxonomy":"post_tag","embeddable":true,"href":"https:\/\/www.zunoticia.com\/noticias-de-hidalgo\/wp-json\/wp\/v2\/tags?post=442682"}],"curies":[{"name":"wp","href":"https:\/\/api.w.org\/{rel}","templated":true}]}}