{"id":442725,"date":"2022-09-04T19:39:11","date_gmt":"2022-09-05T00:39:11","guid":{"rendered":"https:\/\/www.zunoticia.com\/noticias-de-hidalgo\/?p=442725"},"modified":"2022-09-04T19:39:12","modified_gmt":"2022-09-05T00:39:12","slug":"pc-exhorta-a-tomar-precauciones-en-la-sierra-por-fuertes-lluvias","status":"publish","type":"post","link":"https:\/\/www.zunoticia.com\/noticias-de-hidalgo\/2022\/09\/04\/pc-exhorta-a-tomar-precauciones-en-la-sierra-por-fuertes-lluvias\/","title":{"rendered":"PC Exhorta a tomar precauciones en la sierra por fuertes lluvias"},"content":{"rendered":"<aside class=\"mashsb-container mashsb-main mashsb-stretched\"><div class=\"mashsb-box\"><div class=\"mashsb-count mash-large\" style=\"float:left\"><div class=\"counts mashsbcount\">9<\/div><span class=\"mashsb-sharetext\">SHARES<\/span><\/div><div class=\"mashsb-buttons\"><a class=\"mashicon-facebook mash-large mash-center mashsb-noshadow\" href=\"https:\/\/www.facebook.com\/sharer.php?u=https%3A%2F%2Fwww.zunoticia.com%2Fnoticias-de-hidalgo%2F2022%2F09%2F04%2Fpc-exhorta-a-tomar-precauciones-en-la-sierra-por-fuertes-lluvias%2F\" target=\"_top\" rel=\"nofollow\"><span class=\"icon\"><\/span><span class=\"text\">Share<\/span><\/a><a class=\"mashicon-twitter mash-large mash-center mashsb-noshadow\" href=\"https:\/\/twitter.com\/intent\/tweet?text=&amp;url=https:\/\/www.zunoticia.com\/noticias-de-hidalgo\/2022\/09\/04\/pc-exhorta-a-tomar-precauciones-en-la-sierra-por-fuertes-lluvias\/\" target=\"_top\" rel=\"nofollow\"><span class=\"icon\"><\/span><span class=\"text\">Tweet<\/span><\/a><div class=\"onoffswitch2 mash-large mashsb-noshadow\" style=\"display:none\"><\/div><\/div>\n            <\/div>\n                <div style=\"clear:both\"><\/div><div class=\"mashsb-toggle-container\"><\/div><\/aside>\n            <!-- Share buttons by mashshare.net - Version: 4.0.47-->\n<p><em>Por Pedro Luciano\/Zunoticia<\/em><\/p>\n\n\n\n<p><strong>Tlanchinol, Hgo.-<\/strong> Derivado de la presencia de fuertes lluvias en el municipio, personal del \u00e1rea de Protecci\u00f3n Civil ha manifestado la importancia de que la poblaci\u00f3n que se traslada abordo de sus veh\u00edculos sobre las diferentes v\u00edas de comunicaci\u00f3n tomen sus precauciones al momento de transitar y con ello prevengan accidentes viales.<\/p>\n\n\n\n<p>\u201cEs indispensable extremar precauciones al momento de transitar sobre la carretera federal M\u00e9xico &#8211; Tampico, sobre todo cuando ha existido presencia de lluvias, ya que estas provocan que la cinta asf\u00e1ltica se encuentre h\u00fameda y por consiguiente sea dif\u00edcil transitar de forma segura sobre esta\u201d, lo anterior fue manifestado por el Director del \u00e1rea de Protecci\u00f3n Civil, Catalino Baltazar Concepci\u00f3n.<\/p>\n\n\n\n<p>De igual forma refiri\u00f3 que es necesario que los conductores sean conscientes de la posible presencia rocas sobre carretera, las cuales caen de los cerros y pueden provocar alg\u00fan percance vial, siendo en extremo necesaria una conducci\u00f3n atenta para prevenir dichos accidentes.<\/p>\n\n\n\n<p>Concluy\u00f3 refiriendo que se encontrar\u00e1n al pendiente en caso de ser necesario brindar la atenci\u00f3n correspondiente, con la finalidad de auxiliar a los conductores tanto de veh\u00edculos privados, as\u00ed como del transporte p\u00fablico.<\/p>\n","protected":false},"excerpt":{"rendered":"<p>Por Pedro Luciano\/Zunoticia Tlanchinol, Hgo.- Derivado de la presencia de fuertes lluvias en el municipio, personal del \u00e1rea de Protecci\u00f3n Civil ha manifestado la importancia de que la poblaci\u00f3n que se traslada abordo de sus veh\u00edculos sobre las diferentes v\u00edas de comunicaci\u00f3n tomen sus precauciones al momento de transitar y con ello prevengan accidentes viales.&hellip; <a class=\"more-link\" href=\"https:\/\/www.zunoticia.com\/noticias-de-hidalgo\/2022\/09\/04\/pc-exhorta-a-tomar-precauciones-en-la-sierra-por-fuertes-lluvias\/\">Seguir leyendo <span class=\"screen-reader-text\">PC Exhorta a tomar precauciones en la sierra por fuertes lluvias<\/span><\/a><\/p>\n","protected":false},"author":12,"featured_media":442696,"comment_status":"closed","ping_status":"open","sticky":false,"template":"","format":"standard","meta":{"rop_custom_images_group":[],"rop_custom_messages_group":[],"rop_publish_now":"initial","rop_publish_now_accounts":{"facebook_10159540855086992_322828327761733":""},"rop_publish_now_history":[],"rop_publish_now_status":"pending","footnotes":""},"categories":[219,201],"tags":[127],"class_list":["post-442725","post","type-post","status-publish","format-standard","has-post-thumbnail","hentry","category-sierra","category-tlanchinol","tag-tlanchinol","entry"],"_links":{"self":[{"href":"https:\/\/www.zunoticia.com\/noticias-de-hidalgo\/wp-json\/wp\/v2\/posts\/442725","targetHints":{"allow":["GET"]}}],"collection":[{"href":"https:\/\/www.zunoticia.com\/noticias-de-hidalgo\/wp-json\/wp\/v2\/posts"}],"about":[{"href":"https:\/\/www.zunoticia.com\/noticias-de-hidalgo\/wp-json\/wp\/v2\/types\/post"}],"author":[{"embeddable":true,"href":"https:\/\/www.zunoticia.com\/noticias-de-hidalgo\/wp-json\/wp\/v2\/users\/12"}],"replies":[{"embeddable":true,"href":"https:\/\/www.zunoticia.com\/noticias-de-hidalgo\/wp-json\/wp\/v2\/comments?post=442725"}],"version-history":[{"count":1,"href":"https:\/\/www.zunoticia.com\/noticias-de-hidalgo\/wp-json\/wp\/v2\/posts\/442725\/revisions"}],"predecessor-version":[{"id":442726,"href":"https:\/\/www.zunoticia.com\/noticias-de-hidalgo\/wp-json\/wp\/v2\/posts\/442725\/revisions\/442726"}],"wp:featuredmedia":[{"embeddable":true,"href":"https:\/\/www.zunoticia.com\/noticias-de-hidalgo\/wp-json\/wp\/v2\/media\/442696"}],"wp:attachment":[{"href":"https:\/\/www.zunoticia.com\/noticias-de-hidalgo\/wp-json\/wp\/v2\/media?parent=442725"}],"wp:term":[{"taxonomy":"category","embeddable":true,"href":"https:\/\/www.zunoticia.com\/noticias-de-hidalgo\/wp-json\/wp\/v2\/categories?post=442725"},{"taxonomy":"post_tag","embeddable":true,"href":"https:\/\/www.zunoticia.com\/noticias-de-hidalgo\/wp-json\/wp\/v2\/tags?post=442725"}],"curies":[{"name":"wp","href":"https:\/\/api.w.org\/{rel}","templated":true}]}}