{"id":442727,"date":"2022-09-04T19:43:44","date_gmt":"2022-09-05T00:43:44","guid":{"rendered":"https:\/\/www.zunoticia.com\/noticias-de-hidalgo\/?p=442727"},"modified":"2022-09-04T21:26:51","modified_gmt":"2022-09-05T02:26:51","slug":"espejeando-por-perseo-400","status":"publish","type":"post","link":"https:\/\/www.zunoticia.com\/noticias-de-hidalgo\/2022\/09\/04\/espejeando-por-perseo-400\/","title":{"rendered":"ESPEJEANDO por Perseo"},"content":{"rendered":"<aside class=\"mashsb-container mashsb-main mashsb-stretched\"><div class=\"mashsb-box\"><div class=\"mashsb-count mash-large\" style=\"float:left\"><div class=\"counts mashsbcount\">38<\/div><span class=\"mashsb-sharetext\">SHARES<\/span><\/div><div class=\"mashsb-buttons\"><a class=\"mashicon-facebook mash-large mash-center mashsb-noshadow\" href=\"https:\/\/www.facebook.com\/sharer.php?u=https%3A%2F%2Fwww.zunoticia.com%2Fnoticias-de-hidalgo%2F2022%2F09%2F04%2Fespejeando-por-perseo-400%2F\" target=\"_top\" rel=\"nofollow\"><span class=\"icon\"><\/span><span class=\"text\">Share<\/span><\/a><a class=\"mashicon-twitter mash-large mash-center mashsb-noshadow\" href=\"https:\/\/twitter.com\/intent\/tweet?text=&amp;url=https:\/\/www.zunoticia.com\/noticias-de-hidalgo\/2022\/09\/04\/espejeando-por-perseo-400\/\" target=\"_top\" rel=\"nofollow\"><span class=\"icon\"><\/span><span class=\"text\">Tweet<\/span><\/a><div class=\"onoffswitch2 mash-large mashsb-noshadow\" style=\"display:none\"><\/div><\/div>\n            <\/div>\n                <div style=\"clear:both\"><\/div><div class=\"mashsb-toggle-container\"><\/div><\/aside>\n            <!-- Share buttons by mashshare.net - Version: 4.0.47-->\n<p>\u2022 Es un d\u00eda importante, en unas horas el mandato de las mayor\u00edas se materializa en el recinto de palacio estatal, designado para la toma de protesta del gobernador Julio Ram\u00f3n Menchaca Salazar, y con ello la esperanza de miles de familias de Hidalgo, va tomando forma de realidad.<\/p>\n\n\n\n<p>\u2022 Estamos hablando de que Hidalgo dio la confianza a un nuevo formato de gobierno, una nueva ruta de construcci\u00f3n social, de la que se espera un cambio radical en la forma de ver y atender las regiones del estado.<\/p>\n\n\n\n<p>\u2022 La apuesta parece estar situada en la confianza hacia atributos que ha mostrado Julio Menchaca, como, por ejemplo, el conocer la distancia entre el poder pol\u00edtico y la masa social m\u00e1s humilde que busca a un gobernador cercano, que sepa ponerse en los zapatos de los dem\u00e1s.<\/p>\n\n\n\n<p>\u2022 Hidalgo no es todo puentes, pavimento, obra p\u00fablica como carreteras, escuelas dignas, m\u00e9dicos y cl\u00ednicas, si bien todo eso necesitamos, tambi\u00e9n un gobernador que sea m\u00e1s cercano a las causas populares.<\/p>\n\n\n\n<p>\u2022 Que no sea un gobernador cuyo equipo le cuente historias fant\u00e1sticas, la realidad est\u00e1 en la brecha de los m\u00e1s pobres, aquellos que solo conocen al gobernador por redes sociales o porque una publicidad digital alcanz\u00f3 un celular comunitario cuyos diez pesos de saldo ese d\u00eda le permiti\u00f3 saber la noticia.<\/p>\n\n\n\n<p>\u2022 Pachuquitla, Acanoa en Xochiatipan, por nombrar dos de las muchas lejanas que hay, Xoxolpa, Crisolco o Mangocuatitla, all\u00e1 donde ni carretera hay y que cuando hay que ir es un d\u00eda para llegar a Yahualica cabecera.<\/p>\n\n\n\n<p>\u2022 O en Huautla, en donde el olvido para los caminos m\u00e1s alejados parece un sue\u00f1o de miles de familias que entre el agua se trasladan para que los ni\u00f1os lleguen a la escuela. Eso y muchas historias m\u00e1s de cl\u00ednicas de salud cerradas, no hay el doctor, no hay medicamentos y en otros espacios simplemente ya no hay j\u00f3venes, solo gente mayor que cuida nietos por que sus hijos andan trabajando para comer.<\/p>\n\n\n\n<p>\u2022 Miles de historias se tejen en las comunidades de nuestra querida huasteca, ciudadanos con potencial, j\u00f3venes profesionales que se han quedado con la ilusi\u00f3n de cambiar la historia de su familia, que busca ser parte de la construcci\u00f3n social.<\/p>\n\n\n\n<p>\u2022 La huasteca y sus se\u00f1or\u00edos o caciques del poder econ\u00f3mico y pol\u00edtico, los del control para saciar sus intereses y no la de nuestros ciudadanos. Tiene que haber esa brecha mayor en la conciliaci\u00f3n del esquema de crecimiento comunitario y autosuficiencia alimentaria, la gente espera el desarrollo comunitario, libertad e igualdad de condiciones para el trato del gobernador, que conozca al Hidalgo profundo, el Hidalgo desconocido, el desigual.<\/p>\n\n\n\n<p>\u2022\u2022 Se frotan las manos los hombres del negocio o administradores de la pobreza, los due\u00f1os de las grandes obras e inversiones esperando que sean ellos los depositarios del favor de ayudar al pueblo, as\u00ed como ha sido siempre, en la misma forma como ha tenido trato la huasteca, la gente dependiendo de la bondad del due\u00f1o de las conciencias para controlar y desplazar cualquier intento social que les d\u00e9 libertad a los de abajo.<\/p>\n\n\n\n<p>\u2022\u2022 \u00bfQu\u00e9 quiere el pueblo? \u00bfAlguien se lo ha preguntado? Porque lleg\u00f3 la Cuarta Transformaci\u00f3n y los principios ideol\u00f3gicos y filos\u00f3ficos son muy claros, primero los pobres, no robar, no mentir y no enga\u00f1ar al pueblo.<\/p>\n\n\n\n<p>\u2022\u2022 El pueblo bueno, el pueblo sabio, que tiene conciencia y que su historia est\u00e1 ligada a la esperanza, y en la mayor\u00eda de las veces viviendo en la desesperanza, solo de la bondad del campo, de la amistad del ave del campo, del \u00e1rbol frutal o del animal del patio de corral; lleg\u00f3 la hora de la Esperanza, no lo olvidemos ni por un instante; hasta verlos sonre\u00edr.<\/p>\n\n\n\n<figure class=\"wp-block-image size-large\"><img fetchpriority=\"high\" decoding=\"async\" width=\"1024\" height=\"768\" src=\"https:\/\/www.zunoticia.com\/noticias-de-hidalgo\/wp-content\/uploads\/2022\/09\/WhatsApp-Image-2022-09-04-at-8.48.45-PM-1024x768.jpeg\" alt=\"\" class=\"wp-image-442756\" srcset=\"https:\/\/www.zunoticia.com\/noticias-de-hidalgo\/wp-content\/uploads\/2022\/09\/WhatsApp-Image-2022-09-04-at-8.48.45-PM-1024x768.jpeg 1024w, https:\/\/www.zunoticia.com\/noticias-de-hidalgo\/wp-content\/uploads\/2022\/09\/WhatsApp-Image-2022-09-04-at-8.48.45-PM-300x225.jpeg 300w, https:\/\/www.zunoticia.com\/noticias-de-hidalgo\/wp-content\/uploads\/2022\/09\/WhatsApp-Image-2022-09-04-at-8.48.45-PM-768x576.jpeg 768w, https:\/\/www.zunoticia.com\/noticias-de-hidalgo\/wp-content\/uploads\/2022\/09\/WhatsApp-Image-2022-09-04-at-8.48.45-PM.jpeg 1440w\" sizes=\"(max-width: 1024px) 100vw, 1024px\" \/><\/figure>\n","protected":false},"excerpt":{"rendered":"<p>\u2022 Es un d\u00eda importante, en unas horas el mandato de las mayor\u00edas se materializa en el recinto de palacio estatal, designado para la toma de protesta del gobernador Julio Ram\u00f3n Menchaca Salazar, y con ello la esperanza de miles de familias de Hidalgo, va tomando forma de realidad. \u2022 Estamos hablando de que Hidalgo&hellip; <a class=\"more-link\" href=\"https:\/\/www.zunoticia.com\/noticias-de-hidalgo\/2022\/09\/04\/espejeando-por-perseo-400\/\">Seguir leyendo <span class=\"screen-reader-text\">ESPEJEANDO por Perseo<\/span><\/a><\/p>\n","protected":false},"author":12,"featured_media":442728,"comment_status":"closed","ping_status":"open","sticky":false,"template":"","format":"standard","meta":{"rop_custom_images_group":[],"rop_custom_messages_group":[],"rop_publish_now":"initial","rop_publish_now_accounts":{"facebook_10159540855086992_322828327761733":""},"rop_publish_now_history":[],"rop_publish_now_status":"pending","footnotes":""},"categories":[176],"tags":[205],"class_list":["post-442727","post","type-post","status-publish","format-standard","has-post-thumbnail","hentry","category-espejeando","tag-espejeando","entry"],"_links":{"self":[{"href":"https:\/\/www.zunoticia.com\/noticias-de-hidalgo\/wp-json\/wp\/v2\/posts\/442727","targetHints":{"allow":["GET"]}}],"collection":[{"href":"https:\/\/www.zunoticia.com\/noticias-de-hidalgo\/wp-json\/wp\/v2\/posts"}],"about":[{"href":"https:\/\/www.zunoticia.com\/noticias-de-hidalgo\/wp-json\/wp\/v2\/types\/post"}],"author":[{"embeddable":true,"href":"https:\/\/www.zunoticia.com\/noticias-de-hidalgo\/wp-json\/wp\/v2\/users\/12"}],"replies":[{"embeddable":true,"href":"https:\/\/www.zunoticia.com\/noticias-de-hidalgo\/wp-json\/wp\/v2\/comments?post=442727"}],"version-history":[{"count":3,"href":"https:\/\/www.zunoticia.com\/noticias-de-hidalgo\/wp-json\/wp\/v2\/posts\/442727\/revisions"}],"predecessor-version":[{"id":442758,"href":"https:\/\/www.zunoticia.com\/noticias-de-hidalgo\/wp-json\/wp\/v2\/posts\/442727\/revisions\/442758"}],"wp:featuredmedia":[{"embeddable":true,"href":"https:\/\/www.zunoticia.com\/noticias-de-hidalgo\/wp-json\/wp\/v2\/media\/442728"}],"wp:attachment":[{"href":"https:\/\/www.zunoticia.com\/noticias-de-hidalgo\/wp-json\/wp\/v2\/media?parent=442727"}],"wp:term":[{"taxonomy":"category","embeddable":true,"href":"https:\/\/www.zunoticia.com\/noticias-de-hidalgo\/wp-json\/wp\/v2\/categories?post=442727"},{"taxonomy":"post_tag","embeddable":true,"href":"https:\/\/www.zunoticia.com\/noticias-de-hidalgo\/wp-json\/wp\/v2\/tags?post=442727"}],"curies":[{"name":"wp","href":"https:\/\/api.w.org\/{rel}","templated":true}]}}