{"id":442774,"date":"2022-09-04T23:42:52","date_gmt":"2022-09-05T04:42:52","guid":{"rendered":"https:\/\/www.zunoticia.com\/noticias-de-hidalgo\/?p=442774"},"modified":"2022-09-04T23:42:54","modified_gmt":"2022-09-05T04:42:54","slug":"listos-para-trabajar-de-la-mano-con-el-nuevo-gobernador-erika-saab","status":"publish","type":"post","link":"https:\/\/www.zunoticia.com\/noticias-de-hidalgo\/2022\/09\/04\/listos-para-trabajar-de-la-mano-con-el-nuevo-gobernador-erika-saab\/","title":{"rendered":"Listos para trabajar de la mano con el nuevo gobernador: Erika Saab"},"content":{"rendered":"<aside class=\"mashsb-container mashsb-main mashsb-stretched\"><div class=\"mashsb-box\"><div class=\"mashsb-count mash-large\" style=\"float:left\"><div class=\"counts mashsbcount\">38<\/div><span class=\"mashsb-sharetext\">SHARES<\/span><\/div><div class=\"mashsb-buttons\"><a class=\"mashicon-facebook mash-large mash-center mashsb-noshadow\" href=\"https:\/\/www.facebook.com\/sharer.php?u=https%3A%2F%2Fwww.zunoticia.com%2Fnoticias-de-hidalgo%2F2022%2F09%2F04%2Flistos-para-trabajar-de-la-mano-con-el-nuevo-gobernador-erika-saab%2F\" target=\"_top\" rel=\"nofollow\"><span class=\"icon\"><\/span><span class=\"text\">Share<\/span><\/a><a class=\"mashicon-twitter mash-large mash-center mashsb-noshadow\" href=\"https:\/\/twitter.com\/intent\/tweet?text=&amp;url=https:\/\/www.zunoticia.com\/noticias-de-hidalgo\/2022\/09\/04\/listos-para-trabajar-de-la-mano-con-el-nuevo-gobernador-erika-saab\/\" target=\"_top\" rel=\"nofollow\"><span class=\"icon\"><\/span><span class=\"text\">Tweet<\/span><\/a><div class=\"onoffswitch2 mash-large mashsb-noshadow\" style=\"display:none\"><\/div><\/div>\n            <\/div>\n                <div style=\"clear:both\"><\/div><div class=\"mashsb-toggle-container\"><\/div><\/aside>\n            <!-- Share buttons by mashshare.net - Version: 4.0.47-->\n<p><em>Por \u00c1ngel Silverio\/Zunoticia<\/em><\/p>\n\n\n\n<p><strong>San Felipe Orizatl\u00e1n, Hgo.-<\/strong> \u201cYo creo que en este momento lo que debemos de hacer es trabajar en equipo, no importa el color del que venga el gobernador o del que venga yo,&nbsp; lo que tenemos que hacer es ponernos a trabajar en equipo, la sociedad no quiere problemas, la gente lo que quiere es vernos trabajando por el bien de las comunidades y desde san Felipe Orizatl\u00e1n\u201d.<\/p>\n\n\n\n<p>Lo anterior fue expresado por la alcaldesa Erika Saab Lara al cuestionarle sobre el nuevo gobierno que encabezar\u00e1 Julio Menchaca, reiterando que est\u00e1 lista para trabajar en unidad \u201cYo le reitero al gobernador mi disposici\u00f3n de trabajar en equipo, como lo hemos hecho con el gobierno federal en todas las estrategias que se han planteado y nos hemos sumado sin escatimar absolutamente nada\u201d.<\/p>\n\n\n\n<p>Por otra parte, la edil dijo que su informe de gobierno pretende se realice de manera austera el pr\u00f3ximo 19 de septiembre \u201cEl informe ser\u00e1 pasando las fiestas patrias, muy austero, porque lo m\u00e1s importante es trabajar, todo lo que est\u00e1n viendo de luminarias y de m\u00e1s lo hemos generado a trav\u00e9s de ahorros\u201d.<\/p>\n\n\n\n<p>Finaliz\u00f3 diciendo que es tentativa la visita del gobernador, y en caso de que as\u00ed sea, se podr\u00eda cambiar el lugar del evento \u201cCreo que es importante, vamos a hacerlo en la sala de cabildo, estamos invitando al gobernador, si decide venir, no podr\u00eda ser ah\u00ed, pero si no viene as\u00ed est\u00e1 decidido, de manera austera\u201d.<\/p>\n","protected":false},"excerpt":{"rendered":"<p>Por \u00c1ngel Silverio\/Zunoticia San Felipe Orizatl\u00e1n, Hgo.- \u201cYo creo que en este momento lo que debemos de hacer es trabajar en equipo, no importa el color del que venga el gobernador o del que venga yo,&nbsp; lo que tenemos que hacer es ponernos a trabajar en equipo, la sociedad no quiere problemas, la gente lo&hellip; <a class=\"more-link\" href=\"https:\/\/www.zunoticia.com\/noticias-de-hidalgo\/2022\/09\/04\/listos-para-trabajar-de-la-mano-con-el-nuevo-gobernador-erika-saab\/\">Seguir leyendo <span class=\"screen-reader-text\">Listos para trabajar de la mano con el nuevo gobernador: Erika Saab<\/span><\/a><\/p>\n","protected":false},"author":13,"featured_media":442768,"comment_status":"closed","ping_status":"open","sticky":false,"template":"","format":"standard","meta":{"rop_custom_images_group":[],"rop_custom_messages_group":[],"rop_publish_now":"initial","rop_publish_now_accounts":{"facebook_10159540855086992_322828327761733":""},"rop_publish_now_history":[],"rop_publish_now_status":"pending","footnotes":""},"categories":[180],"tags":[129],"class_list":["post-442774","post","type-post","status-publish","format-standard","has-post-thumbnail","hentry","category-orizatlan","tag-orizatlan","entry"],"_links":{"self":[{"href":"https:\/\/www.zunoticia.com\/noticias-de-hidalgo\/wp-json\/wp\/v2\/posts\/442774","targetHints":{"allow":["GET"]}}],"collection":[{"href":"https:\/\/www.zunoticia.com\/noticias-de-hidalgo\/wp-json\/wp\/v2\/posts"}],"about":[{"href":"https:\/\/www.zunoticia.com\/noticias-de-hidalgo\/wp-json\/wp\/v2\/types\/post"}],"author":[{"embeddable":true,"href":"https:\/\/www.zunoticia.com\/noticias-de-hidalgo\/wp-json\/wp\/v2\/users\/13"}],"replies":[{"embeddable":true,"href":"https:\/\/www.zunoticia.com\/noticias-de-hidalgo\/wp-json\/wp\/v2\/comments?post=442774"}],"version-history":[{"count":1,"href":"https:\/\/www.zunoticia.com\/noticias-de-hidalgo\/wp-json\/wp\/v2\/posts\/442774\/revisions"}],"predecessor-version":[{"id":442775,"href":"https:\/\/www.zunoticia.com\/noticias-de-hidalgo\/wp-json\/wp\/v2\/posts\/442774\/revisions\/442775"}],"wp:featuredmedia":[{"embeddable":true,"href":"https:\/\/www.zunoticia.com\/noticias-de-hidalgo\/wp-json\/wp\/v2\/media\/442768"}],"wp:attachment":[{"href":"https:\/\/www.zunoticia.com\/noticias-de-hidalgo\/wp-json\/wp\/v2\/media?parent=442774"}],"wp:term":[{"taxonomy":"category","embeddable":true,"href":"https:\/\/www.zunoticia.com\/noticias-de-hidalgo\/wp-json\/wp\/v2\/categories?post=442774"},{"taxonomy":"post_tag","embeddable":true,"href":"https:\/\/www.zunoticia.com\/noticias-de-hidalgo\/wp-json\/wp\/v2\/tags?post=442774"}],"curies":[{"name":"wp","href":"https:\/\/api.w.org\/{rel}","templated":true}]}}