{"id":442792,"date":"2022-09-05T15:11:25","date_gmt":"2022-09-05T20:11:25","guid":{"rendered":"https:\/\/www.zunoticia.com\/noticias-de-hidalgo\/?p=442792"},"modified":"2022-09-05T15:11:27","modified_gmt":"2022-09-05T20:11:27","slug":"dan-a-conocer-la-calendarizacion-de-la-aplicacion-de-vacunas-para-ninos","status":"publish","type":"post","link":"https:\/\/www.zunoticia.com\/noticias-de-hidalgo\/2022\/09\/05\/dan-a-conocer-la-calendarizacion-de-la-aplicacion-de-vacunas-para-ninos\/","title":{"rendered":"Dan a conocer la calendarizaci\u00f3n de la aplicaci\u00f3n de vacunas para ni\u00f1os"},"content":{"rendered":"<aside class=\"mashsb-container mashsb-main mashsb-stretched\"><div class=\"mashsb-box\"><div class=\"mashsb-count mash-large\" style=\"float:left\"><div class=\"counts mashsbcount\">27<\/div><span class=\"mashsb-sharetext\">SHARES<\/span><\/div><div class=\"mashsb-buttons\"><a class=\"mashicon-facebook mash-large mash-center mashsb-noshadow\" href=\"https:\/\/www.facebook.com\/sharer.php?u=https%3A%2F%2Fwww.zunoticia.com%2Fnoticias-de-hidalgo%2F2022%2F09%2F05%2Fdan-a-conocer-la-calendarizacion-de-la-aplicacion-de-vacunas-para-ninos%2F\" target=\"_top\" rel=\"nofollow\"><span class=\"icon\"><\/span><span class=\"text\">Share<\/span><\/a><a class=\"mashicon-twitter mash-large mash-center mashsb-noshadow\" href=\"https:\/\/twitter.com\/intent\/tweet?text=&amp;url=https:\/\/www.zunoticia.com\/noticias-de-hidalgo\/2022\/09\/05\/dan-a-conocer-la-calendarizacion-de-la-aplicacion-de-vacunas-para-ninos\/\" target=\"_top\" rel=\"nofollow\"><span class=\"icon\"><\/span><span class=\"text\">Tweet<\/span><\/a><div class=\"onoffswitch2 mash-large mashsb-noshadow\" style=\"display:none\"><\/div><\/div>\n            <\/div>\n                <div style=\"clear:both\"><\/div><div class=\"mashsb-toggle-container\"><\/div><\/aside>\n            <!-- Share buttons by mashshare.net - Version: 4.0.47-->\n<p><em>Por Roberto Meza\/Zunoticia<\/em><\/p>\n\n\n\n<p><strong>Yahualica, Hgo. &#8211;<\/strong> Con el fin de seguir aplicando las vacunas anticovid 19, a todos los ni\u00f1os de las edades de 5 a 11 a\u00f1os, el \u00e1rea de Salud municipal da conocer la calendarizaci\u00f3n de la aplicaci\u00f3n de estas vacunas para esta semana, a fin de que los padres de familia est\u00e9n al pendiente.<\/p>\n\n\n\n<p>Por lo que el pr\u00f3ximo 5 de septiembre del 2022, la aplicaci\u00f3n de la vacuna se llevar\u00e1 en la escuela primaria \u201cMelchor Ocampo\u201d de Tlalchiyahualica; para el 6 septiembre en la escuela primaria \u201cBenito Ju\u00e1rez\u201d de la comunidad de Tetla; el l 7 septiembre en la escuela primaria \u201cIgnacio Manuel Altamirano\u201d de Atlalco, as\u00ed como en la escuela primaria \u201cSidar y Rovirosa\u201d de Oxceloco.<\/p>\n\n\n\n<p>Tambi\u00e9n se dio a conocer que, para el 08 septiembre, ser\u00e1 en la escuela primaria \u201cGustavo D\u00edaz Ordaz\u201d del Xochil Yahualica y finaliza el d\u00eda 9 en la escuela primaria \u201c21 de Marzo\u201d de la localidad de Temanaxtepec.<\/p>\n","protected":false},"excerpt":{"rendered":"<p>Por Roberto Meza\/Zunoticia Yahualica, Hgo. &#8211; Con el fin de seguir aplicando las vacunas anticovid 19, a todos los ni\u00f1os de las edades de 5 a 11 a\u00f1os, el \u00e1rea de Salud municipal da conocer la calendarizaci\u00f3n de la aplicaci\u00f3n de estas vacunas para esta semana, a fin de que los padres de familia est\u00e9n&hellip; <a class=\"more-link\" href=\"https:\/\/www.zunoticia.com\/noticias-de-hidalgo\/2022\/09\/05\/dan-a-conocer-la-calendarizacion-de-la-aplicacion-de-vacunas-para-ninos\/\">Seguir leyendo <span class=\"screen-reader-text\">Dan a conocer la calendarizaci\u00f3n de la aplicaci\u00f3n de vacunas para ni\u00f1os<\/span><\/a><\/p>\n","protected":false},"author":12,"featured_media":442793,"comment_status":"closed","ping_status":"open","sticky":false,"template":"","format":"standard","meta":{"rop_custom_images_group":[],"rop_custom_messages_group":[],"rop_publish_now":"initial","rop_publish_now_accounts":{"facebook_10159540855086992_322828327761733":""},"rop_publish_now_history":[],"rop_publish_now_status":"pending","footnotes":""},"categories":[179,203],"tags":[123],"class_list":["post-442792","post","type-post","status-publish","format-standard","has-post-thumbnail","hentry","category-huasteca","category-yahualica","tag-yahualica","entry"],"_links":{"self":[{"href":"https:\/\/www.zunoticia.com\/noticias-de-hidalgo\/wp-json\/wp\/v2\/posts\/442792","targetHints":{"allow":["GET"]}}],"collection":[{"href":"https:\/\/www.zunoticia.com\/noticias-de-hidalgo\/wp-json\/wp\/v2\/posts"}],"about":[{"href":"https:\/\/www.zunoticia.com\/noticias-de-hidalgo\/wp-json\/wp\/v2\/types\/post"}],"author":[{"embeddable":true,"href":"https:\/\/www.zunoticia.com\/noticias-de-hidalgo\/wp-json\/wp\/v2\/users\/12"}],"replies":[{"embeddable":true,"href":"https:\/\/www.zunoticia.com\/noticias-de-hidalgo\/wp-json\/wp\/v2\/comments?post=442792"}],"version-history":[{"count":1,"href":"https:\/\/www.zunoticia.com\/noticias-de-hidalgo\/wp-json\/wp\/v2\/posts\/442792\/revisions"}],"predecessor-version":[{"id":442794,"href":"https:\/\/www.zunoticia.com\/noticias-de-hidalgo\/wp-json\/wp\/v2\/posts\/442792\/revisions\/442794"}],"wp:featuredmedia":[{"embeddable":true,"href":"https:\/\/www.zunoticia.com\/noticias-de-hidalgo\/wp-json\/wp\/v2\/media\/442793"}],"wp:attachment":[{"href":"https:\/\/www.zunoticia.com\/noticias-de-hidalgo\/wp-json\/wp\/v2\/media?parent=442792"}],"wp:term":[{"taxonomy":"category","embeddable":true,"href":"https:\/\/www.zunoticia.com\/noticias-de-hidalgo\/wp-json\/wp\/v2\/categories?post=442792"},{"taxonomy":"post_tag","embeddable":true,"href":"https:\/\/www.zunoticia.com\/noticias-de-hidalgo\/wp-json\/wp\/v2\/tags?post=442792"}],"curies":[{"name":"wp","href":"https:\/\/api.w.org\/{rel}","templated":true}]}}