{"id":442807,"date":"2022-09-05T15:41:45","date_gmt":"2022-09-05T20:41:45","guid":{"rendered":"https:\/\/www.zunoticia.com\/noticias-de-hidalgo\/?p=442807"},"modified":"2022-09-05T15:41:47","modified_gmt":"2022-09-05T20:41:47","slug":"julio-menchaca-llama-a-la-conciliacion-el-respeto-a-las-ideologias-y-al-trabajo-conjunto","status":"publish","type":"post","link":"https:\/\/www.zunoticia.com\/noticias-de-hidalgo\/2022\/09\/05\/julio-menchaca-llama-a-la-conciliacion-el-respeto-a-las-ideologias-y-al-trabajo-conjunto\/","title":{"rendered":"Julio Menchaca llama a la conciliaci\u00f3n, el respeto a las ideolog\u00edas y al trabajo conjunto"},"content":{"rendered":"<aside class=\"mashsb-container mashsb-main mashsb-stretched\"><div class=\"mashsb-box\"><div class=\"mashsb-count mash-large\" style=\"float:left\"><div class=\"counts mashsbcount\">22<\/div><span class=\"mashsb-sharetext\">SHARES<\/span><\/div><div class=\"mashsb-buttons\"><a class=\"mashicon-facebook mash-large mash-center mashsb-noshadow\" href=\"https:\/\/www.facebook.com\/sharer.php?u=https%3A%2F%2Fwww.zunoticia.com%2Fnoticias-de-hidalgo%2F2022%2F09%2F05%2Fjulio-menchaca-llama-a-la-conciliacion-el-respeto-a-las-ideologias-y-al-trabajo-conjunto%2F\" target=\"_top\" rel=\"nofollow\"><span class=\"icon\"><\/span><span class=\"text\">Share<\/span><\/a><a class=\"mashicon-twitter mash-large mash-center mashsb-noshadow\" href=\"https:\/\/twitter.com\/intent\/tweet?text=&amp;url=https:\/\/www.zunoticia.com\/noticias-de-hidalgo\/2022\/09\/05\/julio-menchaca-llama-a-la-conciliacion-el-respeto-a-las-ideologias-y-al-trabajo-conjunto\/\" target=\"_top\" rel=\"nofollow\"><span class=\"icon\"><\/span><span class=\"text\">Tweet<\/span><\/a><div class=\"onoffswitch2 mash-large mashsb-noshadow\" style=\"display:none\"><\/div><\/div>\n            <\/div>\n                <div style=\"clear:both\"><\/div><div class=\"mashsb-toggle-container\"><\/div><\/aside>\n            <!-- Share buttons by mashshare.net - Version: 4.0.47-->\n<ul class=\"wp-block-list\"><li>Menchaca Salazar rindi\u00f3 protesta como Gobernador Constitucional de Hidalgo, durante un acto p\u00fablico en plaza Ju\u00e1rez de Pachuca<\/li><\/ul>\n\n\n\n<p><em>Por Redacci\u00f3n\/Zunoticia<\/em><\/p>\n\n\n\n<p><strong>Pachuca de Soto, Hgo. &#8211;<\/strong> Julio Menchaca Salazar rindi\u00f3 protesta como Gobernador Constitucional del Estado, en un acto p\u00fablico realizado en la plaza Ju\u00e1rez de Pachuca, donde se congregaron miles de hidalguenses para atestiguar el inicio de la transformaci\u00f3n de Hidalgo.<\/p>\n\n\n\n<figure class=\"wp-block-image size-large\"><img fetchpriority=\"high\" decoding=\"async\" width=\"1024\" height=\"682\" src=\"https:\/\/www.zunoticia.com\/noticias-de-hidalgo\/wp-content\/uploads\/2022\/09\/WhatsApp-Image-2022-09-05-at-3.39.47-PM-3-1024x682.jpeg\" alt=\"\" class=\"wp-image-442809\" srcset=\"https:\/\/www.zunoticia.com\/noticias-de-hidalgo\/wp-content\/uploads\/2022\/09\/WhatsApp-Image-2022-09-05-at-3.39.47-PM-3-1024x682.jpeg 1024w, https:\/\/www.zunoticia.com\/noticias-de-hidalgo\/wp-content\/uploads\/2022\/09\/WhatsApp-Image-2022-09-05-at-3.39.47-PM-3-300x200.jpeg 300w, https:\/\/www.zunoticia.com\/noticias-de-hidalgo\/wp-content\/uploads\/2022\/09\/WhatsApp-Image-2022-09-05-at-3.39.47-PM-3-768x512.jpeg 768w, https:\/\/www.zunoticia.com\/noticias-de-hidalgo\/wp-content\/uploads\/2022\/09\/WhatsApp-Image-2022-09-05-at-3.39.47-PM-3.jpeg 1280w\" sizes=\"(max-width: 1024px) 100vw, 1024px\" \/><\/figure>\n\n\n\n<p>Durante su mensaje, Menchaca llam\u00f3 a las y los hidalguenses a la conciliaci\u00f3n, la armon\u00eda y el trabajo conjunto entre sociedad y gobierno, como un reflejo de la nueva realidad pol\u00edtica que vive el estado.<\/p>\n\n\n\n<p>\u201cPor eso manifiesto desde hoy mi respeto a todas las expresiones y actores pol\u00edticos de la entidad\u201d, afirm\u00f3 el nuevo titular del Poder Ejecutivo.<\/p>\n\n\n\n<p>Asimismo, expres\u00f3 que ha llegado el momento de poner orden y pidi\u00f3 a las y los hidalguenses tener confianza, pues no les va a fallar, ya que lo mejor est\u00e1 por venir para el estado.<\/p>\n\n\n\n<figure class=\"wp-block-image size-large\"><img decoding=\"async\" width=\"1024\" height=\"682\" src=\"https:\/\/www.zunoticia.com\/noticias-de-hidalgo\/wp-content\/uploads\/2022\/09\/WhatsApp-Image-2022-09-05-at-3.39.47-PM-2-1024x682.jpeg\" alt=\"\" class=\"wp-image-442810\" srcset=\"https:\/\/www.zunoticia.com\/noticias-de-hidalgo\/wp-content\/uploads\/2022\/09\/WhatsApp-Image-2022-09-05-at-3.39.47-PM-2-1024x682.jpeg 1024w, https:\/\/www.zunoticia.com\/noticias-de-hidalgo\/wp-content\/uploads\/2022\/09\/WhatsApp-Image-2022-09-05-at-3.39.47-PM-2-300x200.jpeg 300w, https:\/\/www.zunoticia.com\/noticias-de-hidalgo\/wp-content\/uploads\/2022\/09\/WhatsApp-Image-2022-09-05-at-3.39.47-PM-2-768x512.jpeg 768w, https:\/\/www.zunoticia.com\/noticias-de-hidalgo\/wp-content\/uploads\/2022\/09\/WhatsApp-Image-2022-09-05-at-3.39.47-PM-2.jpeg 1280w\" sizes=\"(max-width: 1024px) 100vw, 1024px\" \/><\/figure>\n\n\n\n<p>Durante su mensaje, ante m\u00e1s de 4 mil asistentes, dej\u00f3 claro que ha llegado el momento de devolverle al ejercicio del poder el sentido \u00e9tico y moral, quitarle la frivolidad, la opulencia y el derroche. \u201cDebemos devolverle a la pol\u00edtica su dignidad y a los pol\u00edticos su vocaci\u00f3n social y de servicio p\u00fablico\u201d.<\/p>\n\n\n\n<p>Record\u00f3 tambi\u00e9n que su gobierno se regir\u00e1 por los principios de la Cuarta Transformaci\u00f3n, que son los de no mentir, no robar y no traicionar al pueblo.<\/p>\n\n\n\n<p>Menchaca Salazar dijo: \u201cComenzamos a escribir un nuevo cap\u00edtulo en la vida p\u00fablica de Hidalgo. Este 5 de septiembre inicia un nuevo r\u00e9gimen, que permitir\u00e1 la transformaci\u00f3n de nuestro estado; es la oportunidad de construir, de la mano del pueblo, la anhelada alternancia para Hidalgo, y tenemos lo que hace falta para lograrlo.\u201d<\/p>\n\n\n\n<p>El gobernador record\u00f3 que despu\u00e9s de 93 a\u00f1os, la ciudadan\u00eda hidalguense decidi\u00f3 de manera libre y democr\u00e1tica hacer un cambio de rumbo, para terminar con las malas pr\u00e1cticas del viejo sistema: \u201cHay muchos problemas antiguos y complejos, pero unidos podemos superarlos, \u00a1porque con el pueblo todo y sin el pueblo nada!\u201d<\/p>\n\n\n\n<p>Julio Menchaca dio a conocer que se erradicar\u00e1 la corrupci\u00f3n y la impunidad, para llevar los recursos p\u00fablicos a donde la gente los necesita.<\/p>\n\n\n\n<figure class=\"wp-block-image size-large\"><img decoding=\"async\" width=\"1024\" height=\"682\" src=\"https:\/\/www.zunoticia.com\/noticias-de-hidalgo\/wp-content\/uploads\/2022\/09\/WhatsApp-Image-2022-09-05-at-3.39.47-PM-1024x682.jpeg\" alt=\"\" class=\"wp-image-442812\" srcset=\"https:\/\/www.zunoticia.com\/noticias-de-hidalgo\/wp-content\/uploads\/2022\/09\/WhatsApp-Image-2022-09-05-at-3.39.47-PM-1024x682.jpeg 1024w, https:\/\/www.zunoticia.com\/noticias-de-hidalgo\/wp-content\/uploads\/2022\/09\/WhatsApp-Image-2022-09-05-at-3.39.47-PM-300x200.jpeg 300w, https:\/\/www.zunoticia.com\/noticias-de-hidalgo\/wp-content\/uploads\/2022\/09\/WhatsApp-Image-2022-09-05-at-3.39.47-PM-768x512.jpeg 768w, https:\/\/www.zunoticia.com\/noticias-de-hidalgo\/wp-content\/uploads\/2022\/09\/WhatsApp-Image-2022-09-05-at-3.39.47-PM.jpeg 1280w\" sizes=\"(max-width: 1024px) 100vw, 1024px\" \/><\/figure>\n\n\n\n<p>Asimismo, reiter\u00f3 que con esta administraci\u00f3n inicia la lucha a favor de la igualdad de g\u00e9nero, de m\u00e1s beneficios para las personas adultas mayores, para los grupos de la diversidad y para las personas con discapacidad.<\/p>\n\n\n\n<p>\u201cLa alternancia es hoy una realidad: la esperanza venci\u00f3 a la imposici\u00f3n. \u00a1En Hidalgo ya inici\u00f3 la transformaci\u00f3n!\u201d, enfatiz\u00f3.<\/p>\n\n\n\n<p>Menchaca se dirigi\u00f3 a las y los hidalguenses presentes y a los que siguieron la transmisi\u00f3n por los diferentes medios de comunicaci\u00f3n, para decirles que su gobierno representa a todas y todos, por lo que trabajando en conjunto con la sociedad se afrontar\u00e1n los retos del estado.<\/p>\n\n\n\n<figure class=\"wp-block-image size-large\"><img loading=\"lazy\" decoding=\"async\" width=\"1024\" height=\"682\" src=\"https:\/\/www.zunoticia.com\/noticias-de-hidalgo\/wp-content\/uploads\/2022\/09\/WhatsApp-Image-2022-09-05-at-3.39.47-PM-1-1024x682.jpeg\" alt=\"\" class=\"wp-image-442811\" srcset=\"https:\/\/www.zunoticia.com\/noticias-de-hidalgo\/wp-content\/uploads\/2022\/09\/WhatsApp-Image-2022-09-05-at-3.39.47-PM-1-1024x682.jpeg 1024w, https:\/\/www.zunoticia.com\/noticias-de-hidalgo\/wp-content\/uploads\/2022\/09\/WhatsApp-Image-2022-09-05-at-3.39.47-PM-1-300x200.jpeg 300w, https:\/\/www.zunoticia.com\/noticias-de-hidalgo\/wp-content\/uploads\/2022\/09\/WhatsApp-Image-2022-09-05-at-3.39.47-PM-1-768x512.jpeg 768w, https:\/\/www.zunoticia.com\/noticias-de-hidalgo\/wp-content\/uploads\/2022\/09\/WhatsApp-Image-2022-09-05-at-3.39.47-PM-1.jpeg 1280w\" sizes=\"(max-width: 1024px) 100vw, 1024px\" \/><\/figure>\n\n\n\n<p>En la toma de protesta de Julio Menchaca Salazar, lo acompa\u00f1aron personalidades como Ad\u00e1n Augusto L\u00f3pez Hern\u00e1ndez, secretario de Gobernaci\u00f3n, en representaci\u00f3n del presidente Andr\u00e9s Manuel L\u00f3pez Obrador; Claudia Sheinbaum Pardo, Jefa de Gobierno de la Ciudad de M\u00e9xico; Marcelo Ebrard Casaub\u00f3n, secretario de Relaciones Exteriores, y el senador Ricardo Monreal \u00c1vila.<\/p>\n\n\n\n<p>Adem\u00e1s, asistieron gobernadoras y gobernadores de otros estados, senadoras y senadores de la Rep\u00fablica, diputadas y diputados federales y locales, presidentas y presidentes municipales, as\u00ed como funcionarias y funcionarios de los tres niveles de gobierno.<\/p>\n","protected":false},"excerpt":{"rendered":"<p>Menchaca Salazar rindi\u00f3 protesta como Gobernador Constitucional de Hidalgo, durante un acto p\u00fablico en plaza Ju\u00e1rez de Pachuca Por Redacci\u00f3n\/Zunoticia Pachuca de Soto, Hgo. &#8211; Julio Menchaca Salazar rindi\u00f3 protesta como Gobernador Constitucional del Estado, en un acto p\u00fablico realizado en la plaza Ju\u00e1rez de Pachuca, donde se congregaron miles de hidalguenses para atestiguar el&hellip; <a class=\"more-link\" href=\"https:\/\/www.zunoticia.com\/noticias-de-hidalgo\/2022\/09\/05\/julio-menchaca-llama-a-la-conciliacion-el-respeto-a-las-ideologias-y-al-trabajo-conjunto\/\">Seguir leyendo <span class=\"screen-reader-text\">Julio Menchaca llama a la conciliaci\u00f3n, el respeto a las ideolog\u00edas y al trabajo conjunto<\/span><\/a><\/p>\n","protected":false},"author":12,"featured_media":442808,"comment_status":"closed","ping_status":"open","sticky":false,"template":"","format":"standard","meta":{"rop_custom_images_group":[],"rop_custom_messages_group":[],"rop_publish_now":"initial","rop_publish_now_accounts":{"facebook_10159540855086992_322828327761733":""},"rop_publish_now_history":[],"rop_publish_now_status":"pending","footnotes":""},"categories":[208],"tags":[214],"class_list":["post-442807","post","type-post","status-publish","format-standard","has-post-thumbnail","hentry","category-estado","tag-estado","entry"],"_links":{"self":[{"href":"https:\/\/www.zunoticia.com\/noticias-de-hidalgo\/wp-json\/wp\/v2\/posts\/442807","targetHints":{"allow":["GET"]}}],"collection":[{"href":"https:\/\/www.zunoticia.com\/noticias-de-hidalgo\/wp-json\/wp\/v2\/posts"}],"about":[{"href":"https:\/\/www.zunoticia.com\/noticias-de-hidalgo\/wp-json\/wp\/v2\/types\/post"}],"author":[{"embeddable":true,"href":"https:\/\/www.zunoticia.com\/noticias-de-hidalgo\/wp-json\/wp\/v2\/users\/12"}],"replies":[{"embeddable":true,"href":"https:\/\/www.zunoticia.com\/noticias-de-hidalgo\/wp-json\/wp\/v2\/comments?post=442807"}],"version-history":[{"count":1,"href":"https:\/\/www.zunoticia.com\/noticias-de-hidalgo\/wp-json\/wp\/v2\/posts\/442807\/revisions"}],"predecessor-version":[{"id":442813,"href":"https:\/\/www.zunoticia.com\/noticias-de-hidalgo\/wp-json\/wp\/v2\/posts\/442807\/revisions\/442813"}],"wp:featuredmedia":[{"embeddable":true,"href":"https:\/\/www.zunoticia.com\/noticias-de-hidalgo\/wp-json\/wp\/v2\/media\/442808"}],"wp:attachment":[{"href":"https:\/\/www.zunoticia.com\/noticias-de-hidalgo\/wp-json\/wp\/v2\/media?parent=442807"}],"wp:term":[{"taxonomy":"category","embeddable":true,"href":"https:\/\/www.zunoticia.com\/noticias-de-hidalgo\/wp-json\/wp\/v2\/categories?post=442807"},{"taxonomy":"post_tag","embeddable":true,"href":"https:\/\/www.zunoticia.com\/noticias-de-hidalgo\/wp-json\/wp\/v2\/tags?post=442807"}],"curies":[{"name":"wp","href":"https:\/\/api.w.org\/{rel}","templated":true}]}}