{"id":442814,"date":"2022-09-05T15:55:11","date_gmt":"2022-09-05T20:55:11","guid":{"rendered":"https:\/\/www.zunoticia.com\/noticias-de-hidalgo\/?p=442814"},"modified":"2022-09-05T15:55:13","modified_gmt":"2022-09-05T20:55:13","slug":"delegado-pide-precaucion-a-conductores-al-transitar-por-la-generales-azuara","status":"publish","type":"post","link":"https:\/\/www.zunoticia.com\/noticias-de-hidalgo\/2022\/09\/05\/delegado-pide-precaucion-a-conductores-al-transitar-por-la-generales-azuara\/","title":{"rendered":"Delegado pide precauci\u00f3n a conductores al transitar por la Generales Azuara"},"content":{"rendered":"<aside class=\"mashsb-container mashsb-main mashsb-stretched\"><div class=\"mashsb-box\"><div class=\"mashsb-count mash-large\" style=\"float:left\"><div class=\"counts mashsbcount\">32<\/div><span class=\"mashsb-sharetext\">SHARES<\/span><\/div><div class=\"mashsb-buttons\"><a class=\"mashicon-facebook mash-large mash-center mashsb-noshadow\" href=\"https:\/\/www.facebook.com\/sharer.php?u=https%3A%2F%2Fwww.zunoticia.com%2Fnoticias-de-hidalgo%2F2022%2F09%2F05%2Fdelegado-pide-precaucion-a-conductores-al-transitar-por-la-generales-azuara%2F\" target=\"_top\" rel=\"nofollow\"><span class=\"icon\"><\/span><span class=\"text\">Share<\/span><\/a><a class=\"mashicon-twitter mash-large mash-center mashsb-noshadow\" href=\"https:\/\/twitter.com\/intent\/tweet?text=&amp;url=https:\/\/www.zunoticia.com\/noticias-de-hidalgo\/2022\/09\/05\/delegado-pide-precaucion-a-conductores-al-transitar-por-la-generales-azuara\/\" target=\"_top\" rel=\"nofollow\"><span class=\"icon\"><\/span><span class=\"text\">Tweet<\/span><\/a><div class=\"onoffswitch2 mash-large mashsb-noshadow\" style=\"display:none\"><\/div><\/div>\n            <\/div>\n                <div style=\"clear:both\"><\/div><div class=\"mashsb-toggle-container\"><\/div><\/aside>\n            <!-- Share buttons by mashshare.net - Version: 4.0.47-->\n<p><em>Por Enedino Hern\u00e1ndez\/Zunoticia<\/em><\/p>\n\n\n\n<p><strong>Huejutla, Hgo. &#8211;<\/strong> El delegado municipal de la colonia Centro, Felipe de Jes\u00fas Rodr\u00edguez Vera, confirm\u00f3 que esperan en breve se proceda a la colocaci\u00f3n de las nuevas tapas a tres rejillas abiertas sobre la calle Generales Azuara, en esta ciudad de Huejutla.<\/p>\n\n\n\n<p>Dijo que, con oportunidad personal de Balizamiento retir\u00f3 los pedazos que quedaban de las tapas de las rejillas y coloc\u00f3 los se\u00f1alamientos, pero a pesar de estos, propietarios de veh\u00edculos, de manera inconscientes se estacionan en el \u00e1rea en donde mejor les place.<\/p>\n\n\n\n<p>\u201cA\u00fan con los se\u00f1alamientos llegan veh\u00edculos particulares, se estacionan prendiendo sus intermitentes para ir al banco, y a pesar de que est\u00e1 el se\u00f1alamiento por esta situaci\u00f3n, no entienden y los carros tienen que hacer verdaderas maniobras para pasar por esta calle\u201d se\u00f1al\u00f3.<\/p>\n\n\n\n<figure class=\"wp-block-image size-large\"><img fetchpriority=\"high\" decoding=\"async\" width=\"1024\" height=\"576\" src=\"https:\/\/www.zunoticia.com\/noticias-de-hidalgo\/wp-content\/uploads\/2022\/09\/WhatsApp-Image-2022-09-05-at-3.51.47-PM-6-1024x576.jpeg\" alt=\"\" class=\"wp-image-442816\" srcset=\"https:\/\/www.zunoticia.com\/noticias-de-hidalgo\/wp-content\/uploads\/2022\/09\/WhatsApp-Image-2022-09-05-at-3.51.47-PM-6-1024x576.jpeg 1024w, https:\/\/www.zunoticia.com\/noticias-de-hidalgo\/wp-content\/uploads\/2022\/09\/WhatsApp-Image-2022-09-05-at-3.51.47-PM-6-300x169.jpeg 300w, https:\/\/www.zunoticia.com\/noticias-de-hidalgo\/wp-content\/uploads\/2022\/09\/WhatsApp-Image-2022-09-05-at-3.51.47-PM-6-768x432.jpeg 768w, https:\/\/www.zunoticia.com\/noticias-de-hidalgo\/wp-content\/uploads\/2022\/09\/WhatsApp-Image-2022-09-05-at-3.51.47-PM-6.jpeg 1280w\" sizes=\"(max-width: 1024px) 100vw, 1024px\" \/><figcaption><em>Felipe De Jes\u00fas Rodr\u00edguez.<\/em><\/figcaption><\/figure>\n\n\n\n<p>Abund\u00f3 que, este tipo de automovilistas deben tener un poquito de criterio com\u00fan para buscar un mejor espacio para estacionar sus unidades, y despejar esta arteria para que los carros puedan pasar libremente, pero claramente se puede observar que hace falta cultura vial.<\/p>\n\n\n\n<p>Felipe Rodr\u00edguez, se\u00f1ala que, en la calle Generales Azuara hacen falta tres tapas que estaban da\u00f1adas, los pedazos ya fueron retirados y en breve se espera que ya sean colocadas las nuevas, dos de las cuales pertenecen a Telmex.<\/p>\n\n\n\n<p>Explic\u00f3 que, dichas tapas fueron reportadas desde hace m\u00e1s de siete meses y no hicieron caso, por lo que tuvo que venir personal de Balizamiento de la Presidencia para tomar las medidas de estas, ya que la empresa Telmex no tiene la facultad para hacer este trabajo.<\/p>\n\n\n\n<p>Pidi\u00f3 a los automovilistas que tengan mucho cuidado al transitar sobre la calle Generales Azuara, pues a pesar de tener visiblemente los se\u00f1alamientos no hacen caso de los mismos y se estacionan en donde mejor les place, \u201cdeben tener precauci\u00f3n, las tapas est\u00e1n abiertas y podr\u00edan da\u00f1ar sus veh\u00edculos\u201d.<\/p>\n","protected":false},"excerpt":{"rendered":"<p>Por Enedino Hern\u00e1ndez\/Zunoticia Huejutla, Hgo. &#8211; El delegado municipal de la colonia Centro, Felipe de Jes\u00fas Rodr\u00edguez Vera, confirm\u00f3 que esperan en breve se proceda a la colocaci\u00f3n de las nuevas tapas a tres rejillas abiertas sobre la calle Generales Azuara, en esta ciudad de Huejutla. Dijo que, con oportunidad personal de Balizamiento retir\u00f3 los&hellip; <a class=\"more-link\" href=\"https:\/\/www.zunoticia.com\/noticias-de-hidalgo\/2022\/09\/05\/delegado-pide-precaucion-a-conductores-al-transitar-por-la-generales-azuara\/\">Seguir leyendo <span class=\"screen-reader-text\">Delegado pide precauci\u00f3n a conductores al transitar por la Generales Azuara<\/span><\/a><\/p>\n","protected":false},"author":12,"featured_media":442815,"comment_status":"closed","ping_status":"open","sticky":false,"template":"","format":"standard","meta":{"rop_custom_images_group":[],"rop_custom_messages_group":[],"rop_publish_now":"initial","rop_publish_now_accounts":{"facebook_10159540855086992_322828327761733":""},"rop_publish_now_history":[],"rop_publish_now_status":"pending","footnotes":""},"categories":[181],"tags":[121],"class_list":["post-442814","post","type-post","status-publish","format-standard","has-post-thumbnail","hentry","category-huejutla","tag-huejutla","entry"],"_links":{"self":[{"href":"https:\/\/www.zunoticia.com\/noticias-de-hidalgo\/wp-json\/wp\/v2\/posts\/442814","targetHints":{"allow":["GET"]}}],"collection":[{"href":"https:\/\/www.zunoticia.com\/noticias-de-hidalgo\/wp-json\/wp\/v2\/posts"}],"about":[{"href":"https:\/\/www.zunoticia.com\/noticias-de-hidalgo\/wp-json\/wp\/v2\/types\/post"}],"author":[{"embeddable":true,"href":"https:\/\/www.zunoticia.com\/noticias-de-hidalgo\/wp-json\/wp\/v2\/users\/12"}],"replies":[{"embeddable":true,"href":"https:\/\/www.zunoticia.com\/noticias-de-hidalgo\/wp-json\/wp\/v2\/comments?post=442814"}],"version-history":[{"count":1,"href":"https:\/\/www.zunoticia.com\/noticias-de-hidalgo\/wp-json\/wp\/v2\/posts\/442814\/revisions"}],"predecessor-version":[{"id":442817,"href":"https:\/\/www.zunoticia.com\/noticias-de-hidalgo\/wp-json\/wp\/v2\/posts\/442814\/revisions\/442817"}],"wp:featuredmedia":[{"embeddable":true,"href":"https:\/\/www.zunoticia.com\/noticias-de-hidalgo\/wp-json\/wp\/v2\/media\/442815"}],"wp:attachment":[{"href":"https:\/\/www.zunoticia.com\/noticias-de-hidalgo\/wp-json\/wp\/v2\/media?parent=442814"}],"wp:term":[{"taxonomy":"category","embeddable":true,"href":"https:\/\/www.zunoticia.com\/noticias-de-hidalgo\/wp-json\/wp\/v2\/categories?post=442814"},{"taxonomy":"post_tag","embeddable":true,"href":"https:\/\/www.zunoticia.com\/noticias-de-hidalgo\/wp-json\/wp\/v2\/tags?post=442814"}],"curies":[{"name":"wp","href":"https:\/\/api.w.org\/{rel}","templated":true}]}}