{"id":442832,"date":"2022-09-05T16:58:55","date_gmt":"2022-09-05T21:58:55","guid":{"rendered":"https:\/\/www.zunoticia.com\/noticias-de-hidalgo\/?p=442832"},"modified":"2022-09-05T16:58:56","modified_gmt":"2022-09-05T21:58:56","slug":"alcalde-acudio-a-la-toma-de-protesta-de-julio-menchaca","status":"publish","type":"post","link":"https:\/\/www.zunoticia.com\/noticias-de-hidalgo\/2022\/09\/05\/alcalde-acudio-a-la-toma-de-protesta-de-julio-menchaca\/","title":{"rendered":"Alcalde acudi\u00f3 a la toma de protesta de Julio Menchaca"},"content":{"rendered":"<aside class=\"mashsb-container mashsb-main mashsb-stretched\"><div class=\"mashsb-box\"><div class=\"mashsb-count mash-large\" style=\"float:left\"><div class=\"counts mashsbcount\">17<\/div><span class=\"mashsb-sharetext\">SHARES<\/span><\/div><div class=\"mashsb-buttons\"><a class=\"mashicon-facebook mash-large mash-center mashsb-noshadow\" href=\"https:\/\/www.facebook.com\/sharer.php?u=https%3A%2F%2Fwww.zunoticia.com%2Fnoticias-de-hidalgo%2F2022%2F09%2F05%2Falcalde-acudio-a-la-toma-de-protesta-de-julio-menchaca%2F\" target=\"_top\" rel=\"nofollow\"><span class=\"icon\"><\/span><span class=\"text\">Share<\/span><\/a><a class=\"mashicon-twitter mash-large mash-center mashsb-noshadow\" href=\"https:\/\/twitter.com\/intent\/tweet?text=&amp;url=https:\/\/www.zunoticia.com\/noticias-de-hidalgo\/2022\/09\/05\/alcalde-acudio-a-la-toma-de-protesta-de-julio-menchaca\/\" target=\"_top\" rel=\"nofollow\"><span class=\"icon\"><\/span><span class=\"text\">Tweet<\/span><\/a><div class=\"onoffswitch2 mash-large mashsb-noshadow\" style=\"display:none\"><\/div><\/div>\n            <\/div>\n                <div style=\"clear:both\"><\/div><div class=\"mashsb-toggle-container\"><\/div><\/aside>\n            <!-- Share buttons by mashshare.net - Version: 4.0.47-->\n<p><em>Por Redacci\u00f3n\/Zunoticia<\/em><\/p>\n\n\n\n<p><strong>Xochiatipan, Hgo. &#8211;<\/strong> Oscar Bautista Guti\u00e9rrez, presidente municipal de este sitio, acudi\u00f3 a la ciudad de Pachuca como invitado especial a la toma de protesta del Licenciado Julio Ram\u00f3n Menchaca Salazar, nuevo Gobernador Constitucional del estado de Hidalgo.<\/p>\n\n\n\n<p>Al acto asistieron distinguidas personalidades de los \u00e1mbitos pol\u00edtico, social y econ\u00f3mico de nivel nacional, estatal y municipal, quienes atestiguaron el inicio de una nueva era en la administraci\u00f3n p\u00fablica hidalguense.<\/p>\n\n\n\n<figure class=\"wp-block-image size-full\"><img fetchpriority=\"high\" decoding=\"async\" width=\"720\" height=\"540\" src=\"https:\/\/www.zunoticia.com\/noticias-de-hidalgo\/wp-content\/uploads\/2022\/09\/WhatsApp-Image-2022-09-05-at-4.27.09-PM-2.jpeg\" alt=\"\" class=\"wp-image-442834\" srcset=\"https:\/\/www.zunoticia.com\/noticias-de-hidalgo\/wp-content\/uploads\/2022\/09\/WhatsApp-Image-2022-09-05-at-4.27.09-PM-2.jpeg 720w, https:\/\/www.zunoticia.com\/noticias-de-hidalgo\/wp-content\/uploads\/2022\/09\/WhatsApp-Image-2022-09-05-at-4.27.09-PM-2-300x225.jpeg 300w\" sizes=\"(max-width: 720px) 100vw, 720px\" \/><\/figure>\n\n\n\n<p>Oscar Bautista Guti\u00e9rrez, en representaci\u00f3n del pueblo de Xochiatipan y como mandatario de ese lugar, refrend\u00f3 su compromiso de trabajo para todos, en un marco de cordialidad y respeto institucional para lograr que el desarrollo y el progreso sean parte de la vida diaria de los xochiatipenses.<\/p>\n","protected":false},"excerpt":{"rendered":"<p>Por Redacci\u00f3n\/Zunoticia Xochiatipan, Hgo. &#8211; Oscar Bautista Guti\u00e9rrez, presidente municipal de este sitio, acudi\u00f3 a la ciudad de Pachuca como invitado especial a la toma de protesta del Licenciado Julio Ram\u00f3n Menchaca Salazar, nuevo Gobernador Constitucional del estado de Hidalgo. Al acto asistieron distinguidas personalidades de los \u00e1mbitos pol\u00edtico, social y econ\u00f3mico de nivel nacional,&hellip; <a class=\"more-link\" href=\"https:\/\/www.zunoticia.com\/noticias-de-hidalgo\/2022\/09\/05\/alcalde-acudio-a-la-toma-de-protesta-de-julio-menchaca\/\">Seguir leyendo <span class=\"screen-reader-text\">Alcalde acudi\u00f3 a la toma de protesta de Julio Menchaca<\/span><\/a><\/p>\n","protected":false},"author":12,"featured_media":442833,"comment_status":"closed","ping_status":"open","sticky":false,"template":"","format":"standard","meta":{"rop_custom_images_group":[],"rop_custom_messages_group":[],"rop_publish_now":"initial","rop_publish_now_accounts":{"facebook_10159540855086992_322828327761733":""},"rop_publish_now_history":[],"rop_publish_now_status":"pending","footnotes":""},"categories":[179,202],"tags":[135],"class_list":["post-442832","post","type-post","status-publish","format-standard","has-post-thumbnail","hentry","category-huasteca","category-xochiatipan","tag-xochiatipan","entry"],"_links":{"self":[{"href":"https:\/\/www.zunoticia.com\/noticias-de-hidalgo\/wp-json\/wp\/v2\/posts\/442832","targetHints":{"allow":["GET"]}}],"collection":[{"href":"https:\/\/www.zunoticia.com\/noticias-de-hidalgo\/wp-json\/wp\/v2\/posts"}],"about":[{"href":"https:\/\/www.zunoticia.com\/noticias-de-hidalgo\/wp-json\/wp\/v2\/types\/post"}],"author":[{"embeddable":true,"href":"https:\/\/www.zunoticia.com\/noticias-de-hidalgo\/wp-json\/wp\/v2\/users\/12"}],"replies":[{"embeddable":true,"href":"https:\/\/www.zunoticia.com\/noticias-de-hidalgo\/wp-json\/wp\/v2\/comments?post=442832"}],"version-history":[{"count":1,"href":"https:\/\/www.zunoticia.com\/noticias-de-hidalgo\/wp-json\/wp\/v2\/posts\/442832\/revisions"}],"predecessor-version":[{"id":442835,"href":"https:\/\/www.zunoticia.com\/noticias-de-hidalgo\/wp-json\/wp\/v2\/posts\/442832\/revisions\/442835"}],"wp:featuredmedia":[{"embeddable":true,"href":"https:\/\/www.zunoticia.com\/noticias-de-hidalgo\/wp-json\/wp\/v2\/media\/442833"}],"wp:attachment":[{"href":"https:\/\/www.zunoticia.com\/noticias-de-hidalgo\/wp-json\/wp\/v2\/media?parent=442832"}],"wp:term":[{"taxonomy":"category","embeddable":true,"href":"https:\/\/www.zunoticia.com\/noticias-de-hidalgo\/wp-json\/wp\/v2\/categories?post=442832"},{"taxonomy":"post_tag","embeddable":true,"href":"https:\/\/www.zunoticia.com\/noticias-de-hidalgo\/wp-json\/wp\/v2\/tags?post=442832"}],"curies":[{"name":"wp","href":"https:\/\/api.w.org\/{rel}","templated":true}]}}