{"id":442890,"date":"2022-09-05T19:49:34","date_gmt":"2022-09-06T00:49:34","guid":{"rendered":"https:\/\/www.zunoticia.com\/noticias-de-hidalgo\/?p=442890"},"modified":"2022-09-05T19:49:36","modified_gmt":"2022-09-06T00:49:36","slug":"muere-comerciante-huejutlense","status":"publish","type":"post","link":"https:\/\/www.zunoticia.com\/noticias-de-hidalgo\/2022\/09\/05\/muere-comerciante-huejutlense\/","title":{"rendered":"Muere comerciante huejutlense"},"content":{"rendered":"<aside class=\"mashsb-container mashsb-main mashsb-stretched\"><div class=\"mashsb-box\"><div class=\"mashsb-count mash-large\" style=\"float:left\"><div class=\"counts mashsbcount\">75<\/div><span class=\"mashsb-sharetext\">SHARES<\/span><\/div><div class=\"mashsb-buttons\"><a class=\"mashicon-facebook mash-large mash-center mashsb-noshadow\" href=\"https:\/\/www.facebook.com\/sharer.php?u=https%3A%2F%2Fwww.zunoticia.com%2Fnoticias-de-hidalgo%2F2022%2F09%2F05%2Fmuere-comerciante-huejutlense%2F\" target=\"_top\" rel=\"nofollow\"><span class=\"icon\"><\/span><span class=\"text\">Share<\/span><\/a><a class=\"mashicon-twitter mash-large mash-center mashsb-noshadow\" href=\"https:\/\/twitter.com\/intent\/tweet?text=&amp;url=https:\/\/www.zunoticia.com\/noticias-de-hidalgo\/2022\/09\/05\/muere-comerciante-huejutlense\/\" target=\"_top\" rel=\"nofollow\"><span class=\"icon\"><\/span><span class=\"text\">Tweet<\/span><\/a><div class=\"onoffswitch2 mash-large mashsb-noshadow\" style=\"display:none\"><\/div><\/div>\n            <\/div>\n                <div style=\"clear:both\"><\/div><div class=\"mashsb-toggle-container\"><\/div><\/aside>\n            <!-- Share buttons by mashshare.net - Version: 4.0.47-->\n<p><em>Por Redacci\u00f3n\/Zunoticia<\/em><\/p>\n\n\n\n<p><strong>Huejutla, Hgo.-<\/strong> Una persona del sexo masculino originaria de esta ciudad perdi\u00f3 la vida cuando presuntamente conduc\u00eda un veh\u00edculo de carga pesada sobre carretera.<\/p>\n\n\n\n<p>Los hechos ocurrieron durante el transcurso de la noche del pasado viernes sobre la carretera federal M\u00e9xico &#8211; Puebla a la altura del kil\u00f3metro 132, cuando fue reportado a las corporaciones polic\u00edacas una persona del sexo masculino presuntamente sin aparentes signos vitales en el interior de un veh\u00edculo de carga pesada (tr\u00e1iler), por lo que inmediatamente acudieron a verificar.<\/p>\n\n\n\n<p>En el sitio efectivamente se localiz\u00f3 el cuerpo sin vida del hombre, quien minutos m\u00e1s tarde fue identificado como Gast\u00f3n Medina Delgado originario de la ciudad de Huejutla perteneciente al estado de Hidalgo, quien se desempe\u00f1aba como comerciante y el cual se dirig\u00eda por mercanc\u00eda al estado de Puebla, sin embargo, durante el domingo el cuerpo arrib\u00f3 a esta ciudad para que su familia le d\u00e9 cristiana sepultura, de igual forma lo anterior se debi\u00f3 presuntamente a un infarto.<\/p>\n","protected":false},"excerpt":{"rendered":"<p>Por Redacci\u00f3n\/Zunoticia Huejutla, Hgo.- Una persona del sexo masculino originaria de esta ciudad perdi\u00f3 la vida cuando presuntamente conduc\u00eda un veh\u00edculo de carga pesada sobre carretera. Los hechos ocurrieron durante el transcurso de la noche del pasado viernes sobre la carretera federal M\u00e9xico &#8211; Puebla a la altura del kil\u00f3metro 132, cuando fue reportado a&hellip; <a class=\"more-link\" href=\"https:\/\/www.zunoticia.com\/noticias-de-hidalgo\/2022\/09\/05\/muere-comerciante-huejutlense\/\">Seguir leyendo <span class=\"screen-reader-text\">Muere comerciante huejutlense<\/span><\/a><\/p>\n","protected":false},"author":12,"featured_media":442885,"comment_status":"closed","ping_status":"open","sticky":false,"template":"","format":"standard","meta":{"rop_custom_images_group":[],"rop_custom_messages_group":[],"rop_publish_now":"initial","rop_publish_now_accounts":{"facebook_10159540855086992_322828327761733":""},"rop_publish_now_history":[],"rop_publish_now_status":"pending","footnotes":""},"categories":[178],"tags":[259],"class_list":["post-442890","post","type-post","status-publish","format-standard","has-post-thumbnail","hentry","category-policiaca","tag-policiaca","entry"],"_links":{"self":[{"href":"https:\/\/www.zunoticia.com\/noticias-de-hidalgo\/wp-json\/wp\/v2\/posts\/442890","targetHints":{"allow":["GET"]}}],"collection":[{"href":"https:\/\/www.zunoticia.com\/noticias-de-hidalgo\/wp-json\/wp\/v2\/posts"}],"about":[{"href":"https:\/\/www.zunoticia.com\/noticias-de-hidalgo\/wp-json\/wp\/v2\/types\/post"}],"author":[{"embeddable":true,"href":"https:\/\/www.zunoticia.com\/noticias-de-hidalgo\/wp-json\/wp\/v2\/users\/12"}],"replies":[{"embeddable":true,"href":"https:\/\/www.zunoticia.com\/noticias-de-hidalgo\/wp-json\/wp\/v2\/comments?post=442890"}],"version-history":[{"count":1,"href":"https:\/\/www.zunoticia.com\/noticias-de-hidalgo\/wp-json\/wp\/v2\/posts\/442890\/revisions"}],"predecessor-version":[{"id":442891,"href":"https:\/\/www.zunoticia.com\/noticias-de-hidalgo\/wp-json\/wp\/v2\/posts\/442890\/revisions\/442891"}],"wp:featuredmedia":[{"embeddable":true,"href":"https:\/\/www.zunoticia.com\/noticias-de-hidalgo\/wp-json\/wp\/v2\/media\/442885"}],"wp:attachment":[{"href":"https:\/\/www.zunoticia.com\/noticias-de-hidalgo\/wp-json\/wp\/v2\/media?parent=442890"}],"wp:term":[{"taxonomy":"category","embeddable":true,"href":"https:\/\/www.zunoticia.com\/noticias-de-hidalgo\/wp-json\/wp\/v2\/categories?post=442890"},{"taxonomy":"post_tag","embeddable":true,"href":"https:\/\/www.zunoticia.com\/noticias-de-hidalgo\/wp-json\/wp\/v2\/tags?post=442890"}],"curies":[{"name":"wp","href":"https:\/\/api.w.org\/{rel}","templated":true}]}}