{"id":442943,"date":"2022-09-05T21:27:28","date_gmt":"2022-09-06T02:27:28","guid":{"rendered":"https:\/\/www.zunoticia.com\/noticias-de-hidalgo\/?p=442943"},"modified":"2022-09-05T21:27:31","modified_gmt":"2022-09-06T02:27:31","slug":"espejeando-por-perseo-401","status":"publish","type":"post","link":"https:\/\/www.zunoticia.com\/noticias-de-hidalgo\/2022\/09\/05\/espejeando-por-perseo-401\/","title":{"rendered":"ESPEJEANDO por Perseo"},"content":{"rendered":"<aside class=\"mashsb-container mashsb-main mashsb-stretched\"><div class=\"mashsb-box\"><div class=\"mashsb-count mash-large\" style=\"float:left\"><div class=\"counts mashsbcount\">23<\/div><span class=\"mashsb-sharetext\">SHARES<\/span><\/div><div class=\"mashsb-buttons\"><a class=\"mashicon-facebook mash-large mash-center mashsb-noshadow\" href=\"https:\/\/www.facebook.com\/sharer.php?u=https%3A%2F%2Fwww.zunoticia.com%2Fnoticias-de-hidalgo%2F2022%2F09%2F05%2Fespejeando-por-perseo-401%2F\" target=\"_top\" rel=\"nofollow\"><span class=\"icon\"><\/span><span class=\"text\">Share<\/span><\/a><a class=\"mashicon-twitter mash-large mash-center mashsb-noshadow\" href=\"https:\/\/twitter.com\/intent\/tweet?text=&amp;url=https:\/\/www.zunoticia.com\/noticias-de-hidalgo\/2022\/09\/05\/espejeando-por-perseo-401\/\" target=\"_top\" rel=\"nofollow\"><span class=\"icon\"><\/span><span class=\"text\">Tweet<\/span><\/a><div class=\"onoffswitch2 mash-large mashsb-noshadow\" style=\"display:none\"><\/div><\/div>\n            <\/div>\n                <div style=\"clear:both\"><\/div><div class=\"mashsb-toggle-container\"><\/div><\/aside>\n            <!-- Share buttons by mashshare.net - Version: 4.0.47-->\n<p>\u2022 Durante la campa\u00f1a pol\u00edtica el grito de posicionamiento se centr\u00f3 en contra de un sistema que ten\u00eda a\u00f1os gobernando, y fue el clamor popular y la participaci\u00f3n social quienes tomaron la apuesta de instalar a Julio Menchaca como Gobernador, a Morena y a la Cuarta Transformaci\u00f3n en el tim\u00f3n del Estado de Hidalgo.<\/p>\n\n\n\n<p>\u2022 Un momento para celebrar y contrastar ideas, para reflexionar seriamente, porque entendamos que el primer gran paso est\u00e1 dado, ya est\u00e1 del lado de la historia el poder pol\u00edtico para transformar, pero la tarea apenas comienza.<\/p>\n\n\n\n<p>\u2022 Por eso hablemos de la profundidad del mensaje del gobernador Julio Menchaca, pongamos atenci\u00f3n en lo que pidi\u00f3 al micr\u00f3fono, llama a la conciliaci\u00f3n, al respeto a las ideolog\u00edas y al trabajo conjunto entre pueblo y sociedad.<\/p>\n\n\n\n<p>\u2022 Manifest\u00f3 su respeto a todas las expresiones y actores pol\u00edticos de la entidad.<\/p>\n\n\n\n<p>\u2022 Les dijo &#8220;estamos en otro momento&#8221;, ya no era el candidato ni el gobernador electo, hablaba ya el responsable del estado hidalguense, por eso se refiri\u00f3 a poner orden y pidi\u00f3 a las y los hidalguenses tener confianza, pues no les va a fallar.<\/p>\n\n\n\n<p>\u2022 Y lo m\u00e1s destacable fue cuando el gobernador consider\u00f3 \u201ces el tiempo de devolverle al ejercicio del poder el sentido \u00e9tico y moral, quitarle la frivolidad, la opulencia\u201d.<\/p>\n\n\n\n<p>\u2022 Es decir, ahora est\u00e1n de frente los problemas hist\u00f3ricos de Hidalgo.<\/p>\n\n\n\n<p>\u2022 Nada sencillos, m\u00e1s bien complejos, pero confi\u00f3 en que unidos se puedan superar.<\/p>\n\n\n\n<p>\u2022 Es compromiso lo de erradicar la corrupci\u00f3n y la impunidad, para llevar los recursos p\u00fablicos a donde la gente los necesita. Que inicia la lucha a favor de la igualdad de g\u00e9nero, de m\u00e1s beneficios para las personas adultas mayores, para los grupos de la diversidad y para las personas con discapacidad.<\/p>\n\n\n\n<p>\u2022 Testigos, m\u00e1s de cuatro mil personas, Ad\u00e1n Augusto L\u00f3pez Hern\u00e1ndez secretario de Gobernaci\u00f3n en representaci\u00f3n del presidente Andr\u00e9s Manuel L\u00f3pez Obrador, Claudia Sheinbaum Pardo Jefa de Gobierno de la Ciudad de M\u00e9xico, Marcelo Ebrard Casaub\u00f3n secretario de Relaciones Exteriores y el senador Ricardo Monreal \u00c1vila. Gobernadoras y gobernadores de otros estados, senadoras y senadores de la Rep\u00fablica, diputadas y diputados federales y locales, alcaldesas y presidentes municipales, as\u00ed como funcionarias y funcionarios de los tres niveles de gobierno.<\/p>\n\n\n\n<p>\u2022 Hay que advertir que Hidalgo y Julio Menchaca fueron la plataforma ideal para sentar al secretario de gobernaci\u00f3n Ad\u00e1n Augusto, al senador Ricardo Monreal, tambi\u00e9n a Claudia Sheinbaum, Marcelo Ebrard y Mario Delgado. Fue Hidalgo el lugar en donde se escucharon los aplausos y rechiflas entre ellos mismos, es cosa interna que poco a poco ir\u00e1 disip\u00e1ndose.<\/p>\n\n\n\n<p>\u2022 Por eso dec\u00edamos que la tarea en Hidalgo apenas inici\u00f3, lo que s\u00ed podemos estar seguros es que hay un gobernador prudente, tolerante, democr\u00e1tico y que tiene al Presidente de M\u00e9xico Andr\u00e9s Manuel L\u00f3pez Obrador de su lado, y por si fuera poco, la presencia de los cuatro aspirantes de la rep\u00fablica presentes, habla de que se garantiza que a Hidalgo le ir\u00e1 bien y le seguir\u00e1 un buen futuro.<\/p>\n\n\n\n<p>\u2022\u2022 A Carlos Fayad Ruiz, ex presidente de Huejutla, y cabeza de un grupo pol\u00edtico importante, no solo se le apreci\u00f3 junto con su familia en el evento de toma de posesi\u00f3n del gobernador Julio Menchaca, sino que, contrario a sus costumbres de ser muy reservado, accedi\u00f3 a una entrevista para exponer las enormes expectativas que se tienen en el gobierno entrante. \u00bfSe estar\u00e1 cocinando algo?<\/p>\n\n\n\n<figure class=\"wp-block-image size-large\"><img fetchpriority=\"high\" decoding=\"async\" width=\"1024\" height=\"768\" src=\"https:\/\/www.zunoticia.com\/noticias-de-hidalgo\/wp-content\/uploads\/2022\/09\/WhatsApp-Image-2022-09-05-at-7.08.34-PM-1024x768.jpeg\" alt=\"\" class=\"wp-image-442944\" srcset=\"https:\/\/www.zunoticia.com\/noticias-de-hidalgo\/wp-content\/uploads\/2022\/09\/WhatsApp-Image-2022-09-05-at-7.08.34-PM-1024x768.jpeg 1024w, https:\/\/www.zunoticia.com\/noticias-de-hidalgo\/wp-content\/uploads\/2022\/09\/WhatsApp-Image-2022-09-05-at-7.08.34-PM-300x225.jpeg 300w, https:\/\/www.zunoticia.com\/noticias-de-hidalgo\/wp-content\/uploads\/2022\/09\/WhatsApp-Image-2022-09-05-at-7.08.34-PM-768x576.jpeg 768w, https:\/\/www.zunoticia.com\/noticias-de-hidalgo\/wp-content\/uploads\/2022\/09\/WhatsApp-Image-2022-09-05-at-7.08.34-PM.jpeg 1440w\" sizes=\"(max-width: 1024px) 100vw, 1024px\" \/><\/figure>\n","protected":false},"excerpt":{"rendered":"<p>\u2022 Durante la campa\u00f1a pol\u00edtica el grito de posicionamiento se centr\u00f3 en contra de un sistema que ten\u00eda a\u00f1os gobernando, y fue el clamor popular y la participaci\u00f3n social quienes tomaron la apuesta de instalar a Julio Menchaca como Gobernador, a Morena y a la Cuarta Transformaci\u00f3n en el tim\u00f3n del Estado de Hidalgo. \u2022&hellip; <a class=\"more-link\" href=\"https:\/\/www.zunoticia.com\/noticias-de-hidalgo\/2022\/09\/05\/espejeando-por-perseo-401\/\">Seguir leyendo <span class=\"screen-reader-text\">ESPEJEANDO por Perseo<\/span><\/a><\/p>\n","protected":false},"author":12,"featured_media":442945,"comment_status":"closed","ping_status":"open","sticky":false,"template":"","format":"standard","meta":{"rop_custom_images_group":[],"rop_custom_messages_group":[],"rop_publish_now":"initial","rop_publish_now_accounts":{"facebook_10159540855086992_322828327761733":""},"rop_publish_now_history":[],"rop_publish_now_status":"pending","footnotes":""},"categories":[176],"tags":[205],"class_list":["post-442943","post","type-post","status-publish","format-standard","has-post-thumbnail","hentry","category-espejeando","tag-espejeando","entry"],"_links":{"self":[{"href":"https:\/\/www.zunoticia.com\/noticias-de-hidalgo\/wp-json\/wp\/v2\/posts\/442943","targetHints":{"allow":["GET"]}}],"collection":[{"href":"https:\/\/www.zunoticia.com\/noticias-de-hidalgo\/wp-json\/wp\/v2\/posts"}],"about":[{"href":"https:\/\/www.zunoticia.com\/noticias-de-hidalgo\/wp-json\/wp\/v2\/types\/post"}],"author":[{"embeddable":true,"href":"https:\/\/www.zunoticia.com\/noticias-de-hidalgo\/wp-json\/wp\/v2\/users\/12"}],"replies":[{"embeddable":true,"href":"https:\/\/www.zunoticia.com\/noticias-de-hidalgo\/wp-json\/wp\/v2\/comments?post=442943"}],"version-history":[{"count":1,"href":"https:\/\/www.zunoticia.com\/noticias-de-hidalgo\/wp-json\/wp\/v2\/posts\/442943\/revisions"}],"predecessor-version":[{"id":442946,"href":"https:\/\/www.zunoticia.com\/noticias-de-hidalgo\/wp-json\/wp\/v2\/posts\/442943\/revisions\/442946"}],"wp:featuredmedia":[{"embeddable":true,"href":"https:\/\/www.zunoticia.com\/noticias-de-hidalgo\/wp-json\/wp\/v2\/media\/442945"}],"wp:attachment":[{"href":"https:\/\/www.zunoticia.com\/noticias-de-hidalgo\/wp-json\/wp\/v2\/media?parent=442943"}],"wp:term":[{"taxonomy":"category","embeddable":true,"href":"https:\/\/www.zunoticia.com\/noticias-de-hidalgo\/wp-json\/wp\/v2\/categories?post=442943"},{"taxonomy":"post_tag","embeddable":true,"href":"https:\/\/www.zunoticia.com\/noticias-de-hidalgo\/wp-json\/wp\/v2\/tags?post=442943"}],"curies":[{"name":"wp","href":"https:\/\/api.w.org\/{rel}","templated":true}]}}