{"id":443206,"date":"2022-09-07T13:43:33","date_gmt":"2022-09-07T18:43:33","guid":{"rendered":"https:\/\/www.zunoticia.com\/noticias-de-hidalgo\/?p=443206"},"modified":"2022-09-07T13:43:35","modified_gmt":"2022-09-07T18:43:35","slug":"inician-decoracion-con-motivo-del-mes-patrio","status":"publish","type":"post","link":"https:\/\/www.zunoticia.com\/noticias-de-hidalgo\/2022\/09\/07\/inician-decoracion-con-motivo-del-mes-patrio\/","title":{"rendered":"Inician decoraci\u00f3n con motivo del mes patrio"},"content":{"rendered":"<aside class=\"mashsb-container mashsb-main mashsb-stretched\"><div class=\"mashsb-box\"><div class=\"mashsb-count mash-large\" style=\"float:left\"><div class=\"counts mashsbcount\">18<\/div><span class=\"mashsb-sharetext\">SHARES<\/span><\/div><div class=\"mashsb-buttons\"><a class=\"mashicon-facebook mash-large mash-center mashsb-noshadow\" href=\"https:\/\/www.facebook.com\/sharer.php?u=https%3A%2F%2Fwww.zunoticia.com%2Fnoticias-de-hidalgo%2F2022%2F09%2F07%2Finician-decoracion-con-motivo-del-mes-patrio%2F\" target=\"_top\" rel=\"nofollow\"><span class=\"icon\"><\/span><span class=\"text\">Share<\/span><\/a><a class=\"mashicon-twitter mash-large mash-center mashsb-noshadow\" href=\"https:\/\/twitter.com\/intent\/tweet?text=&amp;url=https:\/\/www.zunoticia.com\/noticias-de-hidalgo\/2022\/09\/07\/inician-decoracion-con-motivo-del-mes-patrio\/\" target=\"_top\" rel=\"nofollow\"><span class=\"icon\"><\/span><span class=\"text\">Tweet<\/span><\/a><div class=\"onoffswitch2 mash-large mashsb-noshadow\" style=\"display:none\"><\/div><\/div>\n            <\/div>\n                <div style=\"clear:both\"><\/div><div class=\"mashsb-toggle-container\"><\/div><\/aside>\n            <!-- Share buttons by mashshare.net - Version: 4.0.47-->\n<p><em>Por Redacci\u00f3n\/Zunoticia<\/em><\/p>\n\n\n\n<p><strong>Xochiatipan, Hgo. &#8211;<\/strong> Para dar realce al mes de la patria, el gobierno municipal que preside Oscar Bautista Guti\u00e9rrez, a trav\u00e9s del \u00e1rea de Turismo y Cultura Municipal, dio inicio a la colocaci\u00f3n de adornos alusivos a la lucha de independencia.<\/p>\n\n\n\n<p>En entrevista el mandatario inform\u00f3 que el d\u00eda 15 de septiembre se estar\u00e1 organizando un evento art\u00edstico \u2013 cultural, a fin de que las familias puedan disfrutar de una noche mexicana llena de alegr\u00eda y emoci\u00f3n.<\/p>\n\n\n\n<figure class=\"wp-block-gallery has-nested-images columns-default is-cropped wp-block-gallery-1 is-layout-flex wp-block-gallery-is-layout-flex\">\n<figure class=\"wp-block-image size-large\"><img fetchpriority=\"high\" decoding=\"async\" width=\"1000\" height=\"750\" data-id=\"443209\" src=\"https:\/\/www.zunoticia.com\/noticias-de-hidalgo\/wp-content\/uploads\/2022\/09\/WhatsApp-Image-2022-09-07-at-1.17.59-PM-2.jpeg\" alt=\"\" class=\"wp-image-443209\" srcset=\"https:\/\/www.zunoticia.com\/noticias-de-hidalgo\/wp-content\/uploads\/2022\/09\/WhatsApp-Image-2022-09-07-at-1.17.59-PM-2.jpeg 1000w, https:\/\/www.zunoticia.com\/noticias-de-hidalgo\/wp-content\/uploads\/2022\/09\/WhatsApp-Image-2022-09-07-at-1.17.59-PM-2-300x225.jpeg 300w, https:\/\/www.zunoticia.com\/noticias-de-hidalgo\/wp-content\/uploads\/2022\/09\/WhatsApp-Image-2022-09-07-at-1.17.59-PM-2-768x576.jpeg 768w\" sizes=\"(max-width: 1000px) 100vw, 1000px\" \/><\/figure>\n\n\n\n<figure class=\"wp-block-image size-large\"><img decoding=\"async\" width=\"816\" height=\"612\" data-id=\"443208\" src=\"https:\/\/www.zunoticia.com\/noticias-de-hidalgo\/wp-content\/uploads\/2022\/09\/WhatsApp-Image-2022-09-07-at-1.17.59-PM.jpeg\" alt=\"\" class=\"wp-image-443208\" srcset=\"https:\/\/www.zunoticia.com\/noticias-de-hidalgo\/wp-content\/uploads\/2022\/09\/WhatsApp-Image-2022-09-07-at-1.17.59-PM.jpeg 816w, https:\/\/www.zunoticia.com\/noticias-de-hidalgo\/wp-content\/uploads\/2022\/09\/WhatsApp-Image-2022-09-07-at-1.17.59-PM-300x225.jpeg 300w, https:\/\/www.zunoticia.com\/noticias-de-hidalgo\/wp-content\/uploads\/2022\/09\/WhatsApp-Image-2022-09-07-at-1.17.59-PM-768x576.jpeg 768w\" sizes=\"(max-width: 816px) 100vw, 816px\" \/><\/figure>\n<\/figure>\n\n\n\n<p>A\u00f1adi\u00f3 que, para estos d\u00edas festivos se desarrollar\u00e1n tareas de seguridad en coordinaci\u00f3n con la polic\u00eda estatal, instalando filtros de inspecci\u00f3n y proximidad social en las localidades y barrios para inhibir cualquier hecho delictivo.<\/p>\n\n\n\n<p>El edil recalc\u00f3 que, se debe inculcar a las nuevas generaciones el por qu\u00e9 septiembre es un mes patrio, \u201ccomo mexicanos debemos conocer nuestra historia, y no olvidar a aquellas personas que dieron su vida por un M\u00e9xico libre e independiente\u201d.<\/p>\n","protected":false},"excerpt":{"rendered":"<p>Por Redacci\u00f3n\/Zunoticia Xochiatipan, Hgo. &#8211; Para dar realce al mes de la patria, el gobierno municipal que preside Oscar Bautista Guti\u00e9rrez, a trav\u00e9s del \u00e1rea de Turismo y Cultura Municipal, dio inicio a la colocaci\u00f3n de adornos alusivos a la lucha de independencia. En entrevista el mandatario inform\u00f3 que el d\u00eda 15 de septiembre se&hellip; <a class=\"more-link\" href=\"https:\/\/www.zunoticia.com\/noticias-de-hidalgo\/2022\/09\/07\/inician-decoracion-con-motivo-del-mes-patrio\/\">Seguir leyendo <span class=\"screen-reader-text\">Inician decoraci\u00f3n con motivo del mes patrio<\/span><\/a><\/p>\n","protected":false},"author":12,"featured_media":443207,"comment_status":"closed","ping_status":"open","sticky":false,"template":"","format":"standard","meta":{"rop_custom_images_group":[],"rop_custom_messages_group":[],"rop_publish_now":"initial","rop_publish_now_accounts":{"facebook_10159540855086992_322828327761733":""},"rop_publish_now_history":[],"rop_publish_now_status":"pending","footnotes":""},"categories":[179,202],"tags":[135],"class_list":["post-443206","post","type-post","status-publish","format-standard","has-post-thumbnail","hentry","category-huasteca","category-xochiatipan","tag-xochiatipan","entry"],"_links":{"self":[{"href":"https:\/\/www.zunoticia.com\/noticias-de-hidalgo\/wp-json\/wp\/v2\/posts\/443206","targetHints":{"allow":["GET"]}}],"collection":[{"href":"https:\/\/www.zunoticia.com\/noticias-de-hidalgo\/wp-json\/wp\/v2\/posts"}],"about":[{"href":"https:\/\/www.zunoticia.com\/noticias-de-hidalgo\/wp-json\/wp\/v2\/types\/post"}],"author":[{"embeddable":true,"href":"https:\/\/www.zunoticia.com\/noticias-de-hidalgo\/wp-json\/wp\/v2\/users\/12"}],"replies":[{"embeddable":true,"href":"https:\/\/www.zunoticia.com\/noticias-de-hidalgo\/wp-json\/wp\/v2\/comments?post=443206"}],"version-history":[{"count":1,"href":"https:\/\/www.zunoticia.com\/noticias-de-hidalgo\/wp-json\/wp\/v2\/posts\/443206\/revisions"}],"predecessor-version":[{"id":443210,"href":"https:\/\/www.zunoticia.com\/noticias-de-hidalgo\/wp-json\/wp\/v2\/posts\/443206\/revisions\/443210"}],"wp:featuredmedia":[{"embeddable":true,"href":"https:\/\/www.zunoticia.com\/noticias-de-hidalgo\/wp-json\/wp\/v2\/media\/443207"}],"wp:attachment":[{"href":"https:\/\/www.zunoticia.com\/noticias-de-hidalgo\/wp-json\/wp\/v2\/media?parent=443206"}],"wp:term":[{"taxonomy":"category","embeddable":true,"href":"https:\/\/www.zunoticia.com\/noticias-de-hidalgo\/wp-json\/wp\/v2\/categories?post=443206"},{"taxonomy":"post_tag","embeddable":true,"href":"https:\/\/www.zunoticia.com\/noticias-de-hidalgo\/wp-json\/wp\/v2\/tags?post=443206"}],"curies":[{"name":"wp","href":"https:\/\/api.w.org\/{rel}","templated":true}]}}