{"id":443214,"date":"2022-09-07T13:48:17","date_gmt":"2022-09-07T18:48:17","guid":{"rendered":"https:\/\/www.zunoticia.com\/noticias-de-hidalgo\/?p=443214"},"modified":"2022-09-07T13:48:19","modified_gmt":"2022-09-07T18:48:19","slug":"automovil-se-sale-del-camino-y-vuelca","status":"publish","type":"post","link":"https:\/\/www.zunoticia.com\/noticias-de-hidalgo\/2022\/09\/07\/automovil-se-sale-del-camino-y-vuelca\/","title":{"rendered":"Autom\u00f3vil se sale del camino y vuelca"},"content":{"rendered":"<aside class=\"mashsb-container mashsb-main mashsb-stretched\"><div class=\"mashsb-box\"><div class=\"mashsb-count mash-large\" style=\"float:left\"><div class=\"counts mashsbcount\">13<\/div><span class=\"mashsb-sharetext\">SHARES<\/span><\/div><div class=\"mashsb-buttons\"><a class=\"mashicon-facebook mash-large mash-center mashsb-noshadow\" href=\"https:\/\/www.facebook.com\/sharer.php?u=https%3A%2F%2Fwww.zunoticia.com%2Fnoticias-de-hidalgo%2F2022%2F09%2F07%2Fautomovil-se-sale-del-camino-y-vuelca%2F\" target=\"_top\" rel=\"nofollow\"><span class=\"icon\"><\/span><span class=\"text\">Share<\/span><\/a><a class=\"mashicon-twitter mash-large mash-center mashsb-noshadow\" href=\"https:\/\/twitter.com\/intent\/tweet?text=&amp;url=https:\/\/www.zunoticia.com\/noticias-de-hidalgo\/2022\/09\/07\/automovil-se-sale-del-camino-y-vuelca\/\" target=\"_top\" rel=\"nofollow\"><span class=\"icon\"><\/span><span class=\"text\">Tweet<\/span><\/a><div class=\"onoffswitch2 mash-large mashsb-noshadow\" style=\"display:none\"><\/div><\/div>\n            <\/div>\n                <div style=\"clear:both\"><\/div><div class=\"mashsb-toggle-container\"><\/div><\/aside>\n            <!-- Share buttons by mashshare.net - Version: 4.0.47-->\n<p><em>Por Redacci\u00f3n\/Zunoticia<\/em><\/p>\n\n\n\n<p><strong>Huejutla, Hgo. &#8211;<\/strong> La ma\u00f1ana de este mi\u00e9rcoles, un autom\u00f3vil que circulaba en la v\u00eda federal \u00c1lamo-Tamazunchale, present\u00f3 una estrepitosa salida del camino y posterior volcadura.<\/p>\n\n\n\n<p>El incidente ocurri\u00f3 en el tramo de la carretera Huejutla-Atlapexco, cerca de la localidad de Candelaria, perteneciente a este municipio, donde un veh\u00edculo Volkswagen tipo Jetta, de color blanco, derrap\u00f3 y se sali\u00f3 de la cinta asf\u00e1ltica.<\/p>\n\n\n\n<figure class=\"wp-block-image size-large\"><img fetchpriority=\"high\" decoding=\"async\" width=\"768\" height=\"1024\" src=\"https:\/\/www.zunoticia.com\/noticias-de-hidalgo\/wp-content\/uploads\/2022\/09\/WhatsApp-Image-2022-09-07-at-1.18.31-PM-768x1024.jpeg\" alt=\"\" class=\"wp-image-443216\" srcset=\"https:\/\/www.zunoticia.com\/noticias-de-hidalgo\/wp-content\/uploads\/2022\/09\/WhatsApp-Image-2022-09-07-at-1.18.31-PM-768x1024.jpeg 768w, https:\/\/www.zunoticia.com\/noticias-de-hidalgo\/wp-content\/uploads\/2022\/09\/WhatsApp-Image-2022-09-07-at-1.18.31-PM-225x300.jpeg 225w, https:\/\/www.zunoticia.com\/noticias-de-hidalgo\/wp-content\/uploads\/2022\/09\/WhatsApp-Image-2022-09-07-at-1.18.31-PM.jpeg 780w\" sizes=\"(max-width: 768px) 100vw, 768px\" \/><figcaption><em>Autom\u00f3vil se sali\u00f3 del camino y volc\u00f3 hacia un potrero.<\/em><\/figcaption><\/figure>\n\n\n\n<p>De acuerdo con la informaci\u00f3n proporcionada por las autoridades polic\u00edacas que tomaron conocimiento de los hechos, en el percance afortunadamente no hubo personas lesionadas, solo da\u00f1os materiales, esto a pesar de lo aparatoso del accidente.<\/p>\n\n\n\n<p>Para realizar el peritaje y deslinde de responsabilidades, al sitio arribaron agentes de la Guardia Nacional Divisi\u00f3n Caminos, quienes a su vez solicitaron el apoyo de una gr\u00faa para realizar el rescate de la unidad motora que cay\u00f3 a un potrero.<\/p>\n","protected":false},"excerpt":{"rendered":"<p>Por Redacci\u00f3n\/Zunoticia Huejutla, Hgo. &#8211; La ma\u00f1ana de este mi\u00e9rcoles, un autom\u00f3vil que circulaba en la v\u00eda federal \u00c1lamo-Tamazunchale, present\u00f3 una estrepitosa salida del camino y posterior volcadura. El incidente ocurri\u00f3 en el tramo de la carretera Huejutla-Atlapexco, cerca de la localidad de Candelaria, perteneciente a este municipio, donde un veh\u00edculo Volkswagen tipo Jetta, de&hellip; <a class=\"more-link\" href=\"https:\/\/www.zunoticia.com\/noticias-de-hidalgo\/2022\/09\/07\/automovil-se-sale-del-camino-y-vuelca\/\">Seguir leyendo <span class=\"screen-reader-text\">Autom\u00f3vil se sale del camino y vuelca<\/span><\/a><\/p>\n","protected":false},"author":12,"featured_media":443215,"comment_status":"closed","ping_status":"open","sticky":false,"template":"","format":"standard","meta":{"rop_custom_images_group":[],"rop_custom_messages_group":[],"rop_publish_now":"initial","rop_publish_now_accounts":{"facebook_10159540855086992_322828327761733":""},"rop_publish_now_history":[],"rop_publish_now_status":"pending","footnotes":""},"categories":[178],"tags":[121],"class_list":["post-443214","post","type-post","status-publish","format-standard","has-post-thumbnail","hentry","category-policiaca","tag-huejutla","entry"],"_links":{"self":[{"href":"https:\/\/www.zunoticia.com\/noticias-de-hidalgo\/wp-json\/wp\/v2\/posts\/443214","targetHints":{"allow":["GET"]}}],"collection":[{"href":"https:\/\/www.zunoticia.com\/noticias-de-hidalgo\/wp-json\/wp\/v2\/posts"}],"about":[{"href":"https:\/\/www.zunoticia.com\/noticias-de-hidalgo\/wp-json\/wp\/v2\/types\/post"}],"author":[{"embeddable":true,"href":"https:\/\/www.zunoticia.com\/noticias-de-hidalgo\/wp-json\/wp\/v2\/users\/12"}],"replies":[{"embeddable":true,"href":"https:\/\/www.zunoticia.com\/noticias-de-hidalgo\/wp-json\/wp\/v2\/comments?post=443214"}],"version-history":[{"count":1,"href":"https:\/\/www.zunoticia.com\/noticias-de-hidalgo\/wp-json\/wp\/v2\/posts\/443214\/revisions"}],"predecessor-version":[{"id":443217,"href":"https:\/\/www.zunoticia.com\/noticias-de-hidalgo\/wp-json\/wp\/v2\/posts\/443214\/revisions\/443217"}],"wp:featuredmedia":[{"embeddable":true,"href":"https:\/\/www.zunoticia.com\/noticias-de-hidalgo\/wp-json\/wp\/v2\/media\/443215"}],"wp:attachment":[{"href":"https:\/\/www.zunoticia.com\/noticias-de-hidalgo\/wp-json\/wp\/v2\/media?parent=443214"}],"wp:term":[{"taxonomy":"category","embeddable":true,"href":"https:\/\/www.zunoticia.com\/noticias-de-hidalgo\/wp-json\/wp\/v2\/categories?post=443214"},{"taxonomy":"post_tag","embeddable":true,"href":"https:\/\/www.zunoticia.com\/noticias-de-hidalgo\/wp-json\/wp\/v2\/tags?post=443214"}],"curies":[{"name":"wp","href":"https:\/\/api.w.org\/{rel}","templated":true}]}}