{"id":443229,"date":"2022-09-07T16:41:33","date_gmt":"2022-09-07T21:41:33","guid":{"rendered":"https:\/\/www.zunoticia.com\/noticias-de-hidalgo\/?p=443229"},"modified":"2022-09-07T16:41:37","modified_gmt":"2022-09-07T21:41:37","slug":"constituiran-la-casa-blanca-en-centro-cultural","status":"publish","type":"post","link":"https:\/\/www.zunoticia.com\/noticias-de-hidalgo\/2022\/09\/07\/constituiran-la-casa-blanca-en-centro-cultural\/","title":{"rendered":"Constituir\u00e1n la &#8220;Casa blanca&#8221; en Centro cultural"},"content":{"rendered":"<aside class=\"mashsb-container mashsb-main mashsb-stretched\"><div class=\"mashsb-box\"><div class=\"mashsb-count mash-large\" style=\"float:left\"><div class=\"counts mashsbcount\">47<\/div><span class=\"mashsb-sharetext\">SHARES<\/span><\/div><div class=\"mashsb-buttons\"><a class=\"mashicon-facebook mash-large mash-center mashsb-noshadow\" href=\"https:\/\/www.facebook.com\/sharer.php?u=https%3A%2F%2Fwww.zunoticia.com%2Fnoticias-de-hidalgo%2F2022%2F09%2F07%2Fconstituiran-la-casa-blanca-en-centro-cultural%2F\" target=\"_top\" rel=\"nofollow\"><span class=\"icon\"><\/span><span class=\"text\">Share<\/span><\/a><a class=\"mashicon-twitter mash-large mash-center mashsb-noshadow\" href=\"https:\/\/twitter.com\/intent\/tweet?text=&amp;url=https:\/\/www.zunoticia.com\/noticias-de-hidalgo\/2022\/09\/07\/constituiran-la-casa-blanca-en-centro-cultural\/\" target=\"_top\" rel=\"nofollow\"><span class=\"icon\"><\/span><span class=\"text\">Tweet<\/span><\/a><div class=\"onoffswitch2 mash-large mashsb-noshadow\" style=\"display:none\"><\/div><\/div>\n            <\/div>\n                <div style=\"clear:both\"><\/div><div class=\"mashsb-toggle-container\"><\/div><\/aside>\n            <!-- Share buttons by mashshare.net - Version: 4.0.47-->\n<p><em>Por Salvador Altamirano\/Zunoticia<\/em><\/p>\n\n\n\n<p><strong>Huejutla, Hgo. &#8211;<\/strong> Trascendi\u00f3, que en conferencia realizada este martes en el Palacio de Gobierno, Julio Menchaca Salazar, anunci\u00f3 que las dos casas que ocupaban los anteriores gobernadores en Pachuca y Huejutla, podr\u00edan ser constituidas como centros culturales.<\/p>\n\n\n\n<p>Aseguran que, ya no ser\u00e1n ocupadas como residencias oficiales, sino que se habilitar\u00e1n para que se lleven a cabo actividades tendientes a promover la cultura, las tradiciones y en especial las lenguas maternas, n\u00e1huatl y otom\u00ed.<\/p>\n\n\n\n<p>Entrevistados sobre esta posibilidad, habitantes de Huejutla elogiaron la disposici\u00f3n, ya que aqu\u00ed hacen falta espacios culturales, y \u201cla casa blanca\u201d que se ubica en la calle Pablo Anaya, de la colonia Paseo de las Jacarandas, si al caso era utilizada por los anteriores gobernadores una vez al a\u00f1o, est\u00e1 pr\u00e1cticamente sin ocuparse.<\/p>\n\n\n\n<figure class=\"wp-block-image size-large\"><img fetchpriority=\"high\" decoding=\"async\" width=\"1024\" height=\"576\" src=\"https:\/\/www.zunoticia.com\/noticias-de-hidalgo\/wp-content\/uploads\/2022\/09\/WhatsApp-Image-2022-09-07-at-4.24.45-PM-1-1024x576.jpeg\" alt=\"\" class=\"wp-image-443231\" srcset=\"https:\/\/www.zunoticia.com\/noticias-de-hidalgo\/wp-content\/uploads\/2022\/09\/WhatsApp-Image-2022-09-07-at-4.24.45-PM-1-1024x576.jpeg 1024w, https:\/\/www.zunoticia.com\/noticias-de-hidalgo\/wp-content\/uploads\/2022\/09\/WhatsApp-Image-2022-09-07-at-4.24.45-PM-1-300x169.jpeg 300w, https:\/\/www.zunoticia.com\/noticias-de-hidalgo\/wp-content\/uploads\/2022\/09\/WhatsApp-Image-2022-09-07-at-4.24.45-PM-1-768x432.jpeg 768w, https:\/\/www.zunoticia.com\/noticias-de-hidalgo\/wp-content\/uploads\/2022\/09\/WhatsApp-Image-2022-09-07-at-4.24.45-PM-1.jpeg 1280w\" sizes=\"(max-width: 1024px) 100vw, 1024px\" \/><figcaption><em>\u201cLa Casa blanca\u201d ya no ser\u00e1 residencia temporal de gobernadores.<\/em><\/figcaption><\/figure>\n\n\n\n<p>Quien se identific\u00f3 con el nombre de Pedro Bautista L\u00f3pez, enfatiz\u00f3 que aplaude la decisi\u00f3n de impulsar el idioma n\u00e1huatl, nuestra lengua materna -dijo-, la cual est\u00e1, sino en riesgo de extinci\u00f3n, s\u00ed en decadencia, ya que las nuevas generaciones no la consideran esencial en la vida cotidiana.<\/p>\n\n\n\n<p>Para concluir, subray\u00f3 que en lo que respecta a las 7 facetas del arte en Huejutla hay mucho talento, pero hacen falta espacios, instructores certificados, por lo que es un acierto adecuar la llamada \u201ccasa blanca\u201d en Centro cultural.<\/p>\n","protected":false},"excerpt":{"rendered":"<p>Por Salvador Altamirano\/Zunoticia Huejutla, Hgo. &#8211; Trascendi\u00f3, que en conferencia realizada este martes en el Palacio de Gobierno, Julio Menchaca Salazar, anunci\u00f3 que las dos casas que ocupaban los anteriores gobernadores en Pachuca y Huejutla, podr\u00edan ser constituidas como centros culturales. Aseguran que, ya no ser\u00e1n ocupadas como residencias oficiales, sino que se habilitar\u00e1n para&hellip; <a class=\"more-link\" href=\"https:\/\/www.zunoticia.com\/noticias-de-hidalgo\/2022\/09\/07\/constituiran-la-casa-blanca-en-centro-cultural\/\">Seguir leyendo <span class=\"screen-reader-text\">Constituir\u00e1n la &#8220;Casa blanca&#8221; en Centro cultural<\/span><\/a><\/p>\n","protected":false},"author":12,"featured_media":443230,"comment_status":"closed","ping_status":"open","sticky":false,"template":"","format":"standard","meta":{"rop_custom_images_group":[],"rop_custom_messages_group":[],"rop_publish_now":"initial","rop_publish_now_accounts":{"facebook_10159540855086992_322828327761733":""},"rop_publish_now_history":[],"rop_publish_now_status":"pending","footnotes":""},"categories":[181],"tags":[121],"class_list":["post-443229","post","type-post","status-publish","format-standard","has-post-thumbnail","hentry","category-huejutla","tag-huejutla","entry"],"_links":{"self":[{"href":"https:\/\/www.zunoticia.com\/noticias-de-hidalgo\/wp-json\/wp\/v2\/posts\/443229","targetHints":{"allow":["GET"]}}],"collection":[{"href":"https:\/\/www.zunoticia.com\/noticias-de-hidalgo\/wp-json\/wp\/v2\/posts"}],"about":[{"href":"https:\/\/www.zunoticia.com\/noticias-de-hidalgo\/wp-json\/wp\/v2\/types\/post"}],"author":[{"embeddable":true,"href":"https:\/\/www.zunoticia.com\/noticias-de-hidalgo\/wp-json\/wp\/v2\/users\/12"}],"replies":[{"embeddable":true,"href":"https:\/\/www.zunoticia.com\/noticias-de-hidalgo\/wp-json\/wp\/v2\/comments?post=443229"}],"version-history":[{"count":1,"href":"https:\/\/www.zunoticia.com\/noticias-de-hidalgo\/wp-json\/wp\/v2\/posts\/443229\/revisions"}],"predecessor-version":[{"id":443232,"href":"https:\/\/www.zunoticia.com\/noticias-de-hidalgo\/wp-json\/wp\/v2\/posts\/443229\/revisions\/443232"}],"wp:featuredmedia":[{"embeddable":true,"href":"https:\/\/www.zunoticia.com\/noticias-de-hidalgo\/wp-json\/wp\/v2\/media\/443230"}],"wp:attachment":[{"href":"https:\/\/www.zunoticia.com\/noticias-de-hidalgo\/wp-json\/wp\/v2\/media?parent=443229"}],"wp:term":[{"taxonomy":"category","embeddable":true,"href":"https:\/\/www.zunoticia.com\/noticias-de-hidalgo\/wp-json\/wp\/v2\/categories?post=443229"},{"taxonomy":"post_tag","embeddable":true,"href":"https:\/\/www.zunoticia.com\/noticias-de-hidalgo\/wp-json\/wp\/v2\/tags?post=443229"}],"curies":[{"name":"wp","href":"https:\/\/api.w.org\/{rel}","templated":true}]}}