{"id":443261,"date":"2022-09-07T17:27:34","date_gmt":"2022-09-07T22:27:34","guid":{"rendered":"https:\/\/www.zunoticia.com\/noticias-de-hidalgo\/?p=443261"},"modified":"2022-09-07T17:27:37","modified_gmt":"2022-09-07T22:27:37","slug":"en-la-cuerda-floja-dirigente-de-la-ucla-planilla-roja","status":"publish","type":"post","link":"https:\/\/www.zunoticia.com\/noticias-de-hidalgo\/2022\/09\/07\/en-la-cuerda-floja-dirigente-de-la-ucla-planilla-roja\/","title":{"rendered":"En la &#8220;cuerda floja&#8221; dirigente de la UCLA: Planilla Roja"},"content":{"rendered":"<aside class=\"mashsb-container mashsb-main mashsb-stretched\"><div class=\"mashsb-box\"><div class=\"mashsb-count mash-large\" style=\"float:left\"><div class=\"counts mashsbcount\">14<\/div><span class=\"mashsb-sharetext\">SHARES<\/span><\/div><div class=\"mashsb-buttons\"><a class=\"mashicon-facebook mash-large mash-center mashsb-noshadow\" href=\"https:\/\/www.facebook.com\/sharer.php?u=https%3A%2F%2Fwww.zunoticia.com%2Fnoticias-de-hidalgo%2F2022%2F09%2F07%2Fen-la-cuerda-floja-dirigente-de-la-ucla-planilla-roja%2F\" target=\"_top\" rel=\"nofollow\"><span class=\"icon\"><\/span><span class=\"text\">Share<\/span><\/a><a class=\"mashicon-twitter mash-large mash-center mashsb-noshadow\" href=\"https:\/\/twitter.com\/intent\/tweet?text=&amp;url=https:\/\/www.zunoticia.com\/noticias-de-hidalgo\/2022\/09\/07\/en-la-cuerda-floja-dirigente-de-la-ucla-planilla-roja\/\" target=\"_top\" rel=\"nofollow\"><span class=\"icon\"><\/span><span class=\"text\">Tweet<\/span><\/a><div class=\"onoffswitch2 mash-large mashsb-noshadow\" style=\"display:none\"><\/div><\/div>\n            <\/div>\n                <div style=\"clear:both\"><\/div><div class=\"mashsb-toggle-container\"><\/div><\/aside>\n            <!-- Share buttons by mashshare.net - Version: 4.0.47-->\n<p><em>Por Salvador Altamirano\/Zunoticia<\/em><\/p>\n\n\n\n<p><strong>Huejutla, Hgo. &#8211;<\/strong> Integrantes de la &#8220;Planilla Roja&#8221;, n\u00facleo de locatarios establecidos del mercado municipal, manifestaron que el actual dirigente de la UCLA, Jorge Lara Garc\u00eda, se encuentra en la &#8220;cuerda floja&#8221;, a punto de ser destituido ya que ha sido inoperante en el desempe\u00f1o de su cargo, y no suma ni en la pol\u00edtica.<\/p>\n\n\n\n<p>Agregaron que, incluso quienes lo impusieron a la fuerza, el grupo obscuro de ex &#8211; secretarios de la organizaci\u00f3n, ya no lo quieren ni toleran, y tambi\u00e9n andan movi\u00e9ndose para designar nuevamente a Jaime Torres Morales, quien cuando fue dirigente tampoco realiz\u00f3 obra alguna para optimizar el complejo comercial.<\/p>\n\n\n\n<figure class=\"wp-block-image size-large\"><img fetchpriority=\"high\" decoding=\"async\" width=\"1024\" height=\"576\" src=\"https:\/\/www.zunoticia.com\/noticias-de-hidalgo\/wp-content\/uploads\/2022\/09\/WhatsApp-Image-2022-09-07-at-5.13.57-PM-1-1024x576.jpeg\" alt=\"\" class=\"wp-image-443263\" srcset=\"https:\/\/www.zunoticia.com\/noticias-de-hidalgo\/wp-content\/uploads\/2022\/09\/WhatsApp-Image-2022-09-07-at-5.13.57-PM-1-1024x576.jpeg 1024w, https:\/\/www.zunoticia.com\/noticias-de-hidalgo\/wp-content\/uploads\/2022\/09\/WhatsApp-Image-2022-09-07-at-5.13.57-PM-1-300x169.jpeg 300w, https:\/\/www.zunoticia.com\/noticias-de-hidalgo\/wp-content\/uploads\/2022\/09\/WhatsApp-Image-2022-09-07-at-5.13.57-PM-1-768x432.jpeg 768w, https:\/\/www.zunoticia.com\/noticias-de-hidalgo\/wp-content\/uploads\/2022\/09\/WhatsApp-Image-2022-09-07-at-5.13.57-PM-1.jpeg 1280w\" sizes=\"(max-width: 1024px) 100vw, 1024px\" \/><figcaption><em>Aseguran que la UCLA pronto tendr\u00e1 nuevo secretario general.<\/em><\/figcaption><\/figure>\n\n\n\n<p>A pregunta formulada, subrayaron que, para ocupar el importante cargo la Planilla Roja tiene tres excelentes prospectos, personas preparadas y honestas, preocupadas por la ruina en que se encuentra su centro de trabajo; quienes responden a los nombres de Agust\u00edn Fern\u00e1ndez; Jacinto Arenas y Alejandro Bautista, cualquiera de ellos puede ser -dijeron-.<\/p>\n\n\n\n<p>Adelantaron que quien sea designado le requerir\u00e1 al presidente municipal, Daniel Andrade Zurutuza, que les otorgue el beneficio de remozar el complejo comercial en pleno, a sea, pintarlo para que proyecte una agradable imagen.<\/p>\n\n\n\n<p>Y para el pr\u00f3ximo a\u00f1o, cuando concluye su gesti\u00f3n municipal, la rehabilitaci\u00f3n total del cableado el\u00e9ctrico interno, lo cual es algo que ocupa y preocupa, ya que por un posible incendio est\u00e1 en riesgo el patrimonio y fuentes de empleo de miles de huejutlenses, lo cual los tiene nerviosos.<\/p>\n\n\n\n<p>Para finalizar, los integrantes de la Planilla Roja enfatizaron que esas son las dos \u00fanicas obras que le solicitar\u00e1n al mandatario municipal, ya que, para lo dem\u00e1s, para tener un mercado c\u00f3modo, seguro y por ende funcionable, la UCLA genera recurso para eso y m\u00e1s.<\/p>\n","protected":false},"excerpt":{"rendered":"<p>Por Salvador Altamirano\/Zunoticia Huejutla, Hgo. &#8211; Integrantes de la &#8220;Planilla Roja&#8221;, n\u00facleo de locatarios establecidos del mercado municipal, manifestaron que el actual dirigente de la UCLA, Jorge Lara Garc\u00eda, se encuentra en la &#8220;cuerda floja&#8221;, a punto de ser destituido ya que ha sido inoperante en el desempe\u00f1o de su cargo, y no suma ni&hellip; <a class=\"more-link\" href=\"https:\/\/www.zunoticia.com\/noticias-de-hidalgo\/2022\/09\/07\/en-la-cuerda-floja-dirigente-de-la-ucla-planilla-roja\/\">Seguir leyendo <span class=\"screen-reader-text\">En la &#8220;cuerda floja&#8221; dirigente de la UCLA: Planilla Roja<\/span><\/a><\/p>\n","protected":false},"author":12,"featured_media":443262,"comment_status":"closed","ping_status":"open","sticky":false,"template":"","format":"standard","meta":{"rop_custom_images_group":[],"rop_custom_messages_group":[],"rop_publish_now":"initial","rop_publish_now_accounts":{"facebook_10159540855086992_322828327761733":""},"rop_publish_now_history":[],"rop_publish_now_status":"pending","footnotes":""},"categories":[181],"tags":[121],"class_list":["post-443261","post","type-post","status-publish","format-standard","has-post-thumbnail","hentry","category-huejutla","tag-huejutla","entry"],"_links":{"self":[{"href":"https:\/\/www.zunoticia.com\/noticias-de-hidalgo\/wp-json\/wp\/v2\/posts\/443261","targetHints":{"allow":["GET"]}}],"collection":[{"href":"https:\/\/www.zunoticia.com\/noticias-de-hidalgo\/wp-json\/wp\/v2\/posts"}],"about":[{"href":"https:\/\/www.zunoticia.com\/noticias-de-hidalgo\/wp-json\/wp\/v2\/types\/post"}],"author":[{"embeddable":true,"href":"https:\/\/www.zunoticia.com\/noticias-de-hidalgo\/wp-json\/wp\/v2\/users\/12"}],"replies":[{"embeddable":true,"href":"https:\/\/www.zunoticia.com\/noticias-de-hidalgo\/wp-json\/wp\/v2\/comments?post=443261"}],"version-history":[{"count":1,"href":"https:\/\/www.zunoticia.com\/noticias-de-hidalgo\/wp-json\/wp\/v2\/posts\/443261\/revisions"}],"predecessor-version":[{"id":443264,"href":"https:\/\/www.zunoticia.com\/noticias-de-hidalgo\/wp-json\/wp\/v2\/posts\/443261\/revisions\/443264"}],"wp:featuredmedia":[{"embeddable":true,"href":"https:\/\/www.zunoticia.com\/noticias-de-hidalgo\/wp-json\/wp\/v2\/media\/443262"}],"wp:attachment":[{"href":"https:\/\/www.zunoticia.com\/noticias-de-hidalgo\/wp-json\/wp\/v2\/media?parent=443261"}],"wp:term":[{"taxonomy":"category","embeddable":true,"href":"https:\/\/www.zunoticia.com\/noticias-de-hidalgo\/wp-json\/wp\/v2\/categories?post=443261"},{"taxonomy":"post_tag","embeddable":true,"href":"https:\/\/www.zunoticia.com\/noticias-de-hidalgo\/wp-json\/wp\/v2\/tags?post=443261"}],"curies":[{"name":"wp","href":"https:\/\/api.w.org\/{rel}","templated":true}]}}