{"id":443265,"date":"2022-09-07T17:38:36","date_gmt":"2022-09-07T22:38:36","guid":{"rendered":"https:\/\/www.zunoticia.com\/noticias-de-hidalgo\/?p=443265"},"modified":"2022-09-07T17:38:38","modified_gmt":"2022-09-07T22:38:38","slug":"invitan-al-festival-internacional-en-la-comunidad-de-huitzotlaco","status":"publish","type":"post","link":"https:\/\/www.zunoticia.com\/noticias-de-hidalgo\/2022\/09\/07\/invitan-al-festival-internacional-en-la-comunidad-de-huitzotlaco\/","title":{"rendered":"Invitan al festival internacional en la comunidad de Huitzotlaco"},"content":{"rendered":"<aside class=\"mashsb-container mashsb-main mashsb-stretched\"><div class=\"mashsb-box\"><div class=\"mashsb-count mash-large\" style=\"float:left\"><div class=\"counts mashsbcount\">30<\/div><span class=\"mashsb-sharetext\">SHARES<\/span><\/div><div class=\"mashsb-buttons\"><a class=\"mashicon-facebook mash-large mash-center mashsb-noshadow\" href=\"https:\/\/www.facebook.com\/sharer.php?u=https%3A%2F%2Fwww.zunoticia.com%2Fnoticias-de-hidalgo%2F2022%2F09%2F07%2Finvitan-al-festival-internacional-en-la-comunidad-de-huitzotlaco%2F\" target=\"_top\" rel=\"nofollow\"><span class=\"icon\"><\/span><span class=\"text\">Share<\/span><\/a><a class=\"mashicon-twitter mash-large mash-center mashsb-noshadow\" href=\"https:\/\/twitter.com\/intent\/tweet?text=&amp;url=https:\/\/www.zunoticia.com\/noticias-de-hidalgo\/2022\/09\/07\/invitan-al-festival-internacional-en-la-comunidad-de-huitzotlaco\/\" target=\"_top\" rel=\"nofollow\"><span class=\"icon\"><\/span><span class=\"text\">Tweet<\/span><\/a><div class=\"onoffswitch2 mash-large mashsb-noshadow\" style=\"display:none\"><\/div><\/div>\n            <\/div>\n                <div style=\"clear:both\"><\/div><div class=\"mashsb-toggle-container\"><\/div><\/aside>\n            <!-- Share buttons by mashshare.net - Version: 4.0.47-->\n<p><em>Por Pedro Luciano\/Zunoticia<\/em><\/p>\n\n\n\n<p><strong>Atlapexco, Hgo. &#8211;<\/strong> La comunidad de Huitzotlaco ha externado una invitaci\u00f3n a la poblaci\u00f3n en general a acudir a presenciar las actividades del festival internacional, que dar\u00e1n inicio el martes 13 de septiembre en dicha comunidad, perteneciente al municipio de Atlapexco, Hidalgo.<\/p>\n\n\n\n<p>Impulsar el desarrollo de la identidad cultural entre la poblaci\u00f3n, as\u00ed como tambi\u00e9n compartir nuestra cultura y conocer la diversidad, es el motivo por el cual se estar\u00e1 llevando a cabo este evento en nuestra comunidad, habr\u00e1 diversas actividades, lo anterior refirieron las autoridades auxiliares de la comunidad de Huitzotlaco.<\/p>\n\n\n\n<p>As\u00ed tambi\u00e9n, han compartido el itinerario de las actividades, se tiene previsto dar inicio desde las 9:00a.m. con el recibimiento a los asistentes, acompa\u00f1ado con una demostraci\u00f3n gastron\u00f3mica y artesanales de la misma localidad; el desfile sobre las principales calles de la localidad y el inicio del festival con la participaci\u00f3n de Estados Unidos, Colombia, Polonia, Costa Rica y M\u00e9xico.<\/p>\n\n\n\n<p>Se extern\u00f3 a los asistentes, seguir respetando las medidas de prevenci\u00f3n sanitarias, con ello el uso obligatorio del cubrebocas, durante todas y cada una de las actividades que se llevar\u00e1n a cabo.<\/p>\n","protected":false},"excerpt":{"rendered":"<p>Por Pedro Luciano\/Zunoticia Atlapexco, Hgo. &#8211; La comunidad de Huitzotlaco ha externado una invitaci\u00f3n a la poblaci\u00f3n en general a acudir a presenciar las actividades del festival internacional, que dar\u00e1n inicio el martes 13 de septiembre en dicha comunidad, perteneciente al municipio de Atlapexco, Hidalgo. Impulsar el desarrollo de la identidad cultural entre la poblaci\u00f3n,&hellip; <a class=\"more-link\" href=\"https:\/\/www.zunoticia.com\/noticias-de-hidalgo\/2022\/09\/07\/invitan-al-festival-internacional-en-la-comunidad-de-huitzotlaco\/\">Seguir leyendo <span class=\"screen-reader-text\">Invitan al festival internacional en la comunidad de Huitzotlaco<\/span><\/a><\/p>\n","protected":false},"author":12,"featured_media":443266,"comment_status":"closed","ping_status":"open","sticky":false,"template":"","format":"standard","meta":{"rop_custom_images_group":[],"rop_custom_messages_group":[],"rop_publish_now":"initial","rop_publish_now_accounts":{"facebook_10159540855086992_322828327761733":""},"rop_publish_now_history":[],"rop_publish_now_status":"pending","footnotes":""},"categories":[182],"tags":[133],"class_list":["post-443265","post","type-post","status-publish","format-standard","has-post-thumbnail","hentry","category-atlapexco","tag-atlapexco","entry"],"_links":{"self":[{"href":"https:\/\/www.zunoticia.com\/noticias-de-hidalgo\/wp-json\/wp\/v2\/posts\/443265","targetHints":{"allow":["GET"]}}],"collection":[{"href":"https:\/\/www.zunoticia.com\/noticias-de-hidalgo\/wp-json\/wp\/v2\/posts"}],"about":[{"href":"https:\/\/www.zunoticia.com\/noticias-de-hidalgo\/wp-json\/wp\/v2\/types\/post"}],"author":[{"embeddable":true,"href":"https:\/\/www.zunoticia.com\/noticias-de-hidalgo\/wp-json\/wp\/v2\/users\/12"}],"replies":[{"embeddable":true,"href":"https:\/\/www.zunoticia.com\/noticias-de-hidalgo\/wp-json\/wp\/v2\/comments?post=443265"}],"version-history":[{"count":1,"href":"https:\/\/www.zunoticia.com\/noticias-de-hidalgo\/wp-json\/wp\/v2\/posts\/443265\/revisions"}],"predecessor-version":[{"id":443267,"href":"https:\/\/www.zunoticia.com\/noticias-de-hidalgo\/wp-json\/wp\/v2\/posts\/443265\/revisions\/443267"}],"wp:featuredmedia":[{"embeddable":true,"href":"https:\/\/www.zunoticia.com\/noticias-de-hidalgo\/wp-json\/wp\/v2\/media\/443266"}],"wp:attachment":[{"href":"https:\/\/www.zunoticia.com\/noticias-de-hidalgo\/wp-json\/wp\/v2\/media?parent=443265"}],"wp:term":[{"taxonomy":"category","embeddable":true,"href":"https:\/\/www.zunoticia.com\/noticias-de-hidalgo\/wp-json\/wp\/v2\/categories?post=443265"},{"taxonomy":"post_tag","embeddable":true,"href":"https:\/\/www.zunoticia.com\/noticias-de-hidalgo\/wp-json\/wp\/v2\/tags?post=443265"}],"curies":[{"name":"wp","href":"https:\/\/api.w.org\/{rel}","templated":true}]}}