{"id":443353,"date":"2022-09-07T23:13:23","date_gmt":"2022-09-08T04:13:23","guid":{"rendered":"https:\/\/www.zunoticia.com\/noticias-de-hidalgo\/?p=443353"},"modified":"2022-09-07T23:13:26","modified_gmt":"2022-09-08T04:13:26","slug":"espejeando-por-perseo-403","status":"publish","type":"post","link":"https:\/\/www.zunoticia.com\/noticias-de-hidalgo\/2022\/09\/07\/espejeando-por-perseo-403\/","title":{"rendered":"ESPEJEANDO por Perseo"},"content":{"rendered":"<aside class=\"mashsb-container mashsb-main mashsb-stretched\"><div class=\"mashsb-box\"><div class=\"mashsb-count mash-large\" style=\"float:left\"><div class=\"counts mashsbcount\">42<\/div><span class=\"mashsb-sharetext\">SHARES<\/span><\/div><div class=\"mashsb-buttons\"><a class=\"mashicon-facebook mash-large mash-center mashsb-noshadow\" href=\"https:\/\/www.facebook.com\/sharer.php?u=https%3A%2F%2Fwww.zunoticia.com%2Fnoticias-de-hidalgo%2F2022%2F09%2F07%2Fespejeando-por-perseo-403%2F\" target=\"_top\" rel=\"nofollow\"><span class=\"icon\"><\/span><span class=\"text\">Share<\/span><\/a><a class=\"mashicon-twitter mash-large mash-center mashsb-noshadow\" href=\"https:\/\/twitter.com\/intent\/tweet?text=&amp;url=https:\/\/www.zunoticia.com\/noticias-de-hidalgo\/2022\/09\/07\/espejeando-por-perseo-403\/\" target=\"_top\" rel=\"nofollow\"><span class=\"icon\"><\/span><span class=\"text\">Tweet<\/span><\/a><div class=\"onoffswitch2 mash-large mashsb-noshadow\" style=\"display:none\"><\/div><\/div>\n            <\/div>\n                <div style=\"clear:both\"><\/div><div class=\"mashsb-toggle-container\"><\/div><\/aside>\n            <!-- Share buttons by mashshare.net - Version: 4.0.47-->\n<p>\u2022 Un Segundo nombramiento como funcionaria estatal para una huasteca, como que abri\u00f3 las expectativas en la regi\u00f3n que se hab\u00edan puesto en duda cuando en los primeros nombramientos s\u00f3lo se hab\u00eda considerado a Napole\u00f3n Gonz\u00e1lez en una cartera de primer nivel en el gobierno del estado. El nombramiento otorgado por el titular de la SEPH Natividad Castrej\u00f3n a Maricarmen Mandujano Cerrilla como Subsecretaria de Administraci\u00f3n y Finanzas de la Secretar\u00eda de Educaci\u00f3n, originaria de Huejutla, abre las posibilidades a que m\u00e1s personajes de la huasteca puedan, en el transcurso de los d\u00edas, recibir invitaciones a colaborar con el gobernador Julio Menchaca. Hay que esperar.<\/p>\n\n\n\n<p>\u2022\u2022 Suspendida la Alianza por M\u00e9xico de manera temporal; Alejandro Moreno \u201cAlito\u201d ayer hizo finalmente el pronunciamiento tras que Acci\u00f3n Nacional y el Partido de la Revoluci\u00f3n Democr\u00e1tica habr\u00edan pretendido poner bajo condici\u00f3n la Alianza Va por M\u00e9xico para el 2024 solo si el PRI apoyaba la propuesta de enviar a los militares a sus cuarteles, lo que por supuesto Alejandro Moreno en un tuit habr\u00eda dicho que no estaba de acuerdo.<\/p>\n\n\n\n<p>\u2022\u2022 Acompa\u00f1ado de Rub\u00e9n Moreira y la secretaria general Carolina Viggiano adem\u00e1s de legisladores, reiteraron la posici\u00f3n del PRI en cuanto a la coadyuvancia de las fuerzas armadas en apoyo civil, en la que record\u00f3 que en 2019 el PRI acompa\u00f1\u00f3 a la conformaci\u00f3n de la Guardia Nacional siempre y cuando mantuviera el car\u00e1cter civil, que se mantuviera adscrita a la seguridad ciudadana y fuera dirigida por personal civil en tareas de seguridad.<\/p>\n\n\n\n<p>\u2022\u2022 Dijo se estableci\u00f3 que en el art\u00edculo Quinto transitorio que la Guardia Nacional fuera acompa\u00f1ada por las fuerzas armadas durante los cinco a\u00f1os siguientes de su creaci\u00f3n, en tanto se desarrollaba una estructura para hacer frente con \u00e9xito en sus funciones, y consider\u00f3 que las instituciones necesitan legitimidad y efectividad.<\/p>\n\n\n\n<p>\u2022\u2022 Que la Guardia Nacional cuenta con el pueblo y la postura de las fuerzas pol\u00edticas que le dieron luz verde a su creaci\u00f3n y que esta es necesaria para mejorar las condiciones de seguridad en el pa\u00eds.<\/p>\n\n\n\n<p>\u2022\u2022 Enumer\u00f3 el incremento de la violencia en M\u00e9xico, consider\u00f3 a M\u00e9xico como desastre en inseguridad, dijo que la estrategia del gobierno federal era un fracaso y que el reclamo social era la seguridad, por eso habr\u00edan considerado ampliar por 4 a\u00f1os el acompa\u00f1amiento y la coadyuvancia para no desamparar a las familias mexicanas; que no se pod\u00eda saltar al vac\u00edo, ni regatearle al pueblo de M\u00e9xico la seguridad que les aporta el ej\u00e9rcito.&nbsp;<\/p>\n\n\n\n<p>\u2022\u2022 Por esto, dijo, respaldaban la iniciativa de la legisladora federal de Morena Yolanda de la Torre, que regresar a 83 mil militares a los cuarteles y dejar 23 mil guardias civiles requer\u00eda de la coadyuvancia del ej\u00e9rcito mexicano, porque es una instituci\u00f3n que garantiza seguridad y paz. Dej\u00f3 en claro no se trataba de un cheque en blanco ni le hac\u00edan el trabajo al gobierno, que era una decisi\u00f3n tomada por M\u00e9xico no por intereses de grupo o partido pol\u00edtico.<\/p>\n\n\n\n<p>\u2022\u2022 Asegura que la Guardia Nacional requiere del acompa\u00f1amiento de las fuerzas armadas porque tiene el respeto del pueblo, por eso no estaban rompiendo con la moratoria institucional que suscribieron con la Alianza Va por M\u00e9xico y culp\u00f3 al gobierno de la 4 T por la inseguridad ante el fracaso en esta materia.<\/p>\n\n\n\n<p>\u2022\u2022 Alito dice que sus aliados hablan de una pausa para dialogar, no de ruptura, que habr\u00e1n de dialogar sobre el tema, y con esto el PRI le juega en dos canchas.<\/p>\n\n\n\n<p>\u2022\u2022\u2022 La realidad es que tenemos un problema dif\u00edcil en todo el pa\u00eds en inseguridad y si las fuerzas pol\u00edticas dejan desamparada a la sociedad, finalmente tambi\u00e9n est\u00e1n observado que cuidan las formas con la sociedad, abanderando una causa pol\u00edtica de constituci\u00f3n, que tambi\u00e9n requiere el presidente de M\u00e9xico.<\/p>\n\n\n\n<figure class=\"wp-block-image size-full\"><img fetchpriority=\"high\" decoding=\"async\" width=\"1024\" height=\"576\" src=\"https:\/\/www.zunoticia.com\/noticias-de-hidalgo\/wp-content\/uploads\/2022\/09\/WhatsApp-Image-2022-09-07-at-8.44.03-PM.jpeg\" alt=\"\" class=\"wp-image-443322\" srcset=\"https:\/\/www.zunoticia.com\/noticias-de-hidalgo\/wp-content\/uploads\/2022\/09\/WhatsApp-Image-2022-09-07-at-8.44.03-PM.jpeg 1024w, https:\/\/www.zunoticia.com\/noticias-de-hidalgo\/wp-content\/uploads\/2022\/09\/WhatsApp-Image-2022-09-07-at-8.44.03-PM-300x169.jpeg 300w, https:\/\/www.zunoticia.com\/noticias-de-hidalgo\/wp-content\/uploads\/2022\/09\/WhatsApp-Image-2022-09-07-at-8.44.03-PM-768x432.jpeg 768w\" sizes=\"(max-width: 1024px) 100vw, 1024px\" \/><\/figure>\n","protected":false},"excerpt":{"rendered":"<p>\u2022 Un Segundo nombramiento como funcionaria estatal para una huasteca, como que abri\u00f3 las expectativas en la regi\u00f3n que se hab\u00edan puesto en duda cuando en los primeros nombramientos s\u00f3lo se hab\u00eda considerado a Napole\u00f3n Gonz\u00e1lez en una cartera de primer nivel en el gobierno del estado. El nombramiento otorgado por el titular de la&hellip; <a class=\"more-link\" href=\"https:\/\/www.zunoticia.com\/noticias-de-hidalgo\/2022\/09\/07\/espejeando-por-perseo-403\/\">Seguir leyendo <span class=\"screen-reader-text\">ESPEJEANDO por Perseo<\/span><\/a><\/p>\n","protected":false},"author":12,"featured_media":443323,"comment_status":"closed","ping_status":"open","sticky":false,"template":"","format":"standard","meta":{"rop_custom_images_group":[],"rop_custom_messages_group":[],"rop_publish_now":"initial","rop_publish_now_accounts":{"facebook_10159540855086992_322828327761733":""},"rop_publish_now_history":[],"rop_publish_now_status":"pending","footnotes":""},"categories":[176],"tags":[205],"class_list":["post-443353","post","type-post","status-publish","format-standard","has-post-thumbnail","hentry","category-espejeando","tag-espejeando","entry"],"_links":{"self":[{"href":"https:\/\/www.zunoticia.com\/noticias-de-hidalgo\/wp-json\/wp\/v2\/posts\/443353","targetHints":{"allow":["GET"]}}],"collection":[{"href":"https:\/\/www.zunoticia.com\/noticias-de-hidalgo\/wp-json\/wp\/v2\/posts"}],"about":[{"href":"https:\/\/www.zunoticia.com\/noticias-de-hidalgo\/wp-json\/wp\/v2\/types\/post"}],"author":[{"embeddable":true,"href":"https:\/\/www.zunoticia.com\/noticias-de-hidalgo\/wp-json\/wp\/v2\/users\/12"}],"replies":[{"embeddable":true,"href":"https:\/\/www.zunoticia.com\/noticias-de-hidalgo\/wp-json\/wp\/v2\/comments?post=443353"}],"version-history":[{"count":1,"href":"https:\/\/www.zunoticia.com\/noticias-de-hidalgo\/wp-json\/wp\/v2\/posts\/443353\/revisions"}],"predecessor-version":[{"id":443354,"href":"https:\/\/www.zunoticia.com\/noticias-de-hidalgo\/wp-json\/wp\/v2\/posts\/443353\/revisions\/443354"}],"wp:featuredmedia":[{"embeddable":true,"href":"https:\/\/www.zunoticia.com\/noticias-de-hidalgo\/wp-json\/wp\/v2\/media\/443323"}],"wp:attachment":[{"href":"https:\/\/www.zunoticia.com\/noticias-de-hidalgo\/wp-json\/wp\/v2\/media?parent=443353"}],"wp:term":[{"taxonomy":"category","embeddable":true,"href":"https:\/\/www.zunoticia.com\/noticias-de-hidalgo\/wp-json\/wp\/v2\/categories?post=443353"},{"taxonomy":"post_tag","embeddable":true,"href":"https:\/\/www.zunoticia.com\/noticias-de-hidalgo\/wp-json\/wp\/v2\/tags?post=443353"}],"curies":[{"name":"wp","href":"https:\/\/api.w.org\/{rel}","templated":true}]}}