{"id":444055,"date":"2022-09-12T17:07:19","date_gmt":"2022-09-12T22:07:19","guid":{"rendered":"https:\/\/www.zunoticia.com\/noticias-de-hidalgo\/?p=444055"},"modified":"2022-09-12T17:07:20","modified_gmt":"2022-09-12T22:07:20","slug":"reconoce-pedro-zenteno-labor-de-personal-de-velatorios-durante-y-pospandemia","status":"publish","type":"post","link":"https:\/\/www.zunoticia.com\/noticias-de-hidalgo\/2022\/09\/12\/reconoce-pedro-zenteno-labor-de-personal-de-velatorios-durante-y-pospandemia\/","title":{"rendered":"Reconoce Pedro Zenteno labor de personal de velatorios durante y pospandemia"},"content":{"rendered":"<aside class=\"mashsb-container mashsb-main mashsb-stretched\"><div class=\"mashsb-box\"><div class=\"mashsb-count mash-large\" style=\"float:left\"><div class=\"counts mashsbcount\">1<\/div><span class=\"mashsb-sharetext\">SHARES<\/span><\/div><div class=\"mashsb-buttons\"><a class=\"mashicon-facebook mash-large mash-center mashsb-noshadow\" href=\"https:\/\/www.facebook.com\/sharer.php?u=https%3A%2F%2Fwww.zunoticia.com%2Fnoticias-de-hidalgo%2F2022%2F09%2F12%2Freconoce-pedro-zenteno-labor-de-personal-de-velatorios-durante-y-pospandemia%2F\" target=\"_top\" rel=\"nofollow\"><span class=\"icon\"><\/span><span class=\"text\">Share<\/span><\/a><a class=\"mashicon-twitter mash-large mash-center mashsb-noshadow\" href=\"https:\/\/twitter.com\/intent\/tweet?text=&amp;url=https:\/\/www.zunoticia.com\/noticias-de-hidalgo\/2022\/09\/12\/reconoce-pedro-zenteno-labor-de-personal-de-velatorios-durante-y-pospandemia\/\" target=\"_top\" rel=\"nofollow\"><span class=\"icon\"><\/span><span class=\"text\">Tweet<\/span><\/a><div class=\"onoffswitch2 mash-large mashsb-noshadow\" style=\"display:none\"><\/div><\/div>\n            <\/div>\n                <div style=\"clear:both\"><\/div><div class=\"mashsb-toggle-container\"><\/div><\/aside>\n            <!-- Share buttons by mashshare.net - Version: 4.0.47-->\n<ul class=\"wp-block-list\"><li>Por su compromiso, esfuerzo y labor humanitaria con las familias mexicanas en los momentos m\u00e1s cr\u00edticos del COVID-19.<\/li><li>Personal de funerarias est\u00e1 capacitado para dar atenci\u00f3n con empat\u00eda y sensibilidad.<\/li><li>M\u00e1s de 40 mil servicios funerarios proporcion\u00f3 el instituto durante 2020 y 2021 en instalaciones propias y subrogadas de todo el pa\u00eds.<\/li><\/ul>\n\n\n\n<p><em>Por Redacci\u00f3n\/Zunoticia<\/em><\/p>\n\n\n\n<p><strong>Ciudad de M\u00e9xico. &#8211;<\/strong> Por su compromiso, esfuerzo y labor humanitaria con las familias mexicanas que perdieron a un ser querido durante la emergencia sanitaria por COVID-19, el director general del Instituto de Seguridad y Servicios Sociales de los Trabajadores del Estado (Issste), Pedro Zenteno Santaella, expres\u00f3 su pleno reconocimiento al personal de los servicios funerarios del organismo, quienes trabajan las 24 horas los 365 d\u00edas del a\u00f1o.<\/p>\n\n\n\n<p>El instituto brinda seguridad social en todas las etapas de la vida, y durante el lamentable ciclo de la emergencia sanitaria las y los trabajadores de los velatorios est\u00e1n dispuestos para servir a la comunidad derechohabiente y p\u00fablico en general, dando siempre un trato sensible, destac\u00f3.<\/p>\n\n\n\n<p>Pedro Zenteno a\u00f1adi\u00f3 que el personal que presta estos servicios \u2014al igual que el equipo m\u00e9dico\u2014 est\u00e1 capacitado para dar atenci\u00f3n con empat\u00eda en los momentos m\u00e1s dif\u00edciles que viven las personas y sus familias.<\/p>\n\n\n\n<p>\u201cEl personal de los velatorios, aunque pon\u00eda en riesgo su vida, no dej\u00f3 de proporcionar servicios y apoyar a las familias a despedir a sus seres queridos a la distancia para evitar contagios. Ante los llamados acud\u00edan a los hospitales o los hogares y se encargaron de todo el proceso funerario.\u201d<\/p>\n\n\n\n<p>En 2020 el organismo proporcion\u00f3 26 mil 407 servicios funerarios en instalaciones propias y subrogadas en todo el pa\u00eds, y en 2021 fueron 15 mil 893, como consta en los anuarios estad\u00edsticos de los a\u00f1os respectivos bit.ly\/3x2iztT.<\/p>\n\n\n\n<p>El encargado del Velatorio \u201cSolidaridad\u201d del Issste, Roberto G\u00f3mez Serrano, subray\u00f3 que el personal de velatorios, a pesar de no estar en el rubro m\u00e9dico, es clave porque durante la pandemia tambi\u00e9n estuvo en riesgo manipulando los cuerpos, y mientras estaban en la batalla respaldaron a los dolientes que no pudieron despedirse de sus seres queridos.<\/p>\n\n\n\n<figure class=\"wp-block-image size-large\"><img fetchpriority=\"high\" decoding=\"async\" width=\"1024\" height=\"819\" src=\"https:\/\/www.zunoticia.com\/noticias-de-hidalgo\/wp-content\/uploads\/2022\/09\/WhatsApp-Image-2022-09-12-at-4.39.17-PM-1-1024x819.jpeg\" alt=\"\" class=\"wp-image-444057\" srcset=\"https:\/\/www.zunoticia.com\/noticias-de-hidalgo\/wp-content\/uploads\/2022\/09\/WhatsApp-Image-2022-09-12-at-4.39.17-PM-1-1024x819.jpeg 1024w, https:\/\/www.zunoticia.com\/noticias-de-hidalgo\/wp-content\/uploads\/2022\/09\/WhatsApp-Image-2022-09-12-at-4.39.17-PM-1-300x240.jpeg 300w, https:\/\/www.zunoticia.com\/noticias-de-hidalgo\/wp-content\/uploads\/2022\/09\/WhatsApp-Image-2022-09-12-at-4.39.17-PM-1-768x614.jpeg 768w, https:\/\/www.zunoticia.com\/noticias-de-hidalgo\/wp-content\/uploads\/2022\/09\/WhatsApp-Image-2022-09-12-at-4.39.17-PM-1.jpeg 1280w\" sizes=\"(max-width: 1024px) 100vw, 1024px\" \/><\/figure>\n\n\n\n<p>Desde su oficina del velatorio 2, ubicado en Miguel E. Schultz, 124, colonia San Rafael, alcald\u00eda Cuauht\u00e9moc de la Ciudad de M\u00e9xico, relat\u00f3 que durante la pandemia no hab\u00eda margen de maniobra que pudieran eludir, ten\u00edan servicios continuamente y salieron a flote con ingenio para resolver esta situaci\u00f3n y no detener la atenci\u00f3n, siempre con calidad y calidez.<\/p>\n\n\n\n<p>El responsable del Velatorio \u201cRevoluci\u00f3n\u201d, localizado en Av. Revoluci\u00f3n 770, colonia San Juan, alcald\u00eda Benito Ju\u00e1rez, Ra\u00fal Aguilera Calder\u00f3n, agradeci\u00f3 a las autoridades del instituto por brindar capacitaci\u00f3n en los protocolos de cuidado para evitar posibles contagios durante la manipulaci\u00f3n de cuerpos, ya que estaban ofreciendo un servicio primordial y de primera necesidad. \u201cNos cuidamos no s\u00f3lo por nosotros, sino tambi\u00e9n por nuestras familias y compa\u00f1eros\u201d, coment\u00f3.<\/p>\n\n\n\n<p>Las funerarias del organismo est\u00e1n listas, equipadas y dispuestas a seguir ayudando en situaciones dif\u00edciles en el penoso trance de la muerte que viven los derechohabientes y p\u00fablico en general.<\/p>\n\n\n\n<p>La administradora del velatorio cuatro \u201cParque Memorial\u201d, situado en Calle de los Arcos 1010, Naucalpan de Ju\u00e1rez, Estado de M\u00e9xico, Martha Fern\u00e1ndez Garc\u00eda, estableci\u00f3 que todo el personal tiene la prioridad de brindar un excelente servicio para que la gente se sienta apoyada, servida y cobijada; \u201caman su trabajo, lo hacen con vocaci\u00f3n de servicio y de manera extraordinaria, as\u00ed fue en la pandemia y actualmente\u201d.<\/p>\n\n\n\n<p>Ante las dificultades que present\u00f3 la pandemia, servidores p\u00fablicos operativos y administrativos resolvieron situaciones adversas y nunca experimentadas, ofreciendo atenci\u00f3n continua con sensibilidad y empat\u00eda en apoyo a las familias en los momentos m\u00e1s tristes, coincidieron los responsables de los velatorios del Issste.<\/p>\n","protected":false},"excerpt":{"rendered":"<p>Por su compromiso, esfuerzo y labor humanitaria con las familias mexicanas en los momentos m\u00e1s cr\u00edticos del COVID-19. Personal de funerarias est\u00e1 capacitado para dar atenci\u00f3n con empat\u00eda y sensibilidad. M\u00e1s de 40 mil servicios funerarios proporcion\u00f3 el instituto durante 2020 y 2021 en instalaciones propias y subrogadas de todo el pa\u00eds. Por Redacci\u00f3n\/Zunoticia Ciudad&hellip; <a class=\"more-link\" href=\"https:\/\/www.zunoticia.com\/noticias-de-hidalgo\/2022\/09\/12\/reconoce-pedro-zenteno-labor-de-personal-de-velatorios-durante-y-pospandemia\/\">Seguir leyendo <span class=\"screen-reader-text\">Reconoce Pedro Zenteno labor de personal de velatorios durante y pospandemia<\/span><\/a><\/p>\n","protected":false},"author":12,"featured_media":444056,"comment_status":"closed","ping_status":"open","sticky":false,"template":"","format":"standard","meta":{"rop_custom_images_group":[],"rop_custom_messages_group":[],"rop_publish_now":"initial","rop_publish_now_accounts":{"facebook_10159540855086992_322828327761733":""},"rop_publish_now_history":[],"rop_publish_now_status":"pending","footnotes":""},"categories":[218],"tags":[217],"class_list":["post-444055","post","type-post","status-publish","format-standard","has-post-thumbnail","hentry","category-nacional","tag-nacional","entry"],"_links":{"self":[{"href":"https:\/\/www.zunoticia.com\/noticias-de-hidalgo\/wp-json\/wp\/v2\/posts\/444055","targetHints":{"allow":["GET"]}}],"collection":[{"href":"https:\/\/www.zunoticia.com\/noticias-de-hidalgo\/wp-json\/wp\/v2\/posts"}],"about":[{"href":"https:\/\/www.zunoticia.com\/noticias-de-hidalgo\/wp-json\/wp\/v2\/types\/post"}],"author":[{"embeddable":true,"href":"https:\/\/www.zunoticia.com\/noticias-de-hidalgo\/wp-json\/wp\/v2\/users\/12"}],"replies":[{"embeddable":true,"href":"https:\/\/www.zunoticia.com\/noticias-de-hidalgo\/wp-json\/wp\/v2\/comments?post=444055"}],"version-history":[{"count":1,"href":"https:\/\/www.zunoticia.com\/noticias-de-hidalgo\/wp-json\/wp\/v2\/posts\/444055\/revisions"}],"predecessor-version":[{"id":444058,"href":"https:\/\/www.zunoticia.com\/noticias-de-hidalgo\/wp-json\/wp\/v2\/posts\/444055\/revisions\/444058"}],"wp:featuredmedia":[{"embeddable":true,"href":"https:\/\/www.zunoticia.com\/noticias-de-hidalgo\/wp-json\/wp\/v2\/media\/444056"}],"wp:attachment":[{"href":"https:\/\/www.zunoticia.com\/noticias-de-hidalgo\/wp-json\/wp\/v2\/media?parent=444055"}],"wp:term":[{"taxonomy":"category","embeddable":true,"href":"https:\/\/www.zunoticia.com\/noticias-de-hidalgo\/wp-json\/wp\/v2\/categories?post=444055"},{"taxonomy":"post_tag","embeddable":true,"href":"https:\/\/www.zunoticia.com\/noticias-de-hidalgo\/wp-json\/wp\/v2\/tags?post=444055"}],"curies":[{"name":"wp","href":"https:\/\/api.w.org\/{rel}","templated":true}]}}