{"id":444059,"date":"2022-09-12T17:24:44","date_gmt":"2022-09-12T22:24:44","guid":{"rendered":"https:\/\/www.zunoticia.com\/noticias-de-hidalgo\/?p=444059"},"modified":"2022-09-12T17:24:45","modified_gmt":"2022-09-12T22:24:45","slug":"preocupacion-por-aumento-de-precios-en-los-alimentos","status":"publish","type":"post","link":"https:\/\/www.zunoticia.com\/noticias-de-hidalgo\/2022\/09\/12\/preocupacion-por-aumento-de-precios-en-los-alimentos\/","title":{"rendered":"Preocupaci\u00f3n por aumento de precios en los alimentos"},"content":{"rendered":"<aside class=\"mashsb-container mashsb-main mashsb-stretched\"><div class=\"mashsb-box\"><div class=\"mashsb-count mash-large\" style=\"float:left\"><div class=\"counts mashsbcount\">15<\/div><span class=\"mashsb-sharetext\">SHARES<\/span><\/div><div class=\"mashsb-buttons\"><a class=\"mashicon-facebook mash-large mash-center mashsb-noshadow\" href=\"https:\/\/www.facebook.com\/sharer.php?u=https%3A%2F%2Fwww.zunoticia.com%2Fnoticias-de-hidalgo%2F2022%2F09%2F12%2Fpreocupacion-por-aumento-de-precios-en-los-alimentos%2F\" target=\"_top\" rel=\"nofollow\"><span class=\"icon\"><\/span><span class=\"text\">Share<\/span><\/a><a class=\"mashicon-twitter mash-large mash-center mashsb-noshadow\" href=\"https:\/\/twitter.com\/intent\/tweet?text=&amp;url=https:\/\/www.zunoticia.com\/noticias-de-hidalgo\/2022\/09\/12\/preocupacion-por-aumento-de-precios-en-los-alimentos\/\" target=\"_top\" rel=\"nofollow\"><span class=\"icon\"><\/span><span class=\"text\">Tweet<\/span><\/a><div class=\"onoffswitch2 mash-large mashsb-noshadow\" style=\"display:none\"><\/div><\/div>\n            <\/div>\n                <div style=\"clear:both\"><\/div><div class=\"mashsb-toggle-container\"><\/div><\/aside>\n            <!-- Share buttons by mashshare.net - Version: 4.0.47-->\n<p><em>Por Pedro Luciano\/Zunoticia<\/em><\/p>\n\n\n\n<p><strong>Atlapexco, Hgo. &#8211;<\/strong> \u201cSon diversos los productos pertenecientes a la canasta b\u00e1sica, los cuales han incrementado de precio de forma muy alarmante, pues en varios casos se ha tenido que sustituir algunos productos de marcas comunes por otros m\u00e1s baratos; as\u00ed como tambi\u00e9n se ha tenido que limitar el consumo de algunos otros\u201d, lo anterior fue referido por vecinos de la cabecera municipal de Atlapexco, Hidalgo.<\/p>\n\n\n\n<p>Agregaron que, el incremento de los precios que se han visto en estos \u00faltimos d\u00edas en los productos de la canasta b\u00e1sica, se ven reflejados en los bolsillos de los mismos pobladores que derivado de estas alzas se les ha dificultado adquirir los alimentos para llevar a la familia.<\/p>\n\n\n\n<p>Se\u00f1alaron que, el incremento de precios de los productos afecta a\u00fan m\u00e1s a aquellas personas de los sectores vulnerables, a personas de la tercera edad y quienes sufren de una discapacidad, ya que no poseen formas de generar recursos econ\u00f3micos que les permita costear los altos precios.<\/p>\n\n\n\n<p>Concluyen refiriendo, que esperan estos productos bajen los costos o exista mayor apoyo a estos sectores que se ven perjudicados de forma directa por este problema econ\u00f3mico-social.<\/p>\n","protected":false},"excerpt":{"rendered":"<p>Por Pedro Luciano\/Zunoticia Atlapexco, Hgo. &#8211; \u201cSon diversos los productos pertenecientes a la canasta b\u00e1sica, los cuales han incrementado de precio de forma muy alarmante, pues en varios casos se ha tenido que sustituir algunos productos de marcas comunes por otros m\u00e1s baratos; as\u00ed como tambi\u00e9n se ha tenido que limitar el consumo de algunos&hellip; <a class=\"more-link\" href=\"https:\/\/www.zunoticia.com\/noticias-de-hidalgo\/2022\/09\/12\/preocupacion-por-aumento-de-precios-en-los-alimentos\/\">Seguir leyendo <span class=\"screen-reader-text\">Preocupaci\u00f3n por aumento de precios en los alimentos<\/span><\/a><\/p>\n","protected":false},"author":12,"featured_media":444060,"comment_status":"closed","ping_status":"open","sticky":false,"template":"","format":"standard","meta":{"rop_custom_images_group":[],"rop_custom_messages_group":[],"rop_publish_now":"initial","rop_publish_now_accounts":{"facebook_10159540855086992_322828327761733":""},"rop_publish_now_history":[],"rop_publish_now_status":"pending","footnotes":""},"categories":[182],"tags":[133],"class_list":["post-444059","post","type-post","status-publish","format-standard","has-post-thumbnail","hentry","category-atlapexco","tag-atlapexco","entry"],"_links":{"self":[{"href":"https:\/\/www.zunoticia.com\/noticias-de-hidalgo\/wp-json\/wp\/v2\/posts\/444059","targetHints":{"allow":["GET"]}}],"collection":[{"href":"https:\/\/www.zunoticia.com\/noticias-de-hidalgo\/wp-json\/wp\/v2\/posts"}],"about":[{"href":"https:\/\/www.zunoticia.com\/noticias-de-hidalgo\/wp-json\/wp\/v2\/types\/post"}],"author":[{"embeddable":true,"href":"https:\/\/www.zunoticia.com\/noticias-de-hidalgo\/wp-json\/wp\/v2\/users\/12"}],"replies":[{"embeddable":true,"href":"https:\/\/www.zunoticia.com\/noticias-de-hidalgo\/wp-json\/wp\/v2\/comments?post=444059"}],"version-history":[{"count":1,"href":"https:\/\/www.zunoticia.com\/noticias-de-hidalgo\/wp-json\/wp\/v2\/posts\/444059\/revisions"}],"predecessor-version":[{"id":444061,"href":"https:\/\/www.zunoticia.com\/noticias-de-hidalgo\/wp-json\/wp\/v2\/posts\/444059\/revisions\/444061"}],"wp:featuredmedia":[{"embeddable":true,"href":"https:\/\/www.zunoticia.com\/noticias-de-hidalgo\/wp-json\/wp\/v2\/media\/444060"}],"wp:attachment":[{"href":"https:\/\/www.zunoticia.com\/noticias-de-hidalgo\/wp-json\/wp\/v2\/media?parent=444059"}],"wp:term":[{"taxonomy":"category","embeddable":true,"href":"https:\/\/www.zunoticia.com\/noticias-de-hidalgo\/wp-json\/wp\/v2\/categories?post=444059"},{"taxonomy":"post_tag","embeddable":true,"href":"https:\/\/www.zunoticia.com\/noticias-de-hidalgo\/wp-json\/wp\/v2\/tags?post=444059"}],"curies":[{"name":"wp","href":"https:\/\/api.w.org\/{rel}","templated":true}]}}