{"id":444065,"date":"2022-09-12T17:28:46","date_gmt":"2022-09-12T22:28:46","guid":{"rendered":"https:\/\/www.zunoticia.com\/noticias-de-hidalgo\/?p=444065"},"modified":"2022-09-12T17:28:48","modified_gmt":"2022-09-12T22:28:48","slug":"sera-el-comercio-local-protagonista-en-fiestas-patrias","status":"publish","type":"post","link":"https:\/\/www.zunoticia.com\/noticias-de-hidalgo\/2022\/09\/12\/sera-el-comercio-local-protagonista-en-fiestas-patrias\/","title":{"rendered":"Ser\u00e1 el comercio local protagonista en fiestas patrias"},"content":{"rendered":"<aside class=\"mashsb-container mashsb-main mashsb-stretched\"><div class=\"mashsb-box\"><div class=\"mashsb-count mash-large\" style=\"float:left\"><div class=\"counts mashsbcount\">40<\/div><span class=\"mashsb-sharetext\">SHARES<\/span><\/div><div class=\"mashsb-buttons\"><a class=\"mashicon-facebook mash-large mash-center mashsb-noshadow\" href=\"https:\/\/www.facebook.com\/sharer.php?u=https%3A%2F%2Fwww.zunoticia.com%2Fnoticias-de-hidalgo%2F2022%2F09%2F12%2Fsera-el-comercio-local-protagonista-en-fiestas-patrias%2F\" target=\"_top\" rel=\"nofollow\"><span class=\"icon\"><\/span><span class=\"text\">Share<\/span><\/a><a class=\"mashicon-twitter mash-large mash-center mashsb-noshadow\" href=\"https:\/\/twitter.com\/intent\/tweet?text=&amp;url=https:\/\/www.zunoticia.com\/noticias-de-hidalgo\/2022\/09\/12\/sera-el-comercio-local-protagonista-en-fiestas-patrias\/\" target=\"_top\" rel=\"nofollow\"><span class=\"icon\"><\/span><span class=\"text\">Tweet<\/span><\/a><div class=\"onoffswitch2 mash-large mashsb-noshadow\" style=\"display:none\"><\/div><\/div>\n            <\/div>\n                <div style=\"clear:both\"><\/div><div class=\"mashsb-toggle-container\"><\/div><\/aside>\n            <!-- Share buttons by mashshare.net - Version: 4.0.47-->\n<p><em>Por Pedro Luciano\/Zunoticia<\/em><\/p>\n\n\n\n<p><strong>Atlapexco, Hgo. &#8211;<\/strong> Refieren comerciantes del municipio de Atlapexco, que se sienten conformes y con expectativas altas sobre la recuperaci\u00f3n econ\u00f3mica que se ver\u00e1 reflejada en las pr\u00f3ximas fechas con la realizaci\u00f3n de las diversas actividades que se llevar\u00e1n a cabo en el municipio, en conmemoraci\u00f3n de las fiestas patrias.<\/p>\n\n\n\n<p>Refirieron comerciantes que, es confortable ser tomados en cuenta para la designaci\u00f3n de lugares y la oportunidad de instalar sus puestos comerciales en las fiestas patrias, por ser estas fechas una oportunidad de recuperar los ingresos del sector comercial, que se vieron afectados tras los dos a\u00f1os de pandemia e intensas pol\u00edticas sanitarias, que fueron impuestas.<\/p>\n\n\n\n<p>Concluyeron refiriendo que, los comercios dedicados a la preparaci\u00f3n de alimentos ser\u00e1n uno de los tantos giros comerciales que destacar\u00e1n, desde los alimentos t\u00edpicos, artesan\u00edas, vestidos regionales, entre otros, por pertenecer a la cultura regional y sobre todo a la mexicana.<\/p>\n","protected":false},"excerpt":{"rendered":"<p>Por Pedro Luciano\/Zunoticia Atlapexco, Hgo. &#8211; Refieren comerciantes del municipio de Atlapexco, que se sienten conformes y con expectativas altas sobre la recuperaci\u00f3n econ\u00f3mica que se ver\u00e1 reflejada en las pr\u00f3ximas fechas con la realizaci\u00f3n de las diversas actividades que se llevar\u00e1n a cabo en el municipio, en conmemoraci\u00f3n de las fiestas patrias. Refirieron comerciantes&hellip; <a class=\"more-link\" href=\"https:\/\/www.zunoticia.com\/noticias-de-hidalgo\/2022\/09\/12\/sera-el-comercio-local-protagonista-en-fiestas-patrias\/\">Seguir leyendo <span class=\"screen-reader-text\">Ser\u00e1 el comercio local protagonista en fiestas patrias<\/span><\/a><\/p>\n","protected":false},"author":12,"featured_media":444066,"comment_status":"closed","ping_status":"open","sticky":false,"template":"","format":"standard","meta":{"rop_custom_images_group":[],"rop_custom_messages_group":[],"rop_publish_now":"initial","rop_publish_now_accounts":{"facebook_10159540855086992_322828327761733":""},"rop_publish_now_history":[],"rop_publish_now_status":"pending","footnotes":""},"categories":[182],"tags":[133],"class_list":["post-444065","post","type-post","status-publish","format-standard","has-post-thumbnail","hentry","category-atlapexco","tag-atlapexco","entry"],"_links":{"self":[{"href":"https:\/\/www.zunoticia.com\/noticias-de-hidalgo\/wp-json\/wp\/v2\/posts\/444065","targetHints":{"allow":["GET"]}}],"collection":[{"href":"https:\/\/www.zunoticia.com\/noticias-de-hidalgo\/wp-json\/wp\/v2\/posts"}],"about":[{"href":"https:\/\/www.zunoticia.com\/noticias-de-hidalgo\/wp-json\/wp\/v2\/types\/post"}],"author":[{"embeddable":true,"href":"https:\/\/www.zunoticia.com\/noticias-de-hidalgo\/wp-json\/wp\/v2\/users\/12"}],"replies":[{"embeddable":true,"href":"https:\/\/www.zunoticia.com\/noticias-de-hidalgo\/wp-json\/wp\/v2\/comments?post=444065"}],"version-history":[{"count":1,"href":"https:\/\/www.zunoticia.com\/noticias-de-hidalgo\/wp-json\/wp\/v2\/posts\/444065\/revisions"}],"predecessor-version":[{"id":444067,"href":"https:\/\/www.zunoticia.com\/noticias-de-hidalgo\/wp-json\/wp\/v2\/posts\/444065\/revisions\/444067"}],"wp:featuredmedia":[{"embeddable":true,"href":"https:\/\/www.zunoticia.com\/noticias-de-hidalgo\/wp-json\/wp\/v2\/media\/444066"}],"wp:attachment":[{"href":"https:\/\/www.zunoticia.com\/noticias-de-hidalgo\/wp-json\/wp\/v2\/media?parent=444065"}],"wp:term":[{"taxonomy":"category","embeddable":true,"href":"https:\/\/www.zunoticia.com\/noticias-de-hidalgo\/wp-json\/wp\/v2\/categories?post=444065"},{"taxonomy":"post_tag","embeddable":true,"href":"https:\/\/www.zunoticia.com\/noticias-de-hidalgo\/wp-json\/wp\/v2\/tags?post=444065"}],"curies":[{"name":"wp","href":"https:\/\/api.w.org\/{rel}","templated":true}]}}