{"id":444086,"date":"2022-09-12T17:56:53","date_gmt":"2022-09-12T22:56:53","guid":{"rendered":"https:\/\/www.zunoticia.com\/noticias-de-hidalgo\/?p=444086"},"modified":"2022-09-12T17:56:55","modified_gmt":"2022-09-12T22:56:55","slug":"procuraduria-informo-de-la-atencion-a-familiares-de-victimas-del-accidente","status":"publish","type":"post","link":"https:\/\/www.zunoticia.com\/noticias-de-hidalgo\/2022\/09\/12\/procuraduria-informo-de-la-atencion-a-familiares-de-victimas-del-accidente\/","title":{"rendered":"Procuradur\u00eda inform\u00f3 de la atenci\u00f3n a familiares de v\u00edctimas del accidente"},"content":{"rendered":"<aside class=\"mashsb-container mashsb-main mashsb-stretched\"><div class=\"mashsb-box\"><div class=\"mashsb-count mash-large\" style=\"float:left\"><div class=\"counts mashsbcount\">13<\/div><span class=\"mashsb-sharetext\">SHARES<\/span><\/div><div class=\"mashsb-buttons\"><a class=\"mashicon-facebook mash-large mash-center mashsb-noshadow\" href=\"https:\/\/www.facebook.com\/sharer.php?u=https%3A%2F%2Fwww.zunoticia.com%2Fnoticias-de-hidalgo%2F2022%2F09%2F12%2Fprocuraduria-informo-de-la-atencion-a-familiares-de-victimas-del-accidente%2F\" target=\"_top\" rel=\"nofollow\"><span class=\"icon\"><\/span><span class=\"text\">Share<\/span><\/a><a class=\"mashicon-twitter mash-large mash-center mashsb-noshadow\" href=\"https:\/\/twitter.com\/intent\/tweet?text=&amp;url=https:\/\/www.zunoticia.com\/noticias-de-hidalgo\/2022\/09\/12\/procuraduria-informo-de-la-atencion-a-familiares-de-victimas-del-accidente\/\" target=\"_top\" rel=\"nofollow\"><span class=\"icon\"><\/span><span class=\"text\">Tweet<\/span><\/a><div class=\"onoffswitch2 mash-large mashsb-noshadow\" style=\"display:none\"><\/div><\/div>\n            <\/div>\n                <div style=\"clear:both\"><\/div><div class=\"mashsb-toggle-container\"><\/div><\/aside>\n            <!-- Share buttons by mashshare.net - Version: 4.0.47-->\n<p><em>Por Francisco Rosas\/Zunoticia<\/em><\/p>\n\n\n\n<p><strong>Huejutla, Hgo. &#8211;<\/strong> La tarde de este lunes, en conferencia de prensa que se llev\u00f3 a cabo en la sala de cabildo del ayuntamiento local, el encargado del despacho de la Procuradur\u00eda General de Justicia del Estado de Hidalgo, Santiago Nieto, acompa\u00f1ado del subsecretario de Gobierno, Eduardo Medecigo Rubio y el alcalde Daniel Andrade Zurutuza, inform\u00f3 sobre los avances de la mesa de atenci\u00f3n para familiares de las v\u00edctimas del accidente, ocurrido el pasado s\u00e1bado 10 de septiembre, en la carretera Ciudad Victoria-Monterrey.<\/p>\n\n\n\n<figure class=\"wp-block-image size-large\"><img fetchpriority=\"high\" decoding=\"async\" width=\"1024\" height=\"782\" src=\"https:\/\/www.zunoticia.com\/noticias-de-hidalgo\/wp-content\/uploads\/2022\/09\/WhatsApp-Image-2022-09-12-at-5.43.00-PM-2-1024x782.jpeg\" alt=\"\" class=\"wp-image-444088\" srcset=\"https:\/\/www.zunoticia.com\/noticias-de-hidalgo\/wp-content\/uploads\/2022\/09\/WhatsApp-Image-2022-09-12-at-5.43.00-PM-2-1024x782.jpeg 1024w, https:\/\/www.zunoticia.com\/noticias-de-hidalgo\/wp-content\/uploads\/2022\/09\/WhatsApp-Image-2022-09-12-at-5.43.00-PM-2-300x229.jpeg 300w, https:\/\/www.zunoticia.com\/noticias-de-hidalgo\/wp-content\/uploads\/2022\/09\/WhatsApp-Image-2022-09-12-at-5.43.00-PM-2-768x587.jpeg 768w, https:\/\/www.zunoticia.com\/noticias-de-hidalgo\/wp-content\/uploads\/2022\/09\/WhatsApp-Image-2022-09-12-at-5.43.00-PM-2.jpeg 1280w\" sizes=\"(max-width: 1024px) 100vw, 1024px\" \/><\/figure>\n\n\n\n<p>Dijo que, en coordinaci\u00f3n con la Fiscal\u00eda General de Justicia del Estado de Tamaulipas y la Procuradur\u00eda General de Justicia del Estado de Hidalgo, se inici\u00f3 una carpeta de investigaci\u00f3n con l\u00ednea de homicidio, en donde ya han comparecido los familiares de todas las v\u00edctimas y este lunes, a las 13:30 horas, inici\u00f3 la audiencia inicial en raz\u00f3n de la persona detenida, en este caso, el conductor del tr\u00e1iler para deslindar responsabilidades.<\/p>\n\n\n\n<p>Confirm\u00f3 que, se han registrado e ingresado 18 cuerpos en el Centro de Identificaci\u00f3n Humana de Servicios Periciales de la Fiscal\u00eda de Tamaulipas y aunque al principio se reconocieron a 20 personas que se trasladaron en el autob\u00fas, sin embargo, los hallazgos al momento indican que solo se encontraban 18 personas en la unidad al momento del accidente.<\/p>\n\n\n\n<p>Explic\u00f3 que, se han tomado las muestras de gen\u00e9tica pertinentes en la Fiscal\u00eda General de Justicia del Estado de Tamaulipas y en el CAVI de Huejutla de todos los familiares hidalguenses.<\/p>\n\n\n\n<figure class=\"wp-block-image size-full\"><img decoding=\"async\" width=\"541\" height=\"456\" src=\"https:\/\/www.zunoticia.com\/noticias-de-hidalgo\/wp-content\/uploads\/2022\/09\/WhatsApp-Image-2022-09-12-at-5.43.00-PM-3.jpeg\" alt=\"\" class=\"wp-image-444089\" srcset=\"https:\/\/www.zunoticia.com\/noticias-de-hidalgo\/wp-content\/uploads\/2022\/09\/WhatsApp-Image-2022-09-12-at-5.43.00-PM-3.jpeg 541w, https:\/\/www.zunoticia.com\/noticias-de-hidalgo\/wp-content\/uploads\/2022\/09\/WhatsApp-Image-2022-09-12-at-5.43.00-PM-3-300x253.jpeg 300w\" sizes=\"(max-width: 541px) 100vw, 541px\" \/><\/figure>\n\n\n\n<p>Asimismo, se estiman alrededor de 20 d\u00edas para la identificaci\u00f3n de los cuerpos, dejando claro que estos procedimientos est\u00e1n sujetos a los avances del Centro de Identificaci\u00f3n Humana de Servicios Periciales de la Fiscal\u00eda de Tamaulipas.<\/p>\n\n\n\n<p>Para finalizar, descart\u00f3 cualquier esperanza de vida de los pasajeros que iban a bordo al momento del lamentable accidente, toda vez que no hubo ning\u00fan sobreviviente, seg\u00fan testigos.<\/p>\n","protected":false},"excerpt":{"rendered":"<p>Por Francisco Rosas\/Zunoticia Huejutla, Hgo. &#8211; La tarde de este lunes, en conferencia de prensa que se llev\u00f3 a cabo en la sala de cabildo del ayuntamiento local, el encargado del despacho de la Procuradur\u00eda General de Justicia del Estado de Hidalgo, Santiago Nieto, acompa\u00f1ado del subsecretario de Gobierno, Eduardo Medecigo Rubio y el alcalde&hellip; <a class=\"more-link\" href=\"https:\/\/www.zunoticia.com\/noticias-de-hidalgo\/2022\/09\/12\/procuraduria-informo-de-la-atencion-a-familiares-de-victimas-del-accidente\/\">Seguir leyendo <span class=\"screen-reader-text\">Procuradur\u00eda inform\u00f3 de la atenci\u00f3n a familiares de v\u00edctimas del accidente<\/span><\/a><\/p>\n","protected":false},"author":12,"featured_media":444087,"comment_status":"closed","ping_status":"open","sticky":false,"template":"","format":"standard","meta":{"rop_custom_images_group":[],"rop_custom_messages_group":[],"rop_publish_now":"initial","rop_publish_now_accounts":{"facebook_10159540855086992_322828327761733":""},"rop_publish_now_history":[],"rop_publish_now_status":"pending","footnotes":""},"categories":[181],"tags":[121],"class_list":["post-444086","post","type-post","status-publish","format-standard","has-post-thumbnail","hentry","category-huejutla","tag-huejutla","entry"],"_links":{"self":[{"href":"https:\/\/www.zunoticia.com\/noticias-de-hidalgo\/wp-json\/wp\/v2\/posts\/444086","targetHints":{"allow":["GET"]}}],"collection":[{"href":"https:\/\/www.zunoticia.com\/noticias-de-hidalgo\/wp-json\/wp\/v2\/posts"}],"about":[{"href":"https:\/\/www.zunoticia.com\/noticias-de-hidalgo\/wp-json\/wp\/v2\/types\/post"}],"author":[{"embeddable":true,"href":"https:\/\/www.zunoticia.com\/noticias-de-hidalgo\/wp-json\/wp\/v2\/users\/12"}],"replies":[{"embeddable":true,"href":"https:\/\/www.zunoticia.com\/noticias-de-hidalgo\/wp-json\/wp\/v2\/comments?post=444086"}],"version-history":[{"count":1,"href":"https:\/\/www.zunoticia.com\/noticias-de-hidalgo\/wp-json\/wp\/v2\/posts\/444086\/revisions"}],"predecessor-version":[{"id":444090,"href":"https:\/\/www.zunoticia.com\/noticias-de-hidalgo\/wp-json\/wp\/v2\/posts\/444086\/revisions\/444090"}],"wp:featuredmedia":[{"embeddable":true,"href":"https:\/\/www.zunoticia.com\/noticias-de-hidalgo\/wp-json\/wp\/v2\/media\/444087"}],"wp:attachment":[{"href":"https:\/\/www.zunoticia.com\/noticias-de-hidalgo\/wp-json\/wp\/v2\/media?parent=444086"}],"wp:term":[{"taxonomy":"category","embeddable":true,"href":"https:\/\/www.zunoticia.com\/noticias-de-hidalgo\/wp-json\/wp\/v2\/categories?post=444086"},{"taxonomy":"post_tag","embeddable":true,"href":"https:\/\/www.zunoticia.com\/noticias-de-hidalgo\/wp-json\/wp\/v2\/tags?post=444086"}],"curies":[{"name":"wp","href":"https:\/\/api.w.org\/{rel}","templated":true}]}}