{"id":444094,"date":"2022-09-12T19:52:39","date_gmt":"2022-09-13T00:52:39","guid":{"rendered":"https:\/\/www.zunoticia.com\/noticias-de-hidalgo\/?p=444094"},"modified":"2022-09-12T19:52:41","modified_gmt":"2022-09-13T00:52:41","slug":"recuperan-camioneta-robada-en-asalto","status":"publish","type":"post","link":"https:\/\/www.zunoticia.com\/noticias-de-hidalgo\/2022\/09\/12\/recuperan-camioneta-robada-en-asalto\/","title":{"rendered":"Recuperan camioneta robada en asalto"},"content":{"rendered":"<aside class=\"mashsb-container mashsb-main mashsb-stretched\"><div class=\"mashsb-box\"><div class=\"mashsb-count mash-large\" style=\"float:left\"><div class=\"counts mashsbcount\">53<\/div><span class=\"mashsb-sharetext\">SHARES<\/span><\/div><div class=\"mashsb-buttons\"><a class=\"mashicon-facebook mash-large mash-center mashsb-noshadow\" href=\"https:\/\/www.facebook.com\/sharer.php?u=https%3A%2F%2Fwww.zunoticia.com%2Fnoticias-de-hidalgo%2F2022%2F09%2F12%2Frecuperan-camioneta-robada-en-asalto%2F\" target=\"_top\" rel=\"nofollow\"><span class=\"icon\"><\/span><span class=\"text\">Share<\/span><\/a><a class=\"mashicon-twitter mash-large mash-center mashsb-noshadow\" href=\"https:\/\/twitter.com\/intent\/tweet?text=&amp;url=https:\/\/www.zunoticia.com\/noticias-de-hidalgo\/2022\/09\/12\/recuperan-camioneta-robada-en-asalto\/\" target=\"_top\" rel=\"nofollow\"><span class=\"icon\"><\/span><span class=\"text\">Tweet<\/span><\/a><div class=\"onoffswitch2 mash-large mashsb-noshadow\" style=\"display:none\"><\/div><\/div>\n            <\/div>\n                <div style=\"clear:both\"><\/div><div class=\"mashsb-toggle-container\"><\/div><\/aside>\n            <!-- Share buttons by mashshare.net - Version: 4.0.47-->\n<p><em>Por Redacci\u00f3n\/Zunoticia<\/em><\/p>\n\n\n\n<p><strong>Huejutla, Hgo.-<\/strong> El Delegado de la Coordinaci\u00f3n de Seguridad P\u00fablica Estatal, Alejo Bautista Hern\u00e1ndez coment\u00f3 que despu\u00e9s del asalto y robo de un veh\u00edculo ocurrido por hombres armados sobre el tramo carretero Atlapexco &#8211; Xochiatipan, se logr\u00f3 recuperar la unidad, la cual fue abandonada en el tramo carretero Huejutla-Amaxac.<\/p>\n\n\n\n<p>Bautista Hern\u00e1ndez coment\u00f3 que el veh\u00edculo fue ubicado en la entrada a la Comunidad de Amaxac, Huejutla, luego de revisar las c\u00e1maras de v\u00eddeo vigilancia del C-4, que le dio seguimiento a la unidad.<\/p>\n\n\n\n<p>&#8220;Desafortunadamente solo se recuper\u00f3 el veh\u00edculo, los presuntos responsable lograron darse a la fuga, abandonando la unidad&#8221;, explic\u00f3 el mando Polic\u00edaco.<\/p>\n\n\n\n<p>&#8220;El veh\u00edculo fue robado a mano armada por al menos tres sujetos con armas largas, quienes colocaron ramas de un \u00e1rbol sobre el tramo carretero Atlapexco &#8211; Xochiatipan a la altura del entronque que dirige a la Comunidad de Tecacahuaco de la demarcaci\u00f3n Atlapexco&#8221;, indic\u00f3 el jefe Polic\u00edaco.<\/p>\n\n\n\n<figure class=\"wp-block-image size-large\"><img fetchpriority=\"high\" decoding=\"async\" width=\"1024\" height=\"576\" src=\"https:\/\/www.zunoticia.com\/noticias-de-hidalgo\/wp-content\/uploads\/2022\/09\/Policiaca2-1-1024x576.jpeg\" alt=\"\" class=\"wp-image-444095\" srcset=\"https:\/\/www.zunoticia.com\/noticias-de-hidalgo\/wp-content\/uploads\/2022\/09\/Policiaca2-1-1024x576.jpeg 1024w, https:\/\/www.zunoticia.com\/noticias-de-hidalgo\/wp-content\/uploads\/2022\/09\/Policiaca2-1-300x169.jpeg 300w, https:\/\/www.zunoticia.com\/noticias-de-hidalgo\/wp-content\/uploads\/2022\/09\/Policiaca2-1-768x432.jpeg 768w, https:\/\/www.zunoticia.com\/noticias-de-hidalgo\/wp-content\/uploads\/2022\/09\/Policiaca2-1.jpeg 1080w\" sizes=\"(max-width: 1024px) 100vw, 1024px\" \/><\/figure>\n\n\n\n<p>Bautista Hern\u00e1ndez lament\u00f3 que el propietario de la unidad no quisiera interponer su formal denuncia ante el Ministerio P\u00fablico, solo quiere recuperar el veh\u00edculo y de ser as\u00ed no puede ser puesto a disposici\u00f3n de las autoridades Ministeriales, la cual en cualquier momento ser\u00e1 entregada a su propietario.<\/p>\n\n\n\n<p>Para finalizar dijo que incrementar\u00e1n los recorridos por los distintos tramos carreteros, a fin de evitar que se contin\u00faen presentando este tipo de situaciones, por fortuna el hecho no pas\u00f3 a mayores y se pudo recuperar la unidad.<\/p>\n","protected":false},"excerpt":{"rendered":"<p>Por Redacci\u00f3n\/Zunoticia Huejutla, Hgo.- El Delegado de la Coordinaci\u00f3n de Seguridad P\u00fablica Estatal, Alejo Bautista Hern\u00e1ndez coment\u00f3 que despu\u00e9s del asalto y robo de un veh\u00edculo ocurrido por hombres armados sobre el tramo carretero Atlapexco &#8211; Xochiatipan, se logr\u00f3 recuperar la unidad, la cual fue abandonada en el tramo carretero Huejutla-Amaxac. Bautista Hern\u00e1ndez coment\u00f3 que&hellip; <a class=\"more-link\" href=\"https:\/\/www.zunoticia.com\/noticias-de-hidalgo\/2022\/09\/12\/recuperan-camioneta-robada-en-asalto\/\">Seguir leyendo <span class=\"screen-reader-text\">Recuperan camioneta robada en asalto<\/span><\/a><\/p>\n","protected":false},"author":12,"featured_media":444096,"comment_status":"closed","ping_status":"open","sticky":false,"template":"","format":"standard","meta":{"rop_custom_images_group":[],"rop_custom_messages_group":[],"rop_publish_now":"initial","rop_publish_now_accounts":{"facebook_10159540855086992_322828327761733":""},"rop_publish_now_history":[],"rop_publish_now_status":"pending","footnotes":""},"categories":[178],"tags":[259],"class_list":["post-444094","post","type-post","status-publish","format-standard","has-post-thumbnail","hentry","category-policiaca","tag-policiaca","entry"],"_links":{"self":[{"href":"https:\/\/www.zunoticia.com\/noticias-de-hidalgo\/wp-json\/wp\/v2\/posts\/444094","targetHints":{"allow":["GET"]}}],"collection":[{"href":"https:\/\/www.zunoticia.com\/noticias-de-hidalgo\/wp-json\/wp\/v2\/posts"}],"about":[{"href":"https:\/\/www.zunoticia.com\/noticias-de-hidalgo\/wp-json\/wp\/v2\/types\/post"}],"author":[{"embeddable":true,"href":"https:\/\/www.zunoticia.com\/noticias-de-hidalgo\/wp-json\/wp\/v2\/users\/12"}],"replies":[{"embeddable":true,"href":"https:\/\/www.zunoticia.com\/noticias-de-hidalgo\/wp-json\/wp\/v2\/comments?post=444094"}],"version-history":[{"count":1,"href":"https:\/\/www.zunoticia.com\/noticias-de-hidalgo\/wp-json\/wp\/v2\/posts\/444094\/revisions"}],"predecessor-version":[{"id":444098,"href":"https:\/\/www.zunoticia.com\/noticias-de-hidalgo\/wp-json\/wp\/v2\/posts\/444094\/revisions\/444098"}],"wp:featuredmedia":[{"embeddable":true,"href":"https:\/\/www.zunoticia.com\/noticias-de-hidalgo\/wp-json\/wp\/v2\/media\/444096"}],"wp:attachment":[{"href":"https:\/\/www.zunoticia.com\/noticias-de-hidalgo\/wp-json\/wp\/v2\/media?parent=444094"}],"wp:term":[{"taxonomy":"category","embeddable":true,"href":"https:\/\/www.zunoticia.com\/noticias-de-hidalgo\/wp-json\/wp\/v2\/categories?post=444094"},{"taxonomy":"post_tag","embeddable":true,"href":"https:\/\/www.zunoticia.com\/noticias-de-hidalgo\/wp-json\/wp\/v2\/tags?post=444094"}],"curies":[{"name":"wp","href":"https:\/\/api.w.org\/{rel}","templated":true}]}}