{"id":444099,"date":"2022-09-12T20:19:38","date_gmt":"2022-09-13T01:19:38","guid":{"rendered":"https:\/\/www.zunoticia.com\/noticias-de-hidalgo\/?p=444099"},"modified":"2022-09-12T20:19:40","modified_gmt":"2022-09-13T01:19:40","slug":"coordina-pgjeh-y-fgjt-identificacion-de-cuerpos-sin-vida","status":"publish","type":"post","link":"https:\/\/www.zunoticia.com\/noticias-de-hidalgo\/2022\/09\/12\/coordina-pgjeh-y-fgjt-identificacion-de-cuerpos-sin-vida\/","title":{"rendered":"Coordina PGJEH Y FGJT identificaci\u00f3n de cuerpos sin vida"},"content":{"rendered":"<aside class=\"mashsb-container mashsb-main mashsb-stretched\"><div class=\"mashsb-box\"><div class=\"mashsb-count mash-large\" style=\"float:left\"><div class=\"counts mashsbcount\">41<\/div><span class=\"mashsb-sharetext\">SHARES<\/span><\/div><div class=\"mashsb-buttons\"><a class=\"mashicon-facebook mash-large mash-center mashsb-noshadow\" href=\"https:\/\/www.facebook.com\/sharer.php?u=https%3A%2F%2Fwww.zunoticia.com%2Fnoticias-de-hidalgo%2F2022%2F09%2F12%2Fcoordina-pgjeh-y-fgjt-identificacion-de-cuerpos-sin-vida%2F\" target=\"_top\" rel=\"nofollow\"><span class=\"icon\"><\/span><span class=\"text\">Share<\/span><\/a><a class=\"mashicon-twitter mash-large mash-center mashsb-noshadow\" href=\"https:\/\/twitter.com\/intent\/tweet?text=&amp;url=https:\/\/www.zunoticia.com\/noticias-de-hidalgo\/2022\/09\/12\/coordina-pgjeh-y-fgjt-identificacion-de-cuerpos-sin-vida\/\" target=\"_top\" rel=\"nofollow\"><span class=\"icon\"><\/span><span class=\"text\">Tweet<\/span><\/a><div class=\"onoffswitch2 mash-large mashsb-noshadow\" style=\"display:none\"><\/div><\/div>\n            <\/div>\n                <div style=\"clear:both\"><\/div><div class=\"mashsb-toggle-container\"><\/div><\/aside>\n            <!-- Share buttons by mashshare.net - Version: 4.0.47-->\n<p><em>Por Redacci\u00f3n\/Zunoticia<\/em><\/p>\n\n\n\n<p><strong>Pachuca, Hgo.-<\/strong> La Procuradur\u00eda General de Justicia del Estado de Hidalgo (PGJEH) y la Fiscal\u00eda General de Justicia de Tamaulipas (FGJT) trabajan de manera coordinada para obtener la identificaci\u00f3n de los restos humanos de las personas que viajaban sobre la carretera Victoria-Monterrey, a bordo de un autob\u00fas que se incendi\u00f3 en el municipio de Hidalgo, Tamaulipas.<\/p>\n\n\n\n<p>En conferencia de prensa ofrecida en Huejutla de Reyes, Santiago Nieto Castillo, encargado del despacho de la PGJEH se\u00f1al\u00f3 que para el gobernador es prioridad atender este lamentable incidente que le cost\u00f3 la vida a ocho personas hidalguenses.<\/p>\n\n\n\n<p>Detall\u00f3 que por parte de la PGJEH se han encausado todos los recursos humanos, tecnol\u00f3gicos y cient\u00edficos para brindar apoyo a la Fiscal\u00eda General de Justicia de Tamaulipas y a familiares de las v\u00edctimas.<\/p>\n\n\n\n<p>\u201cA partir del incidente iniciamos de manera inmediata una carpeta de investigaci\u00f3n en la cual han comparecido familiares de las v\u00edctimas y aqu\u00ed ya se les han tomado muestras de ADN para poder hacer el cotejo correspondiente y obtener la identificaci\u00f3n de los cuerpos lo m\u00e1s pronto posible\u201d, asegur\u00f3.<\/p>\n\n\n\n<p>Se\u00f1al\u00f3 que mantiene comunicaci\u00f3n constante con la Fiscal\u00eda General de Justicia de Tamaulipas, autoridad que tambi\u00e9n inici\u00f3 una carpeta de investigaci\u00f3n y quien tiene en dep\u00f3sito los cuerpos en su Centro Identificaci\u00f3n Humana de los Servicios Periciales.<\/p>\n\n\n\n<p>A partir de que se tuvo conocimiento del lamentable incidente, el seguimiento para conocer los avances de la investigaci\u00f3n as\u00ed como el proceso penal que enfrenta una persona en calidad de probable responsable ha sido puntual.<\/p>\n\n\n\n<figure class=\"wp-block-image size-large\"><img fetchpriority=\"high\" decoding=\"async\" width=\"1024\" height=\"768\" src=\"https:\/\/www.zunoticia.com\/noticias-de-hidalgo\/wp-content\/uploads\/2022\/09\/eZy-Watermark-12-09-2022-08-05-35p.m.-1024x768.jpg\" alt=\"\" class=\"wp-image-444118\" srcset=\"https:\/\/www.zunoticia.com\/noticias-de-hidalgo\/wp-content\/uploads\/2022\/09\/eZy-Watermark-12-09-2022-08-05-35p.m.-1024x768.jpg 1024w, https:\/\/www.zunoticia.com\/noticias-de-hidalgo\/wp-content\/uploads\/2022\/09\/eZy-Watermark-12-09-2022-08-05-35p.m.-300x225.jpg 300w, https:\/\/www.zunoticia.com\/noticias-de-hidalgo\/wp-content\/uploads\/2022\/09\/eZy-Watermark-12-09-2022-08-05-35p.m.-768x576.jpg 768w, https:\/\/www.zunoticia.com\/noticias-de-hidalgo\/wp-content\/uploads\/2022\/09\/eZy-Watermark-12-09-2022-08-05-35p.m..jpg 1280w\" sizes=\"(max-width: 1024px) 100vw, 1024px\" \/><\/figure>\n\n\n\n<p>\u201cNosotros estamos en este momento en el proceso de integraci\u00f3n de la carpeta de investigaci\u00f3n, hemos solicitado tambi\u00e9n informaci\u00f3n a las aseguradoras y tuvimos la comparecencia de los familiares de las v\u00edctimas, para determinar lo que conforme a derecho corresponda\u201d expres\u00f3 Nieto Castillo.<\/p>\n\n\n\n<p>Durante la conferencia de prensa, el encargado del despacho de la Procuradur\u00eda estuvo acompa\u00f1ado por Eduardo Med\u00e9cigo Rubio, subsecretario de Gobernaci\u00f3n; Daniel Andrade Zurutuza, presidente municipal de Huejutla de Reyes y Arturo Flores Molina, subprocurador de delitos de g\u00e9nero, desaparici\u00f3n de personas e impacto social, de la PGJEH.<\/p>\n","protected":false},"excerpt":{"rendered":"<p>Por Redacci\u00f3n\/Zunoticia Pachuca, Hgo.- La Procuradur\u00eda General de Justicia del Estado de Hidalgo (PGJEH) y la Fiscal\u00eda General de Justicia de Tamaulipas (FGJT) trabajan de manera coordinada para obtener la identificaci\u00f3n de los restos humanos de las personas que viajaban sobre la carretera Victoria-Monterrey, a bordo de un autob\u00fas que se incendi\u00f3 en el municipio&hellip; <a class=\"more-link\" href=\"https:\/\/www.zunoticia.com\/noticias-de-hidalgo\/2022\/09\/12\/coordina-pgjeh-y-fgjt-identificacion-de-cuerpos-sin-vida\/\">Seguir leyendo <span class=\"screen-reader-text\">Coordina PGJEH Y FGJT identificaci\u00f3n de cuerpos sin vida<\/span><\/a><\/p>\n","protected":false},"author":12,"featured_media":444119,"comment_status":"closed","ping_status":"open","sticky":false,"template":"","format":"standard","meta":{"rop_custom_images_group":[],"rop_custom_messages_group":[],"rop_publish_now":"initial","rop_publish_now_accounts":{"facebook_10159540855086992_322828327761733":""},"rop_publish_now_history":[],"rop_publish_now_status":"pending","footnotes":""},"categories":[208],"tags":[214],"class_list":["post-444099","post","type-post","status-publish","format-standard","has-post-thumbnail","hentry","category-estado","tag-estado","entry"],"_links":{"self":[{"href":"https:\/\/www.zunoticia.com\/noticias-de-hidalgo\/wp-json\/wp\/v2\/posts\/444099","targetHints":{"allow":["GET"]}}],"collection":[{"href":"https:\/\/www.zunoticia.com\/noticias-de-hidalgo\/wp-json\/wp\/v2\/posts"}],"about":[{"href":"https:\/\/www.zunoticia.com\/noticias-de-hidalgo\/wp-json\/wp\/v2\/types\/post"}],"author":[{"embeddable":true,"href":"https:\/\/www.zunoticia.com\/noticias-de-hidalgo\/wp-json\/wp\/v2\/users\/12"}],"replies":[{"embeddable":true,"href":"https:\/\/www.zunoticia.com\/noticias-de-hidalgo\/wp-json\/wp\/v2\/comments?post=444099"}],"version-history":[{"count":1,"href":"https:\/\/www.zunoticia.com\/noticias-de-hidalgo\/wp-json\/wp\/v2\/posts\/444099\/revisions"}],"predecessor-version":[{"id":444123,"href":"https:\/\/www.zunoticia.com\/noticias-de-hidalgo\/wp-json\/wp\/v2\/posts\/444099\/revisions\/444123"}],"wp:featuredmedia":[{"embeddable":true,"href":"https:\/\/www.zunoticia.com\/noticias-de-hidalgo\/wp-json\/wp\/v2\/media\/444119"}],"wp:attachment":[{"href":"https:\/\/www.zunoticia.com\/noticias-de-hidalgo\/wp-json\/wp\/v2\/media?parent=444099"}],"wp:term":[{"taxonomy":"category","embeddable":true,"href":"https:\/\/www.zunoticia.com\/noticias-de-hidalgo\/wp-json\/wp\/v2\/categories?post=444099"},{"taxonomy":"post_tag","embeddable":true,"href":"https:\/\/www.zunoticia.com\/noticias-de-hidalgo\/wp-json\/wp\/v2\/tags?post=444099"}],"curies":[{"name":"wp","href":"https:\/\/api.w.org\/{rel}","templated":true}]}}