{"id":444135,"date":"2022-09-12T20:32:02","date_gmt":"2022-09-13T01:32:02","guid":{"rendered":"https:\/\/www.zunoticia.com\/noticias-de-hidalgo\/?p=444135"},"modified":"2022-09-12T20:32:04","modified_gmt":"2022-09-13T01:32:04","slug":"fuerte-impulso-a-proyeccion-turistica-de-orizatlan-erika-saab","status":"publish","type":"post","link":"https:\/\/www.zunoticia.com\/noticias-de-hidalgo\/2022\/09\/12\/fuerte-impulso-a-proyeccion-turistica-de-orizatlan-erika-saab\/","title":{"rendered":"Fuerte impulso a proyecci\u00f3n tur\u00edstica de Orizatl\u00e1n: Erika Saab"},"content":{"rendered":"<aside class=\"mashsb-container mashsb-main mashsb-stretched\"><div class=\"mashsb-box\"><div class=\"mashsb-count mash-large\" style=\"float:left\"><div class=\"counts mashsbcount\">37<\/div><span class=\"mashsb-sharetext\">SHARES<\/span><\/div><div class=\"mashsb-buttons\"><a class=\"mashicon-facebook mash-large mash-center mashsb-noshadow\" href=\"https:\/\/www.facebook.com\/sharer.php?u=https%3A%2F%2Fwww.zunoticia.com%2Fnoticias-de-hidalgo%2F2022%2F09%2F12%2Ffuerte-impulso-a-proyeccion-turistica-de-orizatlan-erika-saab%2F\" target=\"_top\" rel=\"nofollow\"><span class=\"icon\"><\/span><span class=\"text\">Share<\/span><\/a><a class=\"mashicon-twitter mash-large mash-center mashsb-noshadow\" href=\"https:\/\/twitter.com\/intent\/tweet?text=&amp;url=https:\/\/www.zunoticia.com\/noticias-de-hidalgo\/2022\/09\/12\/fuerte-impulso-a-proyeccion-turistica-de-orizatlan-erika-saab\/\" target=\"_top\" rel=\"nofollow\"><span class=\"icon\"><\/span><span class=\"text\">Tweet<\/span><\/a><div class=\"onoffswitch2 mash-large mashsb-noshadow\" style=\"display:none\"><\/div><\/div>\n            <\/div>\n                <div style=\"clear:both\"><\/div><div class=\"mashsb-toggle-container\"><\/div><\/aside>\n            <!-- Share buttons by mashshare.net - Version: 4.0.47-->\n<p><em>Por \u00c1ngel Silverio\/Zunoticia<\/em><\/p>\n\n\n\n<p><strong>San Felipe Orizatl\u00e1n, Hgo.-<\/strong> Tras llevarse a cabo este pasado fin de semana el concurso internacional del Folklore Latinoamericano, donde participaron diversos pa\u00edses, la alcaldesa Erika Saab Lara, dijo que m\u00e1s eventos de esta categor\u00eda estar\u00e1n atrayendo para de esta forma impulsar fuertemente el turismo en el municipio.<\/p>\n\n\n\n<figure class=\"wp-block-image size-large\"><img fetchpriority=\"high\" decoding=\"async\" width=\"1024\" height=\"768\" src=\"https:\/\/www.zunoticia.com\/noticias-de-hidalgo\/wp-content\/uploads\/2022\/09\/eZy-Watermark-12-09-2022-08-06-20p.m.-1024x768.jpg\" alt=\"\" class=\"wp-image-444110\" srcset=\"https:\/\/www.zunoticia.com\/noticias-de-hidalgo\/wp-content\/uploads\/2022\/09\/eZy-Watermark-12-09-2022-08-06-20p.m.-1024x768.jpg 1024w, https:\/\/www.zunoticia.com\/noticias-de-hidalgo\/wp-content\/uploads\/2022\/09\/eZy-Watermark-12-09-2022-08-06-20p.m.-300x225.jpg 300w, https:\/\/www.zunoticia.com\/noticias-de-hidalgo\/wp-content\/uploads\/2022\/09\/eZy-Watermark-12-09-2022-08-06-20p.m.-768x576.jpg 768w, https:\/\/www.zunoticia.com\/noticias-de-hidalgo\/wp-content\/uploads\/2022\/09\/eZy-Watermark-12-09-2022-08-06-20p.m..jpg 1080w\" sizes=\"(max-width: 1024px) 100vw, 1024px\" \/><\/figure>\n\n\n\n<p>\u201cLa posibilidad de que las familias puedan tener un espect\u00e1culo de esta naturaleza, para nosotros ha sido un honor recibir a delegaciones de otros pa\u00edses que llegaron, tuvieron la oportunidad de visitar algunos parajes naturales con los que cuenta Orizatl\u00e1n, les mostramos tambi\u00e9n un poco de nuestras tradiciones, les mostramos algunos rituales en Ahuatitla, para que ellos conozcan cual es la identidad y las ra\u00edces de nuestras comunidades ind\u00edgenas\u201d indic\u00f3 la alcaldesa.<\/p>\n\n\n\n<figure class=\"wp-block-image size-large\"><img decoding=\"async\" width=\"1024\" height=\"768\" src=\"https:\/\/www.zunoticia.com\/noticias-de-hidalgo\/wp-content\/uploads\/2022\/09\/eZy-Watermark-12-09-2022-08-05-53p.m.-1024x768.jpg\" alt=\"\" class=\"wp-image-444121\" srcset=\"https:\/\/www.zunoticia.com\/noticias-de-hidalgo\/wp-content\/uploads\/2022\/09\/eZy-Watermark-12-09-2022-08-05-53p.m.-1024x768.jpg 1024w, https:\/\/www.zunoticia.com\/noticias-de-hidalgo\/wp-content\/uploads\/2022\/09\/eZy-Watermark-12-09-2022-08-05-53p.m.-300x225.jpg 300w, https:\/\/www.zunoticia.com\/noticias-de-hidalgo\/wp-content\/uploads\/2022\/09\/eZy-Watermark-12-09-2022-08-05-53p.m.-768x576.jpg 768w, https:\/\/www.zunoticia.com\/noticias-de-hidalgo\/wp-content\/uploads\/2022\/09\/eZy-Watermark-12-09-2022-08-05-53p.m..jpg 1080w\" sizes=\"(max-width: 1024px) 100vw, 1024px\" \/><\/figure>\n\n\n\n<p>Dijo que con esto, los visitantes extranjeros se podr\u00e1n llevar eso a sus pa\u00edses, \u201cAyudarnos a promocionar lo que es el Orizatl\u00e1n y demostrarles que estamos listos para recibir a visitantes de nuestro pa\u00eds y del mundo entero, es importante proyectar al municipio, hace poco tuvimos el distintivo de Pueblo con Sabor, vamos a seguir trabajando para potenciar el turismo, que la gente venga, nos visite, porque yo estoy segura que si la gente conoce Orizatl\u00e1n y a su gente, prueba su gastronom\u00eda, tiene que regresar\u201d.<\/p>\n\n\n\n<figure class=\"wp-block-image size-large\"><img decoding=\"async\" width=\"1024\" height=\"768\" src=\"https:\/\/www.zunoticia.com\/noticias-de-hidalgo\/wp-content\/uploads\/2022\/09\/eZy-Watermark-12-09-2022-08-07-03p.m.-1024x768.jpg\" alt=\"\" class=\"wp-image-444108\" srcset=\"https:\/\/www.zunoticia.com\/noticias-de-hidalgo\/wp-content\/uploads\/2022\/09\/eZy-Watermark-12-09-2022-08-07-03p.m.-1024x768.jpg 1024w, https:\/\/www.zunoticia.com\/noticias-de-hidalgo\/wp-content\/uploads\/2022\/09\/eZy-Watermark-12-09-2022-08-07-03p.m.-300x225.jpg 300w, https:\/\/www.zunoticia.com\/noticias-de-hidalgo\/wp-content\/uploads\/2022\/09\/eZy-Watermark-12-09-2022-08-07-03p.m.-768x576.jpg 768w, https:\/\/www.zunoticia.com\/noticias-de-hidalgo\/wp-content\/uploads\/2022\/09\/eZy-Watermark-12-09-2022-08-07-03p.m..jpg 1080w\" sizes=\"(max-width: 1024px) 100vw, 1024px\" \/><\/figure>\n\n\n\n<p>Finalmente, hizo la invitaci\u00f3n a la poblaci\u00f3n, a ser parte de las actividades patrias, -\u201cInvitar a todos los que nos ven a que el pr\u00f3ximo d\u00eda 15 vengan y disfruten, tendremos un ballet cl\u00e1sico, con una revista que tiene que ver con nuestro pa\u00eds, es algo distinto, estoy segura que les va a encantar, y al final el tradicional grito\u201d.<\/p>\n","protected":false},"excerpt":{"rendered":"<p>Por \u00c1ngel Silverio\/Zunoticia San Felipe Orizatl\u00e1n, Hgo.- Tras llevarse a cabo este pasado fin de semana el concurso internacional del Folklore Latinoamericano, donde participaron diversos pa\u00edses, la alcaldesa Erika Saab Lara, dijo que m\u00e1s eventos de esta categor\u00eda estar\u00e1n atrayendo para de esta forma impulsar fuertemente el turismo en el municipio. \u201cLa posibilidad de que&hellip; <a class=\"more-link\" href=\"https:\/\/www.zunoticia.com\/noticias-de-hidalgo\/2022\/09\/12\/fuerte-impulso-a-proyeccion-turistica-de-orizatlan-erika-saab\/\">Seguir leyendo <span class=\"screen-reader-text\">Fuerte impulso a proyecci\u00f3n tur\u00edstica de Orizatl\u00e1n: Erika Saab<\/span><\/a><\/p>\n","protected":false},"author":12,"featured_media":444109,"comment_status":"closed","ping_status":"open","sticky":false,"template":"","format":"standard","meta":{"rop_custom_images_group":[],"rop_custom_messages_group":[],"rop_publish_now":"initial","rop_publish_now_accounts":{"facebook_10159540855086992_322828327761733":""},"rop_publish_now_history":[],"rop_publish_now_status":"pending","footnotes":""},"categories":[180],"tags":[129],"class_list":["post-444135","post","type-post","status-publish","format-standard","has-post-thumbnail","hentry","category-orizatlan","tag-orizatlan","entry"],"_links":{"self":[{"href":"https:\/\/www.zunoticia.com\/noticias-de-hidalgo\/wp-json\/wp\/v2\/posts\/444135","targetHints":{"allow":["GET"]}}],"collection":[{"href":"https:\/\/www.zunoticia.com\/noticias-de-hidalgo\/wp-json\/wp\/v2\/posts"}],"about":[{"href":"https:\/\/www.zunoticia.com\/noticias-de-hidalgo\/wp-json\/wp\/v2\/types\/post"}],"author":[{"embeddable":true,"href":"https:\/\/www.zunoticia.com\/noticias-de-hidalgo\/wp-json\/wp\/v2\/users\/12"}],"replies":[{"embeddable":true,"href":"https:\/\/www.zunoticia.com\/noticias-de-hidalgo\/wp-json\/wp\/v2\/comments?post=444135"}],"version-history":[{"count":1,"href":"https:\/\/www.zunoticia.com\/noticias-de-hidalgo\/wp-json\/wp\/v2\/posts\/444135\/revisions"}],"predecessor-version":[{"id":444137,"href":"https:\/\/www.zunoticia.com\/noticias-de-hidalgo\/wp-json\/wp\/v2\/posts\/444135\/revisions\/444137"}],"wp:featuredmedia":[{"embeddable":true,"href":"https:\/\/www.zunoticia.com\/noticias-de-hidalgo\/wp-json\/wp\/v2\/media\/444109"}],"wp:attachment":[{"href":"https:\/\/www.zunoticia.com\/noticias-de-hidalgo\/wp-json\/wp\/v2\/media?parent=444135"}],"wp:term":[{"taxonomy":"category","embeddable":true,"href":"https:\/\/www.zunoticia.com\/noticias-de-hidalgo\/wp-json\/wp\/v2\/categories?post=444135"},{"taxonomy":"post_tag","embeddable":true,"href":"https:\/\/www.zunoticia.com\/noticias-de-hidalgo\/wp-json\/wp\/v2\/tags?post=444135"}],"curies":[{"name":"wp","href":"https:\/\/api.w.org\/{rel}","templated":true}]}}