{"id":444136,"date":"2022-09-12T20:33:09","date_gmt":"2022-09-13T01:33:09","guid":{"rendered":"https:\/\/www.zunoticia.com\/noticias-de-hidalgo\/?p=444136"},"modified":"2022-09-12T20:33:11","modified_gmt":"2022-09-13T01:33:11","slug":"aparatos-funcionales-llegaran-a-comunidades","status":"publish","type":"post","link":"https:\/\/www.zunoticia.com\/noticias-de-hidalgo\/2022\/09\/12\/aparatos-funcionales-llegaran-a-comunidades\/","title":{"rendered":"Aparatos funcionales llegar\u00e1n a comunidades"},"content":{"rendered":"<aside class=\"mashsb-container mashsb-main mashsb-stretched\"><div class=\"mashsb-box\"><div class=\"mashsb-count mash-large\" style=\"float:left\"><div class=\"counts mashsbcount\">12<\/div><span class=\"mashsb-sharetext\">SHARES<\/span><\/div><div class=\"mashsb-buttons\"><a class=\"mashicon-facebook mash-large mash-center mashsb-noshadow\" href=\"https:\/\/www.facebook.com\/sharer.php?u=https%3A%2F%2Fwww.zunoticia.com%2Fnoticias-de-hidalgo%2F2022%2F09%2F12%2Faparatos-funcionales-llegaran-a-comunidades%2F\" target=\"_top\" rel=\"nofollow\"><span class=\"icon\"><\/span><span class=\"text\">Share<\/span><\/a><a class=\"mashicon-twitter mash-large mash-center mashsb-noshadow\" href=\"https:\/\/twitter.com\/intent\/tweet?text=&amp;url=https:\/\/www.zunoticia.com\/noticias-de-hidalgo\/2022\/09\/12\/aparatos-funcionales-llegaran-a-comunidades\/\" target=\"_top\" rel=\"nofollow\"><span class=\"icon\"><\/span><span class=\"text\">Tweet<\/span><\/a><div class=\"onoffswitch2 mash-large mashsb-noshadow\" style=\"display:none\"><\/div><\/div>\n            <\/div>\n                <div style=\"clear:both\"><\/div><div class=\"mashsb-toggle-container\"><\/div><\/aside>\n            <!-- Share buttons by mashshare.net - Version: 4.0.47-->\n<p><em>Por \u00c1ngel Silverio\/Zunoticia<\/em><\/p>\n\n\n\n<p><strong>San Felipe Orizatl\u00e1n, Hgo.-<\/strong> Como parte de las acciones para mejorar las condiciones de vida de las personas con alguna discapacidad motriz, el sistema municipal para el Desarrollo Integral de la Familia, en coordinaci\u00f3n con la alcaldesa Erika Saab, llevaron a cabo en d\u00edas pasados el banderazo para llevar apoyos funcionales a las comunidades.<\/p>\n\n\n\n<p>Lo anterior estuvo a cargo de Cesar Becerra, presidente del DIF municipal, en conjunto con su esposa la alcaldesa Erika Saab, quienes reafirmaron el compromiso de ayudar a quien m\u00e1s lo necesita, dando arranque a la entrega de aparatos funcionales en distintas comunidades del municipio a personas de escasos recursos.<\/p>\n\n\n\n<p>Ah\u00ed, explicaron que estos apoyos se entregar\u00e1n a quienes, por medio de una solicitud y valoraci\u00f3n previa, fueron beneficiados con el programa, &#8211; \u201cSeguiremos trabajando comprometidos en brindarles a las y los orizatlenses una mejor calidad de vida, no vamos a escatimar esfuerzos en seguir gestionando apoyos para nuestra gente que m\u00e1s lo necesita, no solo con este tipo de apoyos si no atendiendo las dem\u00e1s demandas de salud que se tienen y que llegan al DIF municipal\u201d.<\/p>\n\n\n\n<p>Del mismo modo, pidieron a quienes tambi\u00e9n requieran de un aparato de este tipo, se acerquen a las oficinas del DIF municipal, donde se les har\u00e1 la valoraci\u00f3n respectiva, para posteriormente ser enlistados para recibir el apoyo que requieran.<\/p>\n","protected":false},"excerpt":{"rendered":"<p>Por \u00c1ngel Silverio\/Zunoticia San Felipe Orizatl\u00e1n, Hgo.- Como parte de las acciones para mejorar las condiciones de vida de las personas con alguna discapacidad motriz, el sistema municipal para el Desarrollo Integral de la Familia, en coordinaci\u00f3n con la alcaldesa Erika Saab, llevaron a cabo en d\u00edas pasados el banderazo para llevar apoyos funcionales a&hellip; <a class=\"more-link\" href=\"https:\/\/www.zunoticia.com\/noticias-de-hidalgo\/2022\/09\/12\/aparatos-funcionales-llegaran-a-comunidades\/\">Seguir leyendo <span class=\"screen-reader-text\">Aparatos funcionales llegar\u00e1n a comunidades<\/span><\/a><\/p>\n","protected":false},"author":12,"featured_media":444107,"comment_status":"closed","ping_status":"open","sticky":false,"template":"","format":"standard","meta":{"rop_custom_images_group":[],"rop_custom_messages_group":[],"rop_publish_now":"initial","rop_publish_now_accounts":{"facebook_10159540855086992_322828327761733":""},"rop_publish_now_history":[],"rop_publish_now_status":"pending","footnotes":""},"categories":[180],"tags":[129],"class_list":["post-444136","post","type-post","status-publish","format-standard","has-post-thumbnail","hentry","category-orizatlan","tag-orizatlan","entry"],"_links":{"self":[{"href":"https:\/\/www.zunoticia.com\/noticias-de-hidalgo\/wp-json\/wp\/v2\/posts\/444136","targetHints":{"allow":["GET"]}}],"collection":[{"href":"https:\/\/www.zunoticia.com\/noticias-de-hidalgo\/wp-json\/wp\/v2\/posts"}],"about":[{"href":"https:\/\/www.zunoticia.com\/noticias-de-hidalgo\/wp-json\/wp\/v2\/types\/post"}],"author":[{"embeddable":true,"href":"https:\/\/www.zunoticia.com\/noticias-de-hidalgo\/wp-json\/wp\/v2\/users\/12"}],"replies":[{"embeddable":true,"href":"https:\/\/www.zunoticia.com\/noticias-de-hidalgo\/wp-json\/wp\/v2\/comments?post=444136"}],"version-history":[{"count":1,"href":"https:\/\/www.zunoticia.com\/noticias-de-hidalgo\/wp-json\/wp\/v2\/posts\/444136\/revisions"}],"predecessor-version":[{"id":444139,"href":"https:\/\/www.zunoticia.com\/noticias-de-hidalgo\/wp-json\/wp\/v2\/posts\/444136\/revisions\/444139"}],"wp:featuredmedia":[{"embeddable":true,"href":"https:\/\/www.zunoticia.com\/noticias-de-hidalgo\/wp-json\/wp\/v2\/media\/444107"}],"wp:attachment":[{"href":"https:\/\/www.zunoticia.com\/noticias-de-hidalgo\/wp-json\/wp\/v2\/media?parent=444136"}],"wp:term":[{"taxonomy":"category","embeddable":true,"href":"https:\/\/www.zunoticia.com\/noticias-de-hidalgo\/wp-json\/wp\/v2\/categories?post=444136"},{"taxonomy":"post_tag","embeddable":true,"href":"https:\/\/www.zunoticia.com\/noticias-de-hidalgo\/wp-json\/wp\/v2\/tags?post=444136"}],"curies":[{"name":"wp","href":"https:\/\/api.w.org\/{rel}","templated":true}]}}