{"id":444138,"date":"2022-09-12T21:11:07","date_gmt":"2022-09-13T02:11:07","guid":{"rendered":"https:\/\/www.zunoticia.com\/noticias-de-hidalgo\/?p=444138"},"modified":"2022-09-12T21:11:09","modified_gmt":"2022-09-13T02:11:09","slug":"ayuntamiento-invita-al-tradicional-grito-de-independencia","status":"publish","type":"post","link":"https:\/\/www.zunoticia.com\/noticias-de-hidalgo\/2022\/09\/12\/ayuntamiento-invita-al-tradicional-grito-de-independencia\/","title":{"rendered":"Ayuntamiento invita al tradicional Grito de Independencia"},"content":{"rendered":"<aside class=\"mashsb-container mashsb-main mashsb-stretched\"><div class=\"mashsb-box\"><div class=\"mashsb-count mash-large\" style=\"float:left\"><div class=\"counts mashsbcount\">19<\/div><span class=\"mashsb-sharetext\">SHARES<\/span><\/div><div class=\"mashsb-buttons\"><a class=\"mashicon-facebook mash-large mash-center mashsb-noshadow\" href=\"https:\/\/www.facebook.com\/sharer.php?u=https%3A%2F%2Fwww.zunoticia.com%2Fnoticias-de-hidalgo%2F2022%2F09%2F12%2Fayuntamiento-invita-al-tradicional-grito-de-independencia%2F\" target=\"_top\" rel=\"nofollow\"><span class=\"icon\"><\/span><span class=\"text\">Share<\/span><\/a><a class=\"mashicon-twitter mash-large mash-center mashsb-noshadow\" href=\"https:\/\/twitter.com\/intent\/tweet?text=&amp;url=https:\/\/www.zunoticia.com\/noticias-de-hidalgo\/2022\/09\/12\/ayuntamiento-invita-al-tradicional-grito-de-independencia\/\" target=\"_top\" rel=\"nofollow\"><span class=\"icon\"><\/span><span class=\"text\">Tweet<\/span><\/a><div class=\"onoffswitch2 mash-large mashsb-noshadow\" style=\"display:none\"><\/div><\/div>\n            <\/div>\n                <div style=\"clear:both\"><\/div><div class=\"mashsb-toggle-container\"><\/div><\/aside>\n            <!-- Share buttons by mashshare.net - Version: 4.0.47-->\n<p><em>Por Redacci\u00f3n\/Zunoticia<\/em><\/p>\n\n\n\n<p><strong>Tlanchinol, Hgo.-<\/strong> A trav\u00e9s de un video promocional el ayuntamiento municipal invita al tradicional Grito de Independencia que se llevar\u00e1 a cabo la noche de este 15 de septiembre con una programaci\u00f3n c\u00edvica, art\u00edstica y cultural.<\/p>\n\n\n\n<p>El evento conmemorativo tendr\u00e1 lugar en la plaza principal de la cabecera municipal, adem\u00e1s de que se contara con la venta de antojitos que ser\u00e1n instalados en la calle 23 de Marzo.<\/p>\n\n\n\n<p>De acuerdo con la programaci\u00f3n el izamiento de bandera iniciar\u00e1 a las 9:00 de la ma\u00f1ana, a las 6:00 pm., acto c\u00edvico y la tradicional verbena popular en la calle antes mencionada, posteriormente a las 11:00 de la noche, el tradicional Grito de Independencia que encabezar\u00e1 el presidente Marcos Bautista Medina desde el palacio municipal.<\/p>\n\n\n\n<p>Finalmente, la celebraci\u00f3n cerrar\u00e1 con la presentaci\u00f3n art\u00edstica del Grupo Mojado de Felipe Barrientos, originarios de Matamoros, Tamaulipas, as\u00ed como tambi\u00e9n la participaci\u00f3n de la agrupaci\u00f3n Sonora Tropical.<\/p>\n","protected":false},"excerpt":{"rendered":"<p>Por Redacci\u00f3n\/Zunoticia Tlanchinol, Hgo.- A trav\u00e9s de un video promocional el ayuntamiento municipal invita al tradicional Grito de Independencia que se llevar\u00e1 a cabo la noche de este 15 de septiembre con una programaci\u00f3n c\u00edvica, art\u00edstica y cultural. El evento conmemorativo tendr\u00e1 lugar en la plaza principal de la cabecera municipal, adem\u00e1s de que se&hellip; <a class=\"more-link\" href=\"https:\/\/www.zunoticia.com\/noticias-de-hidalgo\/2022\/09\/12\/ayuntamiento-invita-al-tradicional-grito-de-independencia\/\">Seguir leyendo <span class=\"screen-reader-text\">Ayuntamiento invita al tradicional Grito de Independencia<\/span><\/a><\/p>\n","protected":false},"author":12,"featured_media":444101,"comment_status":"closed","ping_status":"open","sticky":false,"template":"","format":"standard","meta":{"rop_custom_images_group":[],"rop_custom_messages_group":[],"rop_publish_now":"initial","rop_publish_now_accounts":{"facebook_10159540855086992_322828327761733":""},"rop_publish_now_history":[],"rop_publish_now_status":"pending","footnotes":""},"categories":[219,201],"tags":[127],"class_list":["post-444138","post","type-post","status-publish","format-standard","has-post-thumbnail","hentry","category-sierra","category-tlanchinol","tag-tlanchinol","entry"],"_links":{"self":[{"href":"https:\/\/www.zunoticia.com\/noticias-de-hidalgo\/wp-json\/wp\/v2\/posts\/444138","targetHints":{"allow":["GET"]}}],"collection":[{"href":"https:\/\/www.zunoticia.com\/noticias-de-hidalgo\/wp-json\/wp\/v2\/posts"}],"about":[{"href":"https:\/\/www.zunoticia.com\/noticias-de-hidalgo\/wp-json\/wp\/v2\/types\/post"}],"author":[{"embeddable":true,"href":"https:\/\/www.zunoticia.com\/noticias-de-hidalgo\/wp-json\/wp\/v2\/users\/12"}],"replies":[{"embeddable":true,"href":"https:\/\/www.zunoticia.com\/noticias-de-hidalgo\/wp-json\/wp\/v2\/comments?post=444138"}],"version-history":[{"count":1,"href":"https:\/\/www.zunoticia.com\/noticias-de-hidalgo\/wp-json\/wp\/v2\/posts\/444138\/revisions"}],"predecessor-version":[{"id":444141,"href":"https:\/\/www.zunoticia.com\/noticias-de-hidalgo\/wp-json\/wp\/v2\/posts\/444138\/revisions\/444141"}],"wp:featuredmedia":[{"embeddable":true,"href":"https:\/\/www.zunoticia.com\/noticias-de-hidalgo\/wp-json\/wp\/v2\/media\/444101"}],"wp:attachment":[{"href":"https:\/\/www.zunoticia.com\/noticias-de-hidalgo\/wp-json\/wp\/v2\/media?parent=444138"}],"wp:term":[{"taxonomy":"category","embeddable":true,"href":"https:\/\/www.zunoticia.com\/noticias-de-hidalgo\/wp-json\/wp\/v2\/categories?post=444138"},{"taxonomy":"post_tag","embeddable":true,"href":"https:\/\/www.zunoticia.com\/noticias-de-hidalgo\/wp-json\/wp\/v2\/tags?post=444138"}],"curies":[{"name":"wp","href":"https:\/\/api.w.org\/{rel}","templated":true}]}}