{"id":444145,"date":"2022-09-12T21:14:30","date_gmt":"2022-09-13T02:14:30","guid":{"rendered":"https:\/\/www.zunoticia.com\/noticias-de-hidalgo\/?p=444145"},"modified":"2022-09-12T21:14:32","modified_gmt":"2022-09-13T02:14:32","slug":"obras-deben-enfocarse-al-crecimiento-ordenado-del-municipio","status":"publish","type":"post","link":"https:\/\/www.zunoticia.com\/noticias-de-hidalgo\/2022\/09\/12\/obras-deben-enfocarse-al-crecimiento-ordenado-del-municipio\/","title":{"rendered":"Obras deben enfocarse al crecimiento ordenado del municipio"},"content":{"rendered":"<aside class=\"mashsb-container mashsb-main mashsb-stretched\"><div class=\"mashsb-box\"><div class=\"mashsb-count mash-large\" style=\"float:left\"><div class=\"counts mashsbcount\">27<\/div><span class=\"mashsb-sharetext\">SHARES<\/span><\/div><div class=\"mashsb-buttons\"><a class=\"mashicon-facebook mash-large mash-center mashsb-noshadow\" href=\"https:\/\/www.facebook.com\/sharer.php?u=https%3A%2F%2Fwww.zunoticia.com%2Fnoticias-de-hidalgo%2F2022%2F09%2F12%2Fobras-deben-enfocarse-al-crecimiento-ordenado-del-municipio%2F\" target=\"_top\" rel=\"nofollow\"><span class=\"icon\"><\/span><span class=\"text\">Share<\/span><\/a><a class=\"mashicon-twitter mash-large mash-center mashsb-noshadow\" href=\"https:\/\/twitter.com\/intent\/tweet?text=&amp;url=https:\/\/www.zunoticia.com\/noticias-de-hidalgo\/2022\/09\/12\/obras-deben-enfocarse-al-crecimiento-ordenado-del-municipio\/\" target=\"_top\" rel=\"nofollow\"><span class=\"icon\"><\/span><span class=\"text\">Tweet<\/span><\/a><div class=\"onoffswitch2 mash-large mashsb-noshadow\" style=\"display:none\"><\/div><\/div>\n            <\/div>\n                <div style=\"clear:both\"><\/div><div class=\"mashsb-toggle-container\"><\/div><\/aside>\n            <!-- Share buttons by mashshare.net - Version: 4.0.47-->\n<p><em>Por \u00c1ngel Silverio\/Zunoticia<\/em><\/p>\n\n\n\n<p><strong>Jaltoc\u00e1n, Hgo.-<\/strong> &#8220;Es un tema prioritario todo en cuanto a obra, debemos estar vigilantes de que se hagan en tiempo y forma, adem\u00e1s que sean de calidad y sobre todo que se atiendan los problemas de fondo, para que no tengamos un crecimiento mal proyectado&#8221;.<\/p>\n\n\n\n<p>As\u00ed lo expres\u00f3 la regidora Adriana Nava Hern\u00e1ndez, al cuestionarla sobre la queja de los vecinos de la zona centro, quienes piden se atiendan todas las necesidades y no solo pavimentaciones, las cuales hacen falta, pero no est\u00e1n bien planeadas.<\/p>\n\n\n\n<p>&#8220;Debemos ser nosotros, porque donde quiera que tocamos puertas es lo primero que nos dicen, es la limitante que hemos tenido, no se tiene como un proyecto de crecimiento ordenado, falta m\u00e1s supervisar que los trabajos est\u00e9n bien, en cuanto al drenaje&#8221;.<\/p>\n\n\n\n<p>Respecto al informe de gobierno dijo que ser\u00e1 este pr\u00f3ximo 19 de septiembre &#8220;Con poco aforo en el sal\u00f3n de cabildo, estamos con temas de Covid a\u00fan, hay pocos casos por eso debemos seguir tomando medidas, estamos comprometidos para que se hagan obras realmente, que se hagan las prioritarias, las que de ra\u00edz se necesitan&#8221;.<\/p>\n\n\n\n<p>A\u00f1adi\u00f3 que la misma poblaci\u00f3n debe estar pendiente y vigilante de las obras en sus barrios y sus comunidades, para que se realicen con calidad y como se debe, atacando los problemas de fondo.<\/p>\n","protected":false},"excerpt":{"rendered":"<p>Por \u00c1ngel Silverio\/Zunoticia Jaltoc\u00e1n, Hgo.- &#8220;Es un tema prioritario todo en cuanto a obra, debemos estar vigilantes de que se hagan en tiempo y forma, adem\u00e1s que sean de calidad y sobre todo que se atiendan los problemas de fondo, para que no tengamos un crecimiento mal proyectado&#8221;. As\u00ed lo expres\u00f3 la regidora Adriana Nava&hellip; <a class=\"more-link\" href=\"https:\/\/www.zunoticia.com\/noticias-de-hidalgo\/2022\/09\/12\/obras-deben-enfocarse-al-crecimiento-ordenado-del-municipio\/\">Seguir leyendo <span class=\"screen-reader-text\">Obras deben enfocarse al crecimiento ordenado del municipio<\/span><\/a><\/p>\n","protected":false},"author":12,"featured_media":444100,"comment_status":"closed","ping_status":"open","sticky":false,"template":"","format":"standard","meta":{"rop_custom_images_group":[],"rop_custom_messages_group":[],"rop_publish_now":"initial","rop_publish_now_accounts":{"facebook_10159540855086992_322828327761733":""},"rop_publish_now_history":[],"rop_publish_now_status":"pending","footnotes":""},"categories":[179,200],"tags":[131],"class_list":["post-444145","post","type-post","status-publish","format-standard","has-post-thumbnail","hentry","category-huasteca","category-jaltocan","tag-jaltocan","entry"],"_links":{"self":[{"href":"https:\/\/www.zunoticia.com\/noticias-de-hidalgo\/wp-json\/wp\/v2\/posts\/444145","targetHints":{"allow":["GET"]}}],"collection":[{"href":"https:\/\/www.zunoticia.com\/noticias-de-hidalgo\/wp-json\/wp\/v2\/posts"}],"about":[{"href":"https:\/\/www.zunoticia.com\/noticias-de-hidalgo\/wp-json\/wp\/v2\/types\/post"}],"author":[{"embeddable":true,"href":"https:\/\/www.zunoticia.com\/noticias-de-hidalgo\/wp-json\/wp\/v2\/users\/12"}],"replies":[{"embeddable":true,"href":"https:\/\/www.zunoticia.com\/noticias-de-hidalgo\/wp-json\/wp\/v2\/comments?post=444145"}],"version-history":[{"count":1,"href":"https:\/\/www.zunoticia.com\/noticias-de-hidalgo\/wp-json\/wp\/v2\/posts\/444145\/revisions"}],"predecessor-version":[{"id":444146,"href":"https:\/\/www.zunoticia.com\/noticias-de-hidalgo\/wp-json\/wp\/v2\/posts\/444145\/revisions\/444146"}],"wp:featuredmedia":[{"embeddable":true,"href":"https:\/\/www.zunoticia.com\/noticias-de-hidalgo\/wp-json\/wp\/v2\/media\/444100"}],"wp:attachment":[{"href":"https:\/\/www.zunoticia.com\/noticias-de-hidalgo\/wp-json\/wp\/v2\/media?parent=444145"}],"wp:term":[{"taxonomy":"category","embeddable":true,"href":"https:\/\/www.zunoticia.com\/noticias-de-hidalgo\/wp-json\/wp\/v2\/categories?post=444145"},{"taxonomy":"post_tag","embeddable":true,"href":"https:\/\/www.zunoticia.com\/noticias-de-hidalgo\/wp-json\/wp\/v2\/tags?post=444145"}],"curies":[{"name":"wp","href":"https:\/\/api.w.org\/{rel}","templated":true}]}}