{"id":444208,"date":"2022-09-13T15:51:59","date_gmt":"2022-09-13T20:51:59","guid":{"rendered":"https:\/\/www.zunoticia.com\/noticias-de-hidalgo\/?p=444208"},"modified":"2022-09-13T15:52:02","modified_gmt":"2022-09-13T20:52:02","slug":"por-fallas-el-abasto-de-agua-no-era-pleno-en-la-primero-de-mayo","status":"publish","type":"post","link":"https:\/\/www.zunoticia.com\/noticias-de-hidalgo\/2022\/09\/13\/por-fallas-el-abasto-de-agua-no-era-pleno-en-la-primero-de-mayo\/","title":{"rendered":"Por fallas el abasto de agua no era pleno en la Primero de Mayo"},"content":{"rendered":"<aside class=\"mashsb-container mashsb-main mashsb-stretched\"><div class=\"mashsb-box\"><div class=\"mashsb-count mash-large\" style=\"float:left\"><div class=\"counts mashsbcount\">11<\/div><span class=\"mashsb-sharetext\">SHARES<\/span><\/div><div class=\"mashsb-buttons\"><a class=\"mashicon-facebook mash-large mash-center mashsb-noshadow\" href=\"https:\/\/www.facebook.com\/sharer.php?u=https%3A%2F%2Fwww.zunoticia.com%2Fnoticias-de-hidalgo%2F2022%2F09%2F13%2Fpor-fallas-el-abasto-de-agua-no-era-pleno-en-la-primero-de-mayo%2F\" target=\"_top\" rel=\"nofollow\"><span class=\"icon\"><\/span><span class=\"text\">Share<\/span><\/a><a class=\"mashicon-twitter mash-large mash-center mashsb-noshadow\" href=\"https:\/\/twitter.com\/intent\/tweet?text=&amp;url=https:\/\/www.zunoticia.com\/noticias-de-hidalgo\/2022\/09\/13\/por-fallas-el-abasto-de-agua-no-era-pleno-en-la-primero-de-mayo\/\" target=\"_top\" rel=\"nofollow\"><span class=\"icon\"><\/span><span class=\"text\">Tweet<\/span><\/a><div class=\"onoffswitch2 mash-large mashsb-noshadow\" style=\"display:none\"><\/div><\/div>\n            <\/div>\n                <div style=\"clear:both\"><\/div><div class=\"mashsb-toggle-container\"><\/div><\/aside>\n            <!-- Share buttons by mashshare.net - Version: 4.0.47-->\n<p><em>Por Salvador Altamirano\/Zunoticia<\/em><\/p>\n\n\n\n<p><strong>Huejutla, Hgo. &#8211;<\/strong> Entrevistado en torno a la presencia el d\u00eda de ayer de vecinos de la colonia Primero de Mayo, en la oficina a su cargo, el director de la Comisi\u00f3n de Agua Potable Alcantarillado y Saneamiento de Huejutla, Hidalgo (CAPASHH), Emilio \u00c1lvarez Lara, manifest\u00f3 que acudieron a reclamar la falta de suministro.<\/p>\n\n\n\n<p>Aclar\u00f3 estar consciente que el servicio no era pleno, \u201cen algunos sectores cae y en otros no, debido a que se tienen fugas en l\u00edneas generales y algunos detalles con los sistemas de bombeo, precisamente en la l\u00ednea que los abastece, ya que dependen de la fuente de la comunidad de Candelaria, pero ya todo est\u00e1 resuelto\u201d.<\/p>\n\n\n\n<p>Ayer mismo en la ma\u00f1ana -agreg\u00f3-, me reportaron que ya hab\u00eda suministro pleno, y quedamos de firmar una minuta de acuerdo, consistente en que se les proveer\u00e1 del necesario l\u00edquido los fines de semana de manera seriada, concretamente viernes, s\u00e1bado y domingo, ya que ellos no tienen en la calendarizaci\u00f3n un d\u00eda en espec\u00edfico.<\/p>\n\n\n\n<p>Subray\u00f3 que, aunque hubo \u2018dimes y diretes\u2019 durante la comparecencia, los manifestantes estuvieron relativamente tranquilos. Est\u00e1n en su derecho de reclamar -a\u00f1adi\u00f3- y por ende les dimos la raz\u00f3n, pero tambi\u00e9n nosotros expusimos nuestras problem\u00e1ticas y ellos nos comprendieron.<\/p>\n\n\n\n<p>Para finalizar, \u00c1lvarez Lara enfatiz\u00f3 que, tambi\u00e9n se acord\u00f3 estar en coordinaci\u00f3n con el delegado municipal, Tiburcio Hern\u00e1ndez Cort\u00e9s, porque no hemos tenido mucho contacto con \u00e9l, y estar coordinados es muy importante -acentu\u00f3-.<\/p>\n","protected":false},"excerpt":{"rendered":"<p>Por Salvador Altamirano\/Zunoticia Huejutla, Hgo. &#8211; Entrevistado en torno a la presencia el d\u00eda de ayer de vecinos de la colonia Primero de Mayo, en la oficina a su cargo, el director de la Comisi\u00f3n de Agua Potable Alcantarillado y Saneamiento de Huejutla, Hidalgo (CAPASHH), Emilio \u00c1lvarez Lara, manifest\u00f3 que acudieron a reclamar la falta&hellip; <a class=\"more-link\" href=\"https:\/\/www.zunoticia.com\/noticias-de-hidalgo\/2022\/09\/13\/por-fallas-el-abasto-de-agua-no-era-pleno-en-la-primero-de-mayo\/\">Seguir leyendo <span class=\"screen-reader-text\">Por fallas el abasto de agua no era pleno en la Primero de Mayo<\/span><\/a><\/p>\n","protected":false},"author":12,"featured_media":444209,"comment_status":"closed","ping_status":"open","sticky":false,"template":"","format":"standard","meta":{"rop_custom_images_group":[],"rop_custom_messages_group":[],"rop_publish_now":"initial","rop_publish_now_accounts":{"facebook_10159540855086992_322828327761733":""},"rop_publish_now_history":[],"rop_publish_now_status":"pending","footnotes":""},"categories":[181],"tags":[121],"class_list":["post-444208","post","type-post","status-publish","format-standard","has-post-thumbnail","hentry","category-huejutla","tag-huejutla","entry"],"_links":{"self":[{"href":"https:\/\/www.zunoticia.com\/noticias-de-hidalgo\/wp-json\/wp\/v2\/posts\/444208","targetHints":{"allow":["GET"]}}],"collection":[{"href":"https:\/\/www.zunoticia.com\/noticias-de-hidalgo\/wp-json\/wp\/v2\/posts"}],"about":[{"href":"https:\/\/www.zunoticia.com\/noticias-de-hidalgo\/wp-json\/wp\/v2\/types\/post"}],"author":[{"embeddable":true,"href":"https:\/\/www.zunoticia.com\/noticias-de-hidalgo\/wp-json\/wp\/v2\/users\/12"}],"replies":[{"embeddable":true,"href":"https:\/\/www.zunoticia.com\/noticias-de-hidalgo\/wp-json\/wp\/v2\/comments?post=444208"}],"version-history":[{"count":1,"href":"https:\/\/www.zunoticia.com\/noticias-de-hidalgo\/wp-json\/wp\/v2\/posts\/444208\/revisions"}],"predecessor-version":[{"id":444210,"href":"https:\/\/www.zunoticia.com\/noticias-de-hidalgo\/wp-json\/wp\/v2\/posts\/444208\/revisions\/444210"}],"wp:featuredmedia":[{"embeddable":true,"href":"https:\/\/www.zunoticia.com\/noticias-de-hidalgo\/wp-json\/wp\/v2\/media\/444209"}],"wp:attachment":[{"href":"https:\/\/www.zunoticia.com\/noticias-de-hidalgo\/wp-json\/wp\/v2\/media?parent=444208"}],"wp:term":[{"taxonomy":"category","embeddable":true,"href":"https:\/\/www.zunoticia.com\/noticias-de-hidalgo\/wp-json\/wp\/v2\/categories?post=444208"},{"taxonomy":"post_tag","embeddable":true,"href":"https:\/\/www.zunoticia.com\/noticias-de-hidalgo\/wp-json\/wp\/v2\/tags?post=444208"}],"curies":[{"name":"wp","href":"https:\/\/api.w.org\/{rel}","templated":true}]}}