{"id":444214,"date":"2022-09-13T16:41:59","date_gmt":"2022-09-13T21:41:59","guid":{"rendered":"https:\/\/www.zunoticia.com\/noticias-de-hidalgo\/?p=444214"},"modified":"2022-09-13T16:42:01","modified_gmt":"2022-09-13T21:42:01","slug":"julio-menchaca-encabeza-conmemoracion-del-175-aniversario-de-los-ninos-heroes","status":"publish","type":"post","link":"https:\/\/www.zunoticia.com\/noticias-de-hidalgo\/2022\/09\/13\/julio-menchaca-encabeza-conmemoracion-del-175-aniversario-de-los-ninos-heroes\/","title":{"rendered":"Julio Menchaca encabeza conmemoraci\u00f3n del 175\u00b0 aniversario de los Ni\u00f1os H\u00e9roes"},"content":{"rendered":"<aside class=\"mashsb-container mashsb-main mashsb-stretched\"><div class=\"mashsb-box\"><div class=\"mashsb-count mash-large\" style=\"float:left\"><div class=\"counts mashsbcount\">27<\/div><span class=\"mashsb-sharetext\">SHARES<\/span><\/div><div class=\"mashsb-buttons\"><a class=\"mashicon-facebook mash-large mash-center mashsb-noshadow\" href=\"https:\/\/www.facebook.com\/sharer.php?u=https%3A%2F%2Fwww.zunoticia.com%2Fnoticias-de-hidalgo%2F2022%2F09%2F13%2Fjulio-menchaca-encabeza-conmemoracion-del-175-aniversario-de-los-ninos-heroes%2F\" target=\"_top\" rel=\"nofollow\"><span class=\"icon\"><\/span><span class=\"text\">Share<\/span><\/a><a class=\"mashicon-twitter mash-large mash-center mashsb-noshadow\" href=\"https:\/\/twitter.com\/intent\/tweet?text=&amp;url=https:\/\/www.zunoticia.com\/noticias-de-hidalgo\/2022\/09\/13\/julio-menchaca-encabeza-conmemoracion-del-175-aniversario-de-los-ninos-heroes\/\" target=\"_top\" rel=\"nofollow\"><span class=\"icon\"><\/span><span class=\"text\">Tweet<\/span><\/a><div class=\"onoffswitch2 mash-large mashsb-noshadow\" style=\"display:none\"><\/div><\/div>\n            <\/div>\n                <div style=\"clear:both\"><\/div><div class=\"mashsb-toggle-container\"><\/div><\/aside>\n            <!-- Share buttons by mashshare.net - Version: 4.0.47-->\n<p><em>Por Redacci\u00f3n\/Zunoticia<\/em><\/p>\n\n\n\n<p><strong>Pachuca de Soto, Hgo. &#8211;<\/strong> En el marco de la celebraci\u00f3n del 175 aniversario de la gesta heroica de los Ni\u00f1os H\u00e9roes de Chapultepec, el gobernador Julio Menchaca Salazar encabez\u00f3 el acto solemne, acompa\u00f1ado por representantes de los distintos poderes de la entidad, funcionarios e integrantes de las fuerzas armadas.<\/p>\n\n\n\n<figure class=\"wp-block-image size-large\"><img fetchpriority=\"high\" decoding=\"async\" width=\"1024\" height=\"682\" src=\"https:\/\/www.zunoticia.com\/noticias-de-hidalgo\/wp-content\/uploads\/2022\/09\/WhatsApp-Image-2022-09-13-at-3.27.13-PM-2-1024x682.jpeg\" alt=\"\" class=\"wp-image-444216\" srcset=\"https:\/\/www.zunoticia.com\/noticias-de-hidalgo\/wp-content\/uploads\/2022\/09\/WhatsApp-Image-2022-09-13-at-3.27.13-PM-2-1024x682.jpeg 1024w, https:\/\/www.zunoticia.com\/noticias-de-hidalgo\/wp-content\/uploads\/2022\/09\/WhatsApp-Image-2022-09-13-at-3.27.13-PM-2-300x200.jpeg 300w, https:\/\/www.zunoticia.com\/noticias-de-hidalgo\/wp-content\/uploads\/2022\/09\/WhatsApp-Image-2022-09-13-at-3.27.13-PM-2-768x512.jpeg 768w, https:\/\/www.zunoticia.com\/noticias-de-hidalgo\/wp-content\/uploads\/2022\/09\/WhatsApp-Image-2022-09-13-at-3.27.13-PM-2.jpeg 1280w\" sizes=\"(max-width: 1024px) 100vw, 1024px\" \/><\/figure>\n\n\n\n<p>Al finalizar, el mandatario junto con el comandante de la 18va Zona Militar, Juan Jos\u00e9 G\u00f3mez Ruiz; la presidenta del Tribunal Superior de Justicia, Rebeca Stella Aladro Echeverr\u00eda; los secretarios de Gobierno, Seguridad, y Educaci\u00f3n, Guillermo Olivares Reyna, Salvador Cruz Neri y Natividad Castrej\u00f3n Valdez, respectivamente; el presidente de la mesa directiva de septiembre del Congreso local, &nbsp;Julio Valera Piedras, la legisladora Lisset Marcelino Tovar; as\u00ed como el alcalde de Pachuca, Sergio Ba\u00f1os Rubio, montaron una guardia de honor.<\/p>\n\n\n\n<p>Durante el evento se record\u00f3 lo ocurrido en el 13 de septiembre de 1847, momento en que se escribi\u00f3 unas de las p\u00e1ginas m\u00e1s heroicas de la historia de M\u00e9xico.<\/p>\n","protected":false},"excerpt":{"rendered":"<p>Por Redacci\u00f3n\/Zunoticia Pachuca de Soto, Hgo. &#8211; En el marco de la celebraci\u00f3n del 175 aniversario de la gesta heroica de los Ni\u00f1os H\u00e9roes de Chapultepec, el gobernador Julio Menchaca Salazar encabez\u00f3 el acto solemne, acompa\u00f1ado por representantes de los distintos poderes de la entidad, funcionarios e integrantes de las fuerzas armadas. Al finalizar, el&hellip; <a class=\"more-link\" href=\"https:\/\/www.zunoticia.com\/noticias-de-hidalgo\/2022\/09\/13\/julio-menchaca-encabeza-conmemoracion-del-175-aniversario-de-los-ninos-heroes\/\">Seguir leyendo <span class=\"screen-reader-text\">Julio Menchaca encabeza conmemoraci\u00f3n del 175\u00b0 aniversario de los Ni\u00f1os H\u00e9roes<\/span><\/a><\/p>\n","protected":false},"author":12,"featured_media":444215,"comment_status":"closed","ping_status":"open","sticky":false,"template":"","format":"standard","meta":{"rop_custom_images_group":[],"rop_custom_messages_group":[],"rop_publish_now":"initial","rop_publish_now_accounts":{"facebook_10159540855086992_322828327761733":""},"rop_publish_now_history":[],"rop_publish_now_status":"pending","footnotes":""},"categories":[208],"tags":[214],"class_list":["post-444214","post","type-post","status-publish","format-standard","has-post-thumbnail","hentry","category-estado","tag-estado","entry"],"_links":{"self":[{"href":"https:\/\/www.zunoticia.com\/noticias-de-hidalgo\/wp-json\/wp\/v2\/posts\/444214","targetHints":{"allow":["GET"]}}],"collection":[{"href":"https:\/\/www.zunoticia.com\/noticias-de-hidalgo\/wp-json\/wp\/v2\/posts"}],"about":[{"href":"https:\/\/www.zunoticia.com\/noticias-de-hidalgo\/wp-json\/wp\/v2\/types\/post"}],"author":[{"embeddable":true,"href":"https:\/\/www.zunoticia.com\/noticias-de-hidalgo\/wp-json\/wp\/v2\/users\/12"}],"replies":[{"embeddable":true,"href":"https:\/\/www.zunoticia.com\/noticias-de-hidalgo\/wp-json\/wp\/v2\/comments?post=444214"}],"version-history":[{"count":1,"href":"https:\/\/www.zunoticia.com\/noticias-de-hidalgo\/wp-json\/wp\/v2\/posts\/444214\/revisions"}],"predecessor-version":[{"id":444217,"href":"https:\/\/www.zunoticia.com\/noticias-de-hidalgo\/wp-json\/wp\/v2\/posts\/444214\/revisions\/444217"}],"wp:featuredmedia":[{"embeddable":true,"href":"https:\/\/www.zunoticia.com\/noticias-de-hidalgo\/wp-json\/wp\/v2\/media\/444215"}],"wp:attachment":[{"href":"https:\/\/www.zunoticia.com\/noticias-de-hidalgo\/wp-json\/wp\/v2\/media?parent=444214"}],"wp:term":[{"taxonomy":"category","embeddable":true,"href":"https:\/\/www.zunoticia.com\/noticias-de-hidalgo\/wp-json\/wp\/v2\/categories?post=444214"},{"taxonomy":"post_tag","embeddable":true,"href":"https:\/\/www.zunoticia.com\/noticias-de-hidalgo\/wp-json\/wp\/v2\/tags?post=444214"}],"curies":[{"name":"wp","href":"https:\/\/api.w.org\/{rel}","templated":true}]}}