{"id":444218,"date":"2022-09-13T16:56:17","date_gmt":"2022-09-13T21:56:17","guid":{"rendered":"https:\/\/www.zunoticia.com\/noticias-de-hidalgo\/?p=444218"},"modified":"2022-09-13T16:56:19","modified_gmt":"2022-09-13T21:56:19","slug":"vuelve-el-15-de-septiembre-una-fiesta-de-todos-julio-menchaca","status":"publish","type":"post","link":"https:\/\/www.zunoticia.com\/noticias-de-hidalgo\/2022\/09\/13\/vuelve-el-15-de-septiembre-una-fiesta-de-todos-julio-menchaca\/","title":{"rendered":"Vuelve el 15 de septiembre, una fiesta de todos: Julio Menchaca"},"content":{"rendered":"<aside class=\"mashsb-container mashsb-main mashsb-stretched\"><div class=\"mashsb-box\"><div class=\"mashsb-count mash-large\" style=\"float:left\"><div class=\"counts mashsbcount\">21<\/div><span class=\"mashsb-sharetext\">SHARES<\/span><\/div><div class=\"mashsb-buttons\"><a class=\"mashicon-facebook mash-large mash-center mashsb-noshadow\" href=\"https:\/\/www.facebook.com\/sharer.php?u=https%3A%2F%2Fwww.zunoticia.com%2Fnoticias-de-hidalgo%2F2022%2F09%2F13%2Fvuelve-el-15-de-septiembre-una-fiesta-de-todos-julio-menchaca%2F\" target=\"_top\" rel=\"nofollow\"><span class=\"icon\"><\/span><span class=\"text\">Share<\/span><\/a><a class=\"mashicon-twitter mash-large mash-center mashsb-noshadow\" href=\"https:\/\/twitter.com\/intent\/tweet?text=&amp;url=https:\/\/www.zunoticia.com\/noticias-de-hidalgo\/2022\/09\/13\/vuelve-el-15-de-septiembre-una-fiesta-de-todos-julio-menchaca\/\" target=\"_top\" rel=\"nofollow\"><span class=\"icon\"><\/span><span class=\"text\">Tweet<\/span><\/a><div class=\"onoffswitch2 mash-large mashsb-noshadow\" style=\"display:none\"><\/div><\/div>\n            <\/div>\n                <div style=\"clear:both\"><\/div><div class=\"mashsb-toggle-container\"><\/div><\/aside>\n            <!-- Share buttons by mashshare.net - Version: 4.0.47-->\n<p>Por <em>Redacci\u00f3n\/Zunoticia<\/em><\/p>\n\n\n\n<p><strong>Pachuca de Soto, Hgo. &#8211;<\/strong> Tras dos a\u00f1os, regresan a la capital hidalguense los festejos patrios, inform\u00f3 el gobernador Julio Menchaca Salazar, quien encabezar\u00e1 el tradicional Grito de Independencia.<\/p>\n\n\n\n<p>En d\u00edas pasados, el mandatario asegur\u00f3 que las cantantes Edith M\u00e1rquez, y Margarita \u201cLa diosa de la cumbia\u201d forman parte de la cartelera que amenizar\u00e1 la noche mexicana el pr\u00f3ximo 15 de septiembre.<\/p>\n\n\n\n<p>El gobernador detall\u00f3 que parte de la organizaci\u00f3n, tanto de la noche mexicana como de la feria, forman parte de las acciones planeadas desde el 2019.&nbsp; Record\u00f3 que la pandemia interrumpi\u00f3 los festejos patrios por dos a\u00f1os.<\/p>\n\n\n\n<p>Las festividades comenzar\u00e1n este 13 de septiembre, con la ceremonia c\u00edvica del aniversario de la Gesta heroica de los Ni\u00f1os H\u00e9roes en la defensa del Castillo de Chapultepec.<\/p>\n\n\n\n<p>El mi\u00e9rcoles 14 de septiembre se realizar\u00e1 una guardia de honor en el Monumento al Charro, en la explanada del Lienzo Charro de Pachuca.<\/p>\n\n\n\n<p>Desde las 22:00 horas de ese d\u00eda y una vez terminada la presentaci\u00f3n de artistas locales y populares en el tradicional Grito de Independencia, se realizar\u00e1n cortes a la circulaci\u00f3n y filtros de seguridad en las siguientes intersecciones de la capital hidalguense:<\/p>\n\n\n\n<ul class=\"wp-block-list\"><li>Belisario Dom\u00ednguez y Prolongaci\u00f3n Revoluci\u00f3n;<\/li><li>Xicot\u00e9ncatl y Matamoros;<\/li><li>G\u00f3mez P\u00e9rez y Ju\u00e1rez;<\/li><li>Fernando Soto y Cuauht\u00e9moc;<\/li><li>Guerrero y Covarrubias.<\/li><\/ul>\n\n\n\n<p>La Secretar\u00eda de Seguridad P\u00fablica de Hidalgo desplegar\u00e1 un operativo coordinado entorno a la Plaza Ju\u00e1rez de Pachuca, durante el 15 de septiembre, con elementos de la Polic\u00eda Estatal y con el apoyo de binomios caninos, drones, videovigilancia, veh\u00edculos motorizados; as\u00ed como del H. Cuerpo de Bomberos.<\/p>\n\n\n\n<p>Personal del Centro de Control, Comando, Comunicaciones, C\u00f3mputo, Coordinaci\u00f3n e Inteligencia (C5i) concentrar\u00e1 las acciones interinstitucionales mediante llamadas recibidas al 911 de Emergencias, 089 de Denuncia An\u00f3nima, Radiocomunicaci\u00f3n y Sistema de Videovigilancia.<\/p>\n\n\n\n<p>En el operativo tambi\u00e9n participar\u00e1n elementos de la Agencia de Investigaci\u00f3n Criminal de la Procuradur\u00eda General de Justicia de Hidalgo, Secretar\u00eda de Salud, Polic\u00eda Industrial Bancaria, Polic\u00eda Municipal, Protecci\u00f3n Civil y Cruz Roja.<\/p>\n\n\n\n<p>La celebraci\u00f3n que se llevar\u00e1 a cabo en la Plaza Ju\u00e1rez representa una convivencia en familia, por lo que se exhorta a la ciudadan\u00eda a no acudir con bebidas embriagantes, envases de cristal, fuegos artificiales, frascos de aerosol, objetos punzocortantes y armas de fuego.<\/p>\n\n\n\n<p>El 16 de septiembre, en punto de las 9:30 horas se montar\u00e1 una guardia de honor en el Monumento de Miguel Hidalgo y Costilla en la Plaza Constituci\u00f3n de la capital hidalguense. Posteriormente se realizar\u00e1 el desfile c\u00edvico militar, en el que se contar\u00e1 con el apoyo de las autoridades del orden.<\/p>\n\n\n\n<p>Con la finalidad de preservar la salud de las familias hidalguenses durante los festejos patrios la Secretar\u00eda de Salud de Hidalgo (SSH) realizar\u00e1n un operativo de vigilancia y emergencia en caso necesario, durante los festejos del 15 de septiembre en las inmediaciones de la Plaza Ju\u00e1rez.<\/p>\n\n\n\n<p>La Jurisdicci\u00f3n Sanitaria de Pachuca participar\u00e1 con:<\/p>\n\n\n\n<ul class=\"wp-block-list\"><li>Una ambulancia de trasladado y personal.<\/li><li>Contar\u00e1 con cubrebocas en caso de que los asistentes lo requieran.<\/li><\/ul>\n\n\n\n<p>El Hospital de Respuesta Inmediata de Pachuca se suma con:<\/p>\n\n\n\n<ul class=\"wp-block-list\"><li>Una ambulancia de traslado con personal m\u00e9dico y de enfermer\u00eda<\/li><\/ul>\n\n\n\n<p>Gel antibacterial<\/p>\n\n\n\n<p>La Comisi\u00f3n para la Protecci\u00f3n contra Riesgos Sanitarios (COPRISEH):<\/p>\n\n\n\n<ul class=\"wp-block-list\"><li>Realizar\u00e1 filtros sanitarios<\/li><li>Supervisi\u00f3n de alimentos<\/li><\/ul>\n\n\n\n<p>Hospital General de Pachuca<\/p>\n\n\n\n<ul class=\"wp-block-list\"><li>Ambulancias y profesionales de la salud<\/li><li>Insumos y equipo para atenci\u00f3n especial<\/li><\/ul>\n\n\n\n<p>Los puestos de salud se colocar\u00e1n en:<\/p>\n\n\n\n<ul class=\"wp-block-list\"><li>Avenida Madero frente a la entrada a Palacio de Gobierno<\/li><li>Portales Avenida Ju\u00e1rez frente a la zapater\u00eda Morelos<\/li><li>Instalaciones del Teatro Hidalgo<\/li><li>Atr\u00e1s del Teatro Hidalgo en la calle Belisario Dom\u00ednguez.<\/li><\/ul>\n\n\n\n<p>Se contar\u00e1 con ambulancias ubicadas de manera estrat\u00e9gica en las inmediaciones de Plaza Ju\u00e1rez.<\/p>\n","protected":false},"excerpt":{"rendered":"<p>Por Redacci\u00f3n\/Zunoticia Pachuca de Soto, Hgo. &#8211; Tras dos a\u00f1os, regresan a la capital hidalguense los festejos patrios, inform\u00f3 el gobernador Julio Menchaca Salazar, quien encabezar\u00e1 el tradicional Grito de Independencia. En d\u00edas pasados, el mandatario asegur\u00f3 que las cantantes Edith M\u00e1rquez, y Margarita \u201cLa diosa de la cumbia\u201d forman parte de la cartelera que&hellip; <a class=\"more-link\" href=\"https:\/\/www.zunoticia.com\/noticias-de-hidalgo\/2022\/09\/13\/vuelve-el-15-de-septiembre-una-fiesta-de-todos-julio-menchaca\/\">Seguir leyendo <span class=\"screen-reader-text\">Vuelve el 15 de septiembre, una fiesta de todos: Julio Menchaca<\/span><\/a><\/p>\n","protected":false},"author":12,"featured_media":444219,"comment_status":"closed","ping_status":"open","sticky":false,"template":"","format":"standard","meta":{"rop_custom_images_group":[],"rop_custom_messages_group":[],"rop_publish_now":"initial","rop_publish_now_accounts":{"facebook_10159540855086992_322828327761733":""},"rop_publish_now_history":[],"rop_publish_now_status":"pending","footnotes":""},"categories":[208],"tags":[214],"class_list":["post-444218","post","type-post","status-publish","format-standard","has-post-thumbnail","hentry","category-estado","tag-estado","entry"],"_links":{"self":[{"href":"https:\/\/www.zunoticia.com\/noticias-de-hidalgo\/wp-json\/wp\/v2\/posts\/444218","targetHints":{"allow":["GET"]}}],"collection":[{"href":"https:\/\/www.zunoticia.com\/noticias-de-hidalgo\/wp-json\/wp\/v2\/posts"}],"about":[{"href":"https:\/\/www.zunoticia.com\/noticias-de-hidalgo\/wp-json\/wp\/v2\/types\/post"}],"author":[{"embeddable":true,"href":"https:\/\/www.zunoticia.com\/noticias-de-hidalgo\/wp-json\/wp\/v2\/users\/12"}],"replies":[{"embeddable":true,"href":"https:\/\/www.zunoticia.com\/noticias-de-hidalgo\/wp-json\/wp\/v2\/comments?post=444218"}],"version-history":[{"count":1,"href":"https:\/\/www.zunoticia.com\/noticias-de-hidalgo\/wp-json\/wp\/v2\/posts\/444218\/revisions"}],"predecessor-version":[{"id":444220,"href":"https:\/\/www.zunoticia.com\/noticias-de-hidalgo\/wp-json\/wp\/v2\/posts\/444218\/revisions\/444220"}],"wp:featuredmedia":[{"embeddable":true,"href":"https:\/\/www.zunoticia.com\/noticias-de-hidalgo\/wp-json\/wp\/v2\/media\/444219"}],"wp:attachment":[{"href":"https:\/\/www.zunoticia.com\/noticias-de-hidalgo\/wp-json\/wp\/v2\/media?parent=444218"}],"wp:term":[{"taxonomy":"category","embeddable":true,"href":"https:\/\/www.zunoticia.com\/noticias-de-hidalgo\/wp-json\/wp\/v2\/categories?post=444218"},{"taxonomy":"post_tag","embeddable":true,"href":"https:\/\/www.zunoticia.com\/noticias-de-hidalgo\/wp-json\/wp\/v2\/tags?post=444218"}],"curies":[{"name":"wp","href":"https:\/\/api.w.org\/{rel}","templated":true}]}}