{"id":444251,"date":"2022-09-13T17:50:47","date_gmt":"2022-09-13T22:50:47","guid":{"rendered":"https:\/\/www.zunoticia.com\/noticias-de-hidalgo\/?p=444251"},"modified":"2022-09-13T17:50:49","modified_gmt":"2022-09-13T22:50:49","slug":"listas-las-actividades-con-motivo-de-las-fiestas-patrias-alcalde","status":"publish","type":"post","link":"https:\/\/www.zunoticia.com\/noticias-de-hidalgo\/2022\/09\/13\/listas-las-actividades-con-motivo-de-las-fiestas-patrias-alcalde\/","title":{"rendered":"Listas las actividades con motivo de las Fiestas Patrias: Alcalde"},"content":{"rendered":"<aside class=\"mashsb-container mashsb-main mashsb-stretched\"><div class=\"mashsb-box\"><div class=\"mashsb-count mash-large\" style=\"float:left\"><div class=\"counts mashsbcount\">36<\/div><span class=\"mashsb-sharetext\">SHARES<\/span><\/div><div class=\"mashsb-buttons\"><a class=\"mashicon-facebook mash-large mash-center mashsb-noshadow\" href=\"https:\/\/www.facebook.com\/sharer.php?u=https%3A%2F%2Fwww.zunoticia.com%2Fnoticias-de-hidalgo%2F2022%2F09%2F13%2Flistas-las-actividades-con-motivo-de-las-fiestas-patrias-alcalde%2F\" target=\"_top\" rel=\"nofollow\"><span class=\"icon\"><\/span><span class=\"text\">Share<\/span><\/a><a class=\"mashicon-twitter mash-large mash-center mashsb-noshadow\" href=\"https:\/\/twitter.com\/intent\/tweet?text=&amp;url=https:\/\/www.zunoticia.com\/noticias-de-hidalgo\/2022\/09\/13\/listas-las-actividades-con-motivo-de-las-fiestas-patrias-alcalde\/\" target=\"_top\" rel=\"nofollow\"><span class=\"icon\"><\/span><span class=\"text\">Tweet<\/span><\/a><div class=\"onoffswitch2 mash-large mashsb-noshadow\" style=\"display:none\"><\/div><\/div>\n            <\/div>\n                <div style=\"clear:both\"><\/div><div class=\"mashsb-toggle-container\"><\/div><\/aside>\n            <!-- Share buttons by mashshare.net - Version: 4.0.47-->\n<p><em>Por Enedino Hern\u00e1ndez\/Zunoticia<\/em><\/p>\n\n\n\n<p><strong>Huejutla, Hgo. &#8211;<\/strong> El alcalde de Huejutla de Reyes, Daniel Andrade Zurutuza, confirm\u00f3 que al momento se encuentra todo listo para la realizaci\u00f3n de las diversas actividades, con motivo de las tradicionales Fiestas Patrias.<\/p>\n\n\n\n<p>Indic\u00f3 que se cumplir\u00e1 con la normatividad que el sector salud ha dado para el Tradicional Grito de Independencia. El d\u00eda 15 de septiembre las actividades inician desde las 19:00 horas, en la plaza 21 de Mayo, con eventos culturales y art\u00edsticos; posteriormente se tendr\u00e1 la participaci\u00f3n de un Mariachi que viene de Tlaxcala para un gran espect\u00e1culo.<\/p>\n\n\n\n<p>Dijo que, luego se contempla el acto solemne del Grito de Independencia, los juegos de pirotecnia al ritmo del Son de la Negra, y en la plaza del Reloj se tendr\u00e1 un baile popular con el Show de los V\u00e1zquez.<\/p>\n\n\n\n<p>Daniel Andrade Zurutuza, se\u00f1al\u00f3 que, a las 10:00 horas del 16 de septiembre se contempla el desfile tradicional de Independencia que se realizar\u00e1 por la principal avenida del centro, de Huejutla de Reyes.<\/p>\n\n\n\n<p>Adem\u00e1s, se contempla llevar a cabo el primer juego nocturno de los Tordos, programado para el s\u00e1bado 17 de septiembre, a las 19:00 horas; el d\u00eda 18 se tendr\u00e1 el baile folcl\u00f3rico internacional con danzantes de Colombia, de otras partes del continente y de Europa, quienes vienen para culminar su gira de trabajo que tienen por el estado.<\/p>\n\n\n\n<p>Insiste que, se tendr\u00e1 la suficiente seguridad y cada una de las garant\u00edas en bien de la poblaci\u00f3n que acudir\u00e1 a las actividades con motivo de las Fiestas Patrias, por lo que se espera que todos puedan participar en convivencia y en orden en esta cabecera municipal.<\/p>\n\n\n\n<p>Concluy\u00f3 haciendo extensiva la invitaci\u00f3n para que sigan utilizando el cubrebocas, mantener la sana distancia, y ponerse gel antibacterial, para que podamos estar atentos a todas las indicaciones del personal del Sector Salud.<\/p>\n","protected":false},"excerpt":{"rendered":"<p>Por Enedino Hern\u00e1ndez\/Zunoticia Huejutla, Hgo. &#8211; El alcalde de Huejutla de Reyes, Daniel Andrade Zurutuza, confirm\u00f3 que al momento se encuentra todo listo para la realizaci\u00f3n de las diversas actividades, con motivo de las tradicionales Fiestas Patrias. Indic\u00f3 que se cumplir\u00e1 con la normatividad que el sector salud ha dado para el Tradicional Grito de&hellip; <a class=\"more-link\" href=\"https:\/\/www.zunoticia.com\/noticias-de-hidalgo\/2022\/09\/13\/listas-las-actividades-con-motivo-de-las-fiestas-patrias-alcalde\/\">Seguir leyendo <span class=\"screen-reader-text\">Listas las actividades con motivo de las Fiestas Patrias: Alcalde<\/span><\/a><\/p>\n","protected":false},"author":12,"featured_media":444252,"comment_status":"closed","ping_status":"open","sticky":false,"template":"","format":"standard","meta":{"rop_custom_images_group":[],"rop_custom_messages_group":[],"rop_publish_now":"initial","rop_publish_now_accounts":{"facebook_10159540855086992_322828327761733":""},"rop_publish_now_history":[],"rop_publish_now_status":"pending","footnotes":""},"categories":[181],"tags":[121],"class_list":["post-444251","post","type-post","status-publish","format-standard","has-post-thumbnail","hentry","category-huejutla","tag-huejutla","entry"],"_links":{"self":[{"href":"https:\/\/www.zunoticia.com\/noticias-de-hidalgo\/wp-json\/wp\/v2\/posts\/444251","targetHints":{"allow":["GET"]}}],"collection":[{"href":"https:\/\/www.zunoticia.com\/noticias-de-hidalgo\/wp-json\/wp\/v2\/posts"}],"about":[{"href":"https:\/\/www.zunoticia.com\/noticias-de-hidalgo\/wp-json\/wp\/v2\/types\/post"}],"author":[{"embeddable":true,"href":"https:\/\/www.zunoticia.com\/noticias-de-hidalgo\/wp-json\/wp\/v2\/users\/12"}],"replies":[{"embeddable":true,"href":"https:\/\/www.zunoticia.com\/noticias-de-hidalgo\/wp-json\/wp\/v2\/comments?post=444251"}],"version-history":[{"count":1,"href":"https:\/\/www.zunoticia.com\/noticias-de-hidalgo\/wp-json\/wp\/v2\/posts\/444251\/revisions"}],"predecessor-version":[{"id":444254,"href":"https:\/\/www.zunoticia.com\/noticias-de-hidalgo\/wp-json\/wp\/v2\/posts\/444251\/revisions\/444254"}],"wp:featuredmedia":[{"embeddable":true,"href":"https:\/\/www.zunoticia.com\/noticias-de-hidalgo\/wp-json\/wp\/v2\/media\/444252"}],"wp:attachment":[{"href":"https:\/\/www.zunoticia.com\/noticias-de-hidalgo\/wp-json\/wp\/v2\/media?parent=444251"}],"wp:term":[{"taxonomy":"category","embeddable":true,"href":"https:\/\/www.zunoticia.com\/noticias-de-hidalgo\/wp-json\/wp\/v2\/categories?post=444251"},{"taxonomy":"post_tag","embeddable":true,"href":"https:\/\/www.zunoticia.com\/noticias-de-hidalgo\/wp-json\/wp\/v2\/tags?post=444251"}],"curies":[{"name":"wp","href":"https:\/\/api.w.org\/{rel}","templated":true}]}}