{"id":444286,"date":"2022-09-13T20:43:01","date_gmt":"2022-09-14T01:43:01","guid":{"rendered":"https:\/\/www.zunoticia.com\/noticias-de-hidalgo\/?p=444286"},"modified":"2022-09-13T20:43:03","modified_gmt":"2022-09-14T01:43:03","slug":"piden-alumbrado-publico-en-la-colonia-olimpica","status":"publish","type":"post","link":"https:\/\/www.zunoticia.com\/noticias-de-hidalgo\/2022\/09\/13\/piden-alumbrado-publico-en-la-colonia-olimpica\/","title":{"rendered":"Piden alumbrado p\u00fablico en la colonia Ol\u00edmpica"},"content":{"rendered":"<aside class=\"mashsb-container mashsb-main mashsb-stretched\"><div class=\"mashsb-box\"><div class=\"mashsb-count mash-large\" style=\"float:left\"><div class=\"counts mashsbcount\">23<\/div><span class=\"mashsb-sharetext\">SHARES<\/span><\/div><div class=\"mashsb-buttons\"><a class=\"mashicon-facebook mash-large mash-center mashsb-noshadow\" href=\"https:\/\/www.facebook.com\/sharer.php?u=https%3A%2F%2Fwww.zunoticia.com%2Fnoticias-de-hidalgo%2F2022%2F09%2F13%2Fpiden-alumbrado-publico-en-la-colonia-olimpica%2F\" target=\"_top\" rel=\"nofollow\"><span class=\"icon\"><\/span><span class=\"text\">Share<\/span><\/a><a class=\"mashicon-twitter mash-large mash-center mashsb-noshadow\" href=\"https:\/\/twitter.com\/intent\/tweet?text=&amp;url=https:\/\/www.zunoticia.com\/noticias-de-hidalgo\/2022\/09\/13\/piden-alumbrado-publico-en-la-colonia-olimpica\/\" target=\"_top\" rel=\"nofollow\"><span class=\"icon\"><\/span><span class=\"text\">Tweet<\/span><\/a><div class=\"onoffswitch2 mash-large mashsb-noshadow\" style=\"display:none\"><\/div><\/div>\n            <\/div>\n                <div style=\"clear:both\"><\/div><div class=\"mashsb-toggle-container\"><\/div><\/aside>\n            <!-- Share buttons by mashshare.net - Version: 4.0.47-->\n<p><em>Por Francisco Rosas\/Zunoticia<\/em><\/p>\n\n\n\n<p><strong>Huejutla, Hgo.-<\/strong> Vecinos de la colonia Ol\u00edmpica de esta ciudad solicitan al personal de Alumbrado P\u00fablico del gobierno municipal, la instalaci\u00f3n de luminarias en el Bulevar Central de la carretera M\u00e9xico &#8211; Tampico.<\/p>\n\n\n\n<p>Juli\u00e1n Ernesto Sebasti\u00e1n, vecino de este sector, manifest\u00f3 que es necesaria la instalaci\u00f3n de l\u00e1mparas sobre el tramo de la carretera que comprende desde La Garita a la Ju\u00e1rez, ya que en esta zona queda en penumbras despu\u00e9s de las 20:00 horas y los transe\u00fantes temen por su integridad f\u00edsica al transitar en esta arteria.<\/p>\n\n\n\n<p>Se\u00f1al\u00f3 que, en esta zona, la gente corre riesgo de sufrir un acto delictivo debido a que el personal de Seguridad P\u00fablica casi no realiza recorridos por las noches y est\u00e1 muy solitario el lugar.<\/p>\n\n\n\n<p>Ante esta situaci\u00f3n el quejoso dijo que es importante que las autoridades polic\u00edacas tomen cartas en el asunto e instalen alumbrado p\u00fablico.<\/p>\n","protected":false},"excerpt":{"rendered":"<p>Por Francisco Rosas\/Zunoticia Huejutla, Hgo.- Vecinos de la colonia Ol\u00edmpica de esta ciudad solicitan al personal de Alumbrado P\u00fablico del gobierno municipal, la instalaci\u00f3n de luminarias en el Bulevar Central de la carretera M\u00e9xico &#8211; Tampico. Juli\u00e1n Ernesto Sebasti\u00e1n, vecino de este sector, manifest\u00f3 que es necesaria la instalaci\u00f3n de l\u00e1mparas sobre el tramo de&hellip; <a class=\"more-link\" href=\"https:\/\/www.zunoticia.com\/noticias-de-hidalgo\/2022\/09\/13\/piden-alumbrado-publico-en-la-colonia-olimpica\/\">Seguir leyendo <span class=\"screen-reader-text\">Piden alumbrado p\u00fablico en la colonia Ol\u00edmpica<\/span><\/a><\/p>\n","protected":false},"author":12,"featured_media":444266,"comment_status":"closed","ping_status":"open","sticky":false,"template":"","format":"standard","meta":{"rop_custom_images_group":[],"rop_custom_messages_group":[],"rop_publish_now":"initial","rop_publish_now_accounts":{"facebook_10159540855086992_322828327761733":""},"rop_publish_now_history":[],"rop_publish_now_status":"pending","footnotes":""},"categories":[181],"tags":[121],"class_list":["post-444286","post","type-post","status-publish","format-standard","has-post-thumbnail","hentry","category-huejutla","tag-huejutla","entry"],"_links":{"self":[{"href":"https:\/\/www.zunoticia.com\/noticias-de-hidalgo\/wp-json\/wp\/v2\/posts\/444286","targetHints":{"allow":["GET"]}}],"collection":[{"href":"https:\/\/www.zunoticia.com\/noticias-de-hidalgo\/wp-json\/wp\/v2\/posts"}],"about":[{"href":"https:\/\/www.zunoticia.com\/noticias-de-hidalgo\/wp-json\/wp\/v2\/types\/post"}],"author":[{"embeddable":true,"href":"https:\/\/www.zunoticia.com\/noticias-de-hidalgo\/wp-json\/wp\/v2\/users\/12"}],"replies":[{"embeddable":true,"href":"https:\/\/www.zunoticia.com\/noticias-de-hidalgo\/wp-json\/wp\/v2\/comments?post=444286"}],"version-history":[{"count":1,"href":"https:\/\/www.zunoticia.com\/noticias-de-hidalgo\/wp-json\/wp\/v2\/posts\/444286\/revisions"}],"predecessor-version":[{"id":444287,"href":"https:\/\/www.zunoticia.com\/noticias-de-hidalgo\/wp-json\/wp\/v2\/posts\/444286\/revisions\/444287"}],"wp:featuredmedia":[{"embeddable":true,"href":"https:\/\/www.zunoticia.com\/noticias-de-hidalgo\/wp-json\/wp\/v2\/media\/444266"}],"wp:attachment":[{"href":"https:\/\/www.zunoticia.com\/noticias-de-hidalgo\/wp-json\/wp\/v2\/media?parent=444286"}],"wp:term":[{"taxonomy":"category","embeddable":true,"href":"https:\/\/www.zunoticia.com\/noticias-de-hidalgo\/wp-json\/wp\/v2\/categories?post=444286"},{"taxonomy":"post_tag","embeddable":true,"href":"https:\/\/www.zunoticia.com\/noticias-de-hidalgo\/wp-json\/wp\/v2\/tags?post=444286"}],"curies":[{"name":"wp","href":"https:\/\/api.w.org\/{rel}","templated":true}]}}