{"id":444290,"date":"2022-09-13T21:35:05","date_gmt":"2022-09-14T02:35:05","guid":{"rendered":"https:\/\/www.zunoticia.com\/noticias-de-hidalgo\/?p=444290"},"modified":"2022-09-13T21:35:07","modified_gmt":"2022-09-14T02:35:07","slug":"gastronomia-y-artesanias-fueron-representacion-de-mexico-en-festival-del-folklor-internacional","status":"publish","type":"post","link":"https:\/\/www.zunoticia.com\/noticias-de-hidalgo\/2022\/09\/13\/gastronomia-y-artesanias-fueron-representacion-de-mexico-en-festival-del-folklor-internacional\/","title":{"rendered":"Gastronom\u00eda y artesan\u00edas fueron representaci\u00f3n de M\u00e9xico en Festival del Folklor Internacional"},"content":{"rendered":"<aside class=\"mashsb-container mashsb-main mashsb-stretched\"><div class=\"mashsb-box\"><div class=\"mashsb-count mash-large\" style=\"float:left\"><div class=\"counts mashsbcount\">33<\/div><span class=\"mashsb-sharetext\">SHARES<\/span><\/div><div class=\"mashsb-buttons\"><a class=\"mashicon-facebook mash-large mash-center mashsb-noshadow\" href=\"https:\/\/www.facebook.com\/sharer.php?u=https%3A%2F%2Fwww.zunoticia.com%2Fnoticias-de-hidalgo%2F2022%2F09%2F13%2Fgastronomia-y-artesanias-fueron-representacion-de-mexico-en-festival-del-folklor-internacional%2F\" target=\"_top\" rel=\"nofollow\"><span class=\"icon\"><\/span><span class=\"text\">Share<\/span><\/a><a class=\"mashicon-twitter mash-large mash-center mashsb-noshadow\" href=\"https:\/\/twitter.com\/intent\/tweet?text=&amp;url=https:\/\/www.zunoticia.com\/noticias-de-hidalgo\/2022\/09\/13\/gastronomia-y-artesanias-fueron-representacion-de-mexico-en-festival-del-folklor-internacional\/\" target=\"_top\" rel=\"nofollow\"><span class=\"icon\"><\/span><span class=\"text\">Tweet<\/span><\/a><div class=\"onoffswitch2 mash-large mashsb-noshadow\" style=\"display:none\"><\/div><\/div>\n            <\/div>\n                <div style=\"clear:both\"><\/div><div class=\"mashsb-toggle-container\"><\/div><\/aside>\n            <!-- Share buttons by mashshare.net - Version: 4.0.47-->\n<p><em>Por Pedro Luciano\/Zunoticia<\/em><\/p>\n\n\n\n<p><strong>Atlapexco, Hgo.-<\/strong> La gastronom\u00eda regional fue quien se rob\u00f3 el protagonismo en el evento Internacional del Folklor 2022, ya que los diversos platillos preparados por los propios habitantes de la localidad de Huitzotlaco fueron del agrado de los asistentes propios y de los invitados provenientes de diversos pa\u00edses de Polonia, Costa Rica, Colombia, Estados Unidos y diversos visitantes de la regi\u00f3n.<\/p>\n\n\n\n<p>Refirieron los mismos pobladores que se pretendi\u00f3 generar un sentido de identidad en casa, los platillos en la demostraci\u00f3n fueron con el fin de presumir la riqueza gastron\u00f3mica de la regi\u00f3n y del pa\u00eds.<\/p>\n\n\n\n<p>De igual forma tambi\u00e9n las artesan\u00edas, como m\u00e1scaras, vestimenta y dem\u00e1s artesan\u00edas de madera que se dieron a conocer fueron un elemento fundamental, pues fueron de gran importancia cultural en el evento que se vivi\u00f3 en el municipio de Atlapexco.<\/p>\n","protected":false},"excerpt":{"rendered":"<p>Por Pedro Luciano\/Zunoticia Atlapexco, Hgo.- La gastronom\u00eda regional fue quien se rob\u00f3 el protagonismo en el evento Internacional del Folklor 2022, ya que los diversos platillos preparados por los propios habitantes de la localidad de Huitzotlaco fueron del agrado de los asistentes propios y de los invitados provenientes de diversos pa\u00edses de Polonia, Costa Rica,&hellip; <a class=\"more-link\" href=\"https:\/\/www.zunoticia.com\/noticias-de-hidalgo\/2022\/09\/13\/gastronomia-y-artesanias-fueron-representacion-de-mexico-en-festival-del-folklor-internacional\/\">Seguir leyendo <span class=\"screen-reader-text\">Gastronom\u00eda y artesan\u00edas fueron representaci\u00f3n de M\u00e9xico en Festival del Folklor Internacional<\/span><\/a><\/p>\n","protected":false},"author":12,"featured_media":444291,"comment_status":"closed","ping_status":"open","sticky":false,"template":"","format":"standard","meta":{"rop_custom_images_group":[],"rop_custom_messages_group":[],"rop_publish_now":"initial","rop_publish_now_accounts":{"facebook_10159540855086992_322828327761733":""},"rop_publish_now_history":[],"rop_publish_now_status":"pending","footnotes":""},"categories":[182],"tags":[133],"class_list":["post-444290","post","type-post","status-publish","format-standard","has-post-thumbnail","hentry","category-atlapexco","tag-atlapexco","entry"],"_links":{"self":[{"href":"https:\/\/www.zunoticia.com\/noticias-de-hidalgo\/wp-json\/wp\/v2\/posts\/444290","targetHints":{"allow":["GET"]}}],"collection":[{"href":"https:\/\/www.zunoticia.com\/noticias-de-hidalgo\/wp-json\/wp\/v2\/posts"}],"about":[{"href":"https:\/\/www.zunoticia.com\/noticias-de-hidalgo\/wp-json\/wp\/v2\/types\/post"}],"author":[{"embeddable":true,"href":"https:\/\/www.zunoticia.com\/noticias-de-hidalgo\/wp-json\/wp\/v2\/users\/12"}],"replies":[{"embeddable":true,"href":"https:\/\/www.zunoticia.com\/noticias-de-hidalgo\/wp-json\/wp\/v2\/comments?post=444290"}],"version-history":[{"count":1,"href":"https:\/\/www.zunoticia.com\/noticias-de-hidalgo\/wp-json\/wp\/v2\/posts\/444290\/revisions"}],"predecessor-version":[{"id":444295,"href":"https:\/\/www.zunoticia.com\/noticias-de-hidalgo\/wp-json\/wp\/v2\/posts\/444290\/revisions\/444295"}],"wp:featuredmedia":[{"embeddable":true,"href":"https:\/\/www.zunoticia.com\/noticias-de-hidalgo\/wp-json\/wp\/v2\/media\/444291"}],"wp:attachment":[{"href":"https:\/\/www.zunoticia.com\/noticias-de-hidalgo\/wp-json\/wp\/v2\/media?parent=444290"}],"wp:term":[{"taxonomy":"category","embeddable":true,"href":"https:\/\/www.zunoticia.com\/noticias-de-hidalgo\/wp-json\/wp\/v2\/categories?post=444290"},{"taxonomy":"post_tag","embeddable":true,"href":"https:\/\/www.zunoticia.com\/noticias-de-hidalgo\/wp-json\/wp\/v2\/tags?post=444290"}],"curies":[{"name":"wp","href":"https:\/\/api.w.org\/{rel}","templated":true}]}}