{"id":444296,"date":"2022-09-13T21:36:38","date_gmt":"2022-09-14T02:36:38","guid":{"rendered":"https:\/\/www.zunoticia.com\/noticias-de-hidalgo\/?p=444296"},"modified":"2022-09-13T21:36:40","modified_gmt":"2022-09-14T02:36:40","slug":"necesario-conocer-la-historia-de-nuestro-pais","status":"publish","type":"post","link":"https:\/\/www.zunoticia.com\/noticias-de-hidalgo\/2022\/09\/13\/necesario-conocer-la-historia-de-nuestro-pais\/","title":{"rendered":"Necesario conocer la historia de nuestro pa\u00eds"},"content":{"rendered":"<aside class=\"mashsb-container mashsb-main mashsb-stretched\"><div class=\"mashsb-box\"><div class=\"mashsb-count mash-large\" style=\"float:left\"><div class=\"counts mashsbcount\">20<\/div><span class=\"mashsb-sharetext\">SHARES<\/span><\/div><div class=\"mashsb-buttons\"><a class=\"mashicon-facebook mash-large mash-center mashsb-noshadow\" href=\"https:\/\/www.facebook.com\/sharer.php?u=https%3A%2F%2Fwww.zunoticia.com%2Fnoticias-de-hidalgo%2F2022%2F09%2F13%2Fnecesario-conocer-la-historia-de-nuestro-pais%2F\" target=\"_top\" rel=\"nofollow\"><span class=\"icon\"><\/span><span class=\"text\">Share<\/span><\/a><a class=\"mashicon-twitter mash-large mash-center mashsb-noshadow\" href=\"https:\/\/twitter.com\/intent\/tweet?text=&amp;url=https:\/\/www.zunoticia.com\/noticias-de-hidalgo\/2022\/09\/13\/necesario-conocer-la-historia-de-nuestro-pais\/\" target=\"_top\" rel=\"nofollow\"><span class=\"icon\"><\/span><span class=\"text\">Tweet<\/span><\/a><div class=\"onoffswitch2 mash-large mashsb-noshadow\" style=\"display:none\"><\/div><\/div>\n            <\/div>\n                <div style=\"clear:both\"><\/div><div class=\"mashsb-toggle-container\"><\/div><\/aside>\n            <!-- Share buttons by mashshare.net - Version: 4.0.47-->\n<p><em>Por \u00c1ngel Silverio\/Zunoticia<\/em><\/p>\n\n\n\n<p><strong>Jaltoc\u00e1n, Hgo.-<\/strong> Con motivo del 175 Aniversario de la gesta heroica de los Ni\u00f1os H\u00e9roes en defensa&nbsp; del Castillo de Chapultepec, el d\u00eda de hoy se llev\u00f3 a cabo el acto c\u00edvico en conmemoraci\u00f3n a esta fecha tan importante.<\/p>\n\n\n\n<p>Fue este martes, cuando reunidos en la explanada de la presidencia municipal, trabajadores y ciudadanos rindieron honores con motivo de la gesta heroica del 13 de septiembre, rememorando esta fecha que es de suma importancia para la historia de los mexicanos.<\/p>\n\n\n\n<p>As\u00ed mismo la titular de educaci\u00f3n municipal, Leticia Mart\u00ednez, dio a conocer que se tienen contempladas actividades culturales, educativas y deportivas para toda la poblaci\u00f3n y as\u00ed puedan disfrutar de estas fiestas y con orgullo sentirse mexicanos, no sin antes recordar que todos debemos saber nuestra historia y como fue la Independencia de M\u00e9xico.<\/p>\n\n\n\n<p>Record\u00f3 que durante los d\u00edas 15, 16 y 17 de septiembre, se estar\u00e1n realizando eventos, donde se espera una gran participaci\u00f3n de los ciudadanos y de las instituciones educativas con motivo de las fiestas patrias.<\/p>\n","protected":false},"excerpt":{"rendered":"<p>Por \u00c1ngel Silverio\/Zunoticia Jaltoc\u00e1n, Hgo.- Con motivo del 175 Aniversario de la gesta heroica de los Ni\u00f1os H\u00e9roes en defensa&nbsp; del Castillo de Chapultepec, el d\u00eda de hoy se llev\u00f3 a cabo el acto c\u00edvico en conmemoraci\u00f3n a esta fecha tan importante. Fue este martes, cuando reunidos en la explanada de la presidencia municipal, trabajadores&hellip; <a class=\"more-link\" href=\"https:\/\/www.zunoticia.com\/noticias-de-hidalgo\/2022\/09\/13\/necesario-conocer-la-historia-de-nuestro-pais\/\">Seguir leyendo <span class=\"screen-reader-text\">Necesario conocer la historia de nuestro pa\u00eds<\/span><\/a><\/p>\n","protected":false},"author":12,"featured_media":444271,"comment_status":"closed","ping_status":"open","sticky":false,"template":"","format":"standard","meta":{"rop_custom_images_group":[],"rop_custom_messages_group":[],"rop_publish_now":"initial","rop_publish_now_accounts":{"facebook_10159540855086992_322828327761733":""},"rop_publish_now_history":[],"rop_publish_now_status":"pending","footnotes":""},"categories":[179,200],"tags":[131],"class_list":["post-444296","post","type-post","status-publish","format-standard","has-post-thumbnail","hentry","category-huasteca","category-jaltocan","tag-jaltocan","entry"],"_links":{"self":[{"href":"https:\/\/www.zunoticia.com\/noticias-de-hidalgo\/wp-json\/wp\/v2\/posts\/444296","targetHints":{"allow":["GET"]}}],"collection":[{"href":"https:\/\/www.zunoticia.com\/noticias-de-hidalgo\/wp-json\/wp\/v2\/posts"}],"about":[{"href":"https:\/\/www.zunoticia.com\/noticias-de-hidalgo\/wp-json\/wp\/v2\/types\/post"}],"author":[{"embeddable":true,"href":"https:\/\/www.zunoticia.com\/noticias-de-hidalgo\/wp-json\/wp\/v2\/users\/12"}],"replies":[{"embeddable":true,"href":"https:\/\/www.zunoticia.com\/noticias-de-hidalgo\/wp-json\/wp\/v2\/comments?post=444296"}],"version-history":[{"count":1,"href":"https:\/\/www.zunoticia.com\/noticias-de-hidalgo\/wp-json\/wp\/v2\/posts\/444296\/revisions"}],"predecessor-version":[{"id":444297,"href":"https:\/\/www.zunoticia.com\/noticias-de-hidalgo\/wp-json\/wp\/v2\/posts\/444296\/revisions\/444297"}],"wp:featuredmedia":[{"embeddable":true,"href":"https:\/\/www.zunoticia.com\/noticias-de-hidalgo\/wp-json\/wp\/v2\/media\/444271"}],"wp:attachment":[{"href":"https:\/\/www.zunoticia.com\/noticias-de-hidalgo\/wp-json\/wp\/v2\/media?parent=444296"}],"wp:term":[{"taxonomy":"category","embeddable":true,"href":"https:\/\/www.zunoticia.com\/noticias-de-hidalgo\/wp-json\/wp\/v2\/categories?post=444296"},{"taxonomy":"post_tag","embeddable":true,"href":"https:\/\/www.zunoticia.com\/noticias-de-hidalgo\/wp-json\/wp\/v2\/tags?post=444296"}],"curies":[{"name":"wp","href":"https:\/\/api.w.org\/{rel}","templated":true}]}}