{"id":444298,"date":"2022-09-13T21:39:33","date_gmt":"2022-09-14T02:39:33","guid":{"rendered":"https:\/\/www.zunoticia.com\/noticias-de-hidalgo\/?p=444298"},"modified":"2022-09-13T21:39:35","modified_gmt":"2022-09-14T02:39:35","slug":"montaran-operativo-por-fiestas-patrias","status":"publish","type":"post","link":"https:\/\/www.zunoticia.com\/noticias-de-hidalgo\/2022\/09\/13\/montaran-operativo-por-fiestas-patrias\/","title":{"rendered":"Montar\u00e1n operativo por fiestas patrias"},"content":{"rendered":"<aside class=\"mashsb-container mashsb-main mashsb-stretched\"><div class=\"mashsb-box\"><div class=\"mashsb-count mash-large\" style=\"float:left\"><div class=\"counts mashsbcount\">22<\/div><span class=\"mashsb-sharetext\">SHARES<\/span><\/div><div class=\"mashsb-buttons\"><a class=\"mashicon-facebook mash-large mash-center mashsb-noshadow\" href=\"https:\/\/www.facebook.com\/sharer.php?u=https%3A%2F%2Fwww.zunoticia.com%2Fnoticias-de-hidalgo%2F2022%2F09%2F13%2Fmontaran-operativo-por-fiestas-patrias%2F\" target=\"_top\" rel=\"nofollow\"><span class=\"icon\"><\/span><span class=\"text\">Share<\/span><\/a><a class=\"mashicon-twitter mash-large mash-center mashsb-noshadow\" href=\"https:\/\/twitter.com\/intent\/tweet?text=&amp;url=https:\/\/www.zunoticia.com\/noticias-de-hidalgo\/2022\/09\/13\/montaran-operativo-por-fiestas-patrias\/\" target=\"_top\" rel=\"nofollow\"><span class=\"icon\"><\/span><span class=\"text\">Tweet<\/span><\/a><div class=\"onoffswitch2 mash-large mashsb-noshadow\" style=\"display:none\"><\/div><\/div>\n            <\/div>\n                <div style=\"clear:both\"><\/div><div class=\"mashsb-toggle-container\"><\/div><\/aside>\n            <!-- Share buttons by mashshare.net - Version: 4.0.47-->\n<p><em>Por \u00c1ngel Silverio\/Zunoticia<\/em><\/p>\n\n\n\n<p><strong>San Felipe Orizatl\u00e1n, Hgo.-<\/strong> Atendiendo la petici\u00f3n de la alcaldesa Erika Saab Lara, la Secretar\u00eda de Seguridad P\u00fablica Municipal dio a conocer que se desplegar\u00e1 un importante operativo, a fin de garantizar la seguridad con motivo de los festejos patrios que se tienen previstos a realizar y de esta manera las familias puedan disfrutar de un evento familiar.<\/p>\n\n\n\n<p>Al respecto el director de Seguridad P\u00fablica, Joel Hern\u00e1ndez Espinosa, indic\u00f3 que se la presidente municipal ha ordenado el despliegue de un operativo en conjunto con las dem\u00e1s corporaciones de seguridad, pues lo que se pretende es que se vivan unas fiestas en armon\u00eda y que prevalezca la paz social en el municipio.<\/p>\n\n\n\n<figure class=\"wp-block-image size-full\"><img fetchpriority=\"high\" decoding=\"async\" width=\"1000\" height=\"450\" src=\"https:\/\/www.zunoticia.com\/noticias-de-hidalgo\/wp-content\/uploads\/2022\/09\/eZy-Watermark-13-09-2022-07-24-24p.m..jpg\" alt=\"\" class=\"wp-image-444270\" srcset=\"https:\/\/www.zunoticia.com\/noticias-de-hidalgo\/wp-content\/uploads\/2022\/09\/eZy-Watermark-13-09-2022-07-24-24p.m..jpg 1000w, https:\/\/www.zunoticia.com\/noticias-de-hidalgo\/wp-content\/uploads\/2022\/09\/eZy-Watermark-13-09-2022-07-24-24p.m.-300x135.jpg 300w, https:\/\/www.zunoticia.com\/noticias-de-hidalgo\/wp-content\/uploads\/2022\/09\/eZy-Watermark-13-09-2022-07-24-24p.m.-768x346.jpg 768w\" sizes=\"(max-width: 1000px) 100vw, 1000px\" \/><\/figure>\n\n\n\n<p>&#8220;Se garantiza la seguridad, estaremos trabajando con la Polic\u00eda Estatal y la Guardia Nacional, si bien estamos en un municipio tranquilo, sin embargo, nuestro trabajo es que las familias se la pasen bien en estas fiestas, habr\u00e1 rondines por las calles de la cabecera municipal y de las comunidades, la gente puede venir a divertirse con la seguridad que ser\u00e1 un evento seguro y podr\u00e1n disfrutar en familia&#8221; indic\u00f3 el jefe polic\u00edaco.<\/p>\n\n\n\n<p>Cabe mencionar que en las delegaciones de Huitzitzilingo y Ahuatitla, tambi\u00e9n se habr\u00e1n de desarrollar eventos patrios con sus respectivos bailes populares, donde los delegados tambi\u00e9n han anunciado que se contar\u00e1 con extrema vigilancia para la seguridad de todos los asistentes.<\/p>\n","protected":false},"excerpt":{"rendered":"<p>Por \u00c1ngel Silverio\/Zunoticia San Felipe Orizatl\u00e1n, Hgo.- Atendiendo la petici\u00f3n de la alcaldesa Erika Saab Lara, la Secretar\u00eda de Seguridad P\u00fablica Municipal dio a conocer que se desplegar\u00e1 un importante operativo, a fin de garantizar la seguridad con motivo de los festejos patrios que se tienen previstos a realizar y de esta manera las familias&hellip; <a class=\"more-link\" href=\"https:\/\/www.zunoticia.com\/noticias-de-hidalgo\/2022\/09\/13\/montaran-operativo-por-fiestas-patrias\/\">Seguir leyendo <span class=\"screen-reader-text\">Montar\u00e1n operativo por fiestas patrias<\/span><\/a><\/p>\n","protected":false},"author":12,"featured_media":444269,"comment_status":"closed","ping_status":"open","sticky":false,"template":"","format":"standard","meta":{"rop_custom_images_group":[],"rop_custom_messages_group":[],"rop_publish_now":"initial","rop_publish_now_accounts":{"facebook_10159540855086992_322828327761733":""},"rop_publish_now_history":[],"rop_publish_now_status":"pending","footnotes":""},"categories":[180],"tags":[129],"class_list":["post-444298","post","type-post","status-publish","format-standard","has-post-thumbnail","hentry","category-orizatlan","tag-orizatlan","entry"],"_links":{"self":[{"href":"https:\/\/www.zunoticia.com\/noticias-de-hidalgo\/wp-json\/wp\/v2\/posts\/444298","targetHints":{"allow":["GET"]}}],"collection":[{"href":"https:\/\/www.zunoticia.com\/noticias-de-hidalgo\/wp-json\/wp\/v2\/posts"}],"about":[{"href":"https:\/\/www.zunoticia.com\/noticias-de-hidalgo\/wp-json\/wp\/v2\/types\/post"}],"author":[{"embeddable":true,"href":"https:\/\/www.zunoticia.com\/noticias-de-hidalgo\/wp-json\/wp\/v2\/users\/12"}],"replies":[{"embeddable":true,"href":"https:\/\/www.zunoticia.com\/noticias-de-hidalgo\/wp-json\/wp\/v2\/comments?post=444298"}],"version-history":[{"count":1,"href":"https:\/\/www.zunoticia.com\/noticias-de-hidalgo\/wp-json\/wp\/v2\/posts\/444298\/revisions"}],"predecessor-version":[{"id":444299,"href":"https:\/\/www.zunoticia.com\/noticias-de-hidalgo\/wp-json\/wp\/v2\/posts\/444298\/revisions\/444299"}],"wp:featuredmedia":[{"embeddable":true,"href":"https:\/\/www.zunoticia.com\/noticias-de-hidalgo\/wp-json\/wp\/v2\/media\/444269"}],"wp:attachment":[{"href":"https:\/\/www.zunoticia.com\/noticias-de-hidalgo\/wp-json\/wp\/v2\/media?parent=444298"}],"wp:term":[{"taxonomy":"category","embeddable":true,"href":"https:\/\/www.zunoticia.com\/noticias-de-hidalgo\/wp-json\/wp\/v2\/categories?post=444298"},{"taxonomy":"post_tag","embeddable":true,"href":"https:\/\/www.zunoticia.com\/noticias-de-hidalgo\/wp-json\/wp\/v2\/tags?post=444298"}],"curies":[{"name":"wp","href":"https:\/\/api.w.org\/{rel}","templated":true}]}}