{"id":444300,"date":"2022-09-13T21:41:08","date_gmt":"2022-09-14T02:41:08","guid":{"rendered":"https:\/\/www.zunoticia.com\/noticias-de-hidalgo\/?p=444300"},"modified":"2022-09-13T21:41:10","modified_gmt":"2022-09-14T02:41:10","slug":"huitzitzilingo-inaugurara-su-reloj-centenario-este-15-de-septiembre","status":"publish","type":"post","link":"https:\/\/www.zunoticia.com\/noticias-de-hidalgo\/2022\/09\/13\/huitzitzilingo-inaugurara-su-reloj-centenario-este-15-de-septiembre\/","title":{"rendered":"Huitzitzilingo inaugurar\u00e1 su Reloj Centenario este 15 de septiembre"},"content":{"rendered":"<aside class=\"mashsb-container mashsb-main mashsb-stretched\"><div class=\"mashsb-box\"><div class=\"mashsb-count mash-large\" style=\"float:left\"><div class=\"counts mashsbcount\">38<\/div><span class=\"mashsb-sharetext\">SHARES<\/span><\/div><div class=\"mashsb-buttons\"><a class=\"mashicon-facebook mash-large mash-center mashsb-noshadow\" href=\"https:\/\/www.facebook.com\/sharer.php?u=https%3A%2F%2Fwww.zunoticia.com%2Fnoticias-de-hidalgo%2F2022%2F09%2F13%2Fhuitzitzilingo-inaugurara-su-reloj-centenario-este-15-de-septiembre%2F\" target=\"_top\" rel=\"nofollow\"><span class=\"icon\"><\/span><span class=\"text\">Share<\/span><\/a><a class=\"mashicon-twitter mash-large mash-center mashsb-noshadow\" href=\"https:\/\/twitter.com\/intent\/tweet?text=&amp;url=https:\/\/www.zunoticia.com\/noticias-de-hidalgo\/2022\/09\/13\/huitzitzilingo-inaugurara-su-reloj-centenario-este-15-de-septiembre\/\" target=\"_top\" rel=\"nofollow\"><span class=\"icon\"><\/span><span class=\"text\">Tweet<\/span><\/a><div class=\"onoffswitch2 mash-large mashsb-noshadow\" style=\"display:none\"><\/div><\/div>\n            <\/div>\n                <div style=\"clear:both\"><\/div><div class=\"mashsb-toggle-container\"><\/div><\/aside>\n            <!-- Share buttons by mashshare.net - Version: 4.0.47-->\n<p><em>Por \u00c1ngel Silverio\/Zunoticia<\/em><\/p>\n\n\n\n<p><strong>San Felipe Orizatl\u00e1n, Hgo.-<\/strong> En grande ser\u00e1 como la delegaci\u00f3n de Huitzitzilingo lleve a cabo la inauguraci\u00f3n de su Reloj Centenario, el cual gracias al apoyo de sus habitantes se logr\u00f3 conseguir, por lo que ser\u00e1 este 15 de septiembre, en la noche del Grito, cuando se lleve a cabo la inauguraci\u00f3n.<\/p>\n\n\n\n<p>Lo anterior fue dado a conocer por las autoridades de la delegaci\u00f3n, quienes se\u00f1alaron que se est\u00e1n afinando los detalles para llevar a cabo este importante acto, aprovechando tambi\u00e9n la noche del Grito de Independencia para as\u00ed celebrar doblemente en estas fiestas patrias.<\/p>\n\n\n\n<p>Se\u00f1alaron que este reloj se logr\u00f3 adquirir gracias a la cooperaci\u00f3n de los habitantes de la delegaci\u00f3n, as\u00ed como de quienes se encuentran trabajando en la Uni\u00f3n Americana, un reloj que es un gran distintivo de la delegaci\u00f3n y que hab\u00eda sido pedido desde hace tiempo por los vecinos de esta demarcaci\u00f3n, d\u00e1ndole as\u00ed mayor identidad a Huitzitzilingo, pues refleja el fruto del esfuerzo y del trabajo de su gente.<\/p>\n\n\n\n<p>La cita es este 15 de septiembre, dando inicio con las actividades desde las 18:00 horas, para posteriormente dar paso al tradicional Grito de Independencia de M\u00e9xico, para posteriormente continuar con un baile popular para que todas las familias acudan a celebrar con orgullo el ser mexicanos y de Huitzitzilingo.<\/p>\n","protected":false},"excerpt":{"rendered":"<p>Por \u00c1ngel Silverio\/Zunoticia San Felipe Orizatl\u00e1n, Hgo.- En grande ser\u00e1 como la delegaci\u00f3n de Huitzitzilingo lleve a cabo la inauguraci\u00f3n de su Reloj Centenario, el cual gracias al apoyo de sus habitantes se logr\u00f3 conseguir, por lo que ser\u00e1 este 15 de septiembre, en la noche del Grito, cuando se lleve a cabo la inauguraci\u00f3n.&hellip; <a class=\"more-link\" href=\"https:\/\/www.zunoticia.com\/noticias-de-hidalgo\/2022\/09\/13\/huitzitzilingo-inaugurara-su-reloj-centenario-este-15-de-septiembre\/\">Seguir leyendo <span class=\"screen-reader-text\">Huitzitzilingo inaugurar\u00e1 su Reloj Centenario este 15 de septiembre<\/span><\/a><\/p>\n","protected":false},"author":12,"featured_media":444272,"comment_status":"closed","ping_status":"open","sticky":false,"template":"","format":"standard","meta":{"rop_custom_images_group":[],"rop_custom_messages_group":[],"rop_publish_now":"initial","rop_publish_now_accounts":{"facebook_10159540855086992_322828327761733":""},"rop_publish_now_history":[],"rop_publish_now_status":"pending","footnotes":""},"categories":[180],"tags":[129],"class_list":["post-444300","post","type-post","status-publish","format-standard","has-post-thumbnail","hentry","category-orizatlan","tag-orizatlan","entry"],"_links":{"self":[{"href":"https:\/\/www.zunoticia.com\/noticias-de-hidalgo\/wp-json\/wp\/v2\/posts\/444300","targetHints":{"allow":["GET"]}}],"collection":[{"href":"https:\/\/www.zunoticia.com\/noticias-de-hidalgo\/wp-json\/wp\/v2\/posts"}],"about":[{"href":"https:\/\/www.zunoticia.com\/noticias-de-hidalgo\/wp-json\/wp\/v2\/types\/post"}],"author":[{"embeddable":true,"href":"https:\/\/www.zunoticia.com\/noticias-de-hidalgo\/wp-json\/wp\/v2\/users\/12"}],"replies":[{"embeddable":true,"href":"https:\/\/www.zunoticia.com\/noticias-de-hidalgo\/wp-json\/wp\/v2\/comments?post=444300"}],"version-history":[{"count":1,"href":"https:\/\/www.zunoticia.com\/noticias-de-hidalgo\/wp-json\/wp\/v2\/posts\/444300\/revisions"}],"predecessor-version":[{"id":444301,"href":"https:\/\/www.zunoticia.com\/noticias-de-hidalgo\/wp-json\/wp\/v2\/posts\/444300\/revisions\/444301"}],"wp:featuredmedia":[{"embeddable":true,"href":"https:\/\/www.zunoticia.com\/noticias-de-hidalgo\/wp-json\/wp\/v2\/media\/444272"}],"wp:attachment":[{"href":"https:\/\/www.zunoticia.com\/noticias-de-hidalgo\/wp-json\/wp\/v2\/media?parent=444300"}],"wp:term":[{"taxonomy":"category","embeddable":true,"href":"https:\/\/www.zunoticia.com\/noticias-de-hidalgo\/wp-json\/wp\/v2\/categories?post=444300"},{"taxonomy":"post_tag","embeddable":true,"href":"https:\/\/www.zunoticia.com\/noticias-de-hidalgo\/wp-json\/wp\/v2\/tags?post=444300"}],"curies":[{"name":"wp","href":"https:\/\/api.w.org\/{rel}","templated":true}]}}