{"id":444302,"date":"2022-09-13T21:47:19","date_gmt":"2022-09-14T02:47:19","guid":{"rendered":"https:\/\/www.zunoticia.com\/noticias-de-hidalgo\/?p=444302"},"modified":"2022-09-13T21:47:21","modified_gmt":"2022-09-14T02:47:21","slug":"conmemoran-175-aniversario-de-la-gesta-heroica-de-los-ninos-heroes-2","status":"publish","type":"post","link":"https:\/\/www.zunoticia.com\/noticias-de-hidalgo\/2022\/09\/13\/conmemoran-175-aniversario-de-la-gesta-heroica-de-los-ninos-heroes-2\/","title":{"rendered":"Conmemoran 175 aniversario de la gesta heroica de los Ni\u00f1os H\u00e9roes"},"content":{"rendered":"<aside class=\"mashsb-container mashsb-main mashsb-stretched\"><div class=\"mashsb-box\"><div class=\"mashsb-count mash-large\" style=\"float:left\"><div class=\"counts mashsbcount\">13<\/div><span class=\"mashsb-sharetext\">SHARES<\/span><\/div><div class=\"mashsb-buttons\"><a class=\"mashicon-facebook mash-large mash-center mashsb-noshadow\" href=\"https:\/\/www.facebook.com\/sharer.php?u=https%3A%2F%2Fwww.zunoticia.com%2Fnoticias-de-hidalgo%2F2022%2F09%2F13%2Fconmemoran-175-aniversario-de-la-gesta-heroica-de-los-ninos-heroes-2%2F\" target=\"_top\" rel=\"nofollow\"><span class=\"icon\"><\/span><span class=\"text\">Share<\/span><\/a><a class=\"mashicon-twitter mash-large mash-center mashsb-noshadow\" href=\"https:\/\/twitter.com\/intent\/tweet?text=&amp;url=https:\/\/www.zunoticia.com\/noticias-de-hidalgo\/2022\/09\/13\/conmemoran-175-aniversario-de-la-gesta-heroica-de-los-ninos-heroes-2\/\" target=\"_top\" rel=\"nofollow\"><span class=\"icon\"><\/span><span class=\"text\">Tweet<\/span><\/a><div class=\"onoffswitch2 mash-large mashsb-noshadow\" style=\"display:none\"><\/div><\/div>\n            <\/div>\n                <div style=\"clear:both\"><\/div><div class=\"mashsb-toggle-container\"><\/div><\/aside>\n            <!-- Share buttons by mashshare.net - Version: 4.0.47-->\n<p><em>Por Redacci\u00f3n\/Zunoticia<\/em><\/p>\n\n\n\n<p><strong>Xochiatipan, Hgo. &#8211;<\/strong> Este d\u00eda se llev\u00f3 a cabo la conmemoraci\u00f3n de la gesta heroica de los Ni\u00f1os H\u00e9roes de Chapultepec, actividad encabezada por el alcalde Oscar Bautista Guti\u00e9rrez, que en compa\u00f1\u00eda de funcionarios municipales realiz\u00f3 un desfile con el objetivo de recalcar el orgullo de ser mexicanos.<\/p>\n\n\n\n<figure class=\"wp-block-image size-full\"><img fetchpriority=\"high\" decoding=\"async\" width=\"720\" height=\"480\" src=\"https:\/\/www.zunoticia.com\/noticias-de-hidalgo\/wp-content\/uploads\/2022\/09\/eZy-Watermark-13-09-2022-07-31-53p.m..jpg\" alt=\"\" class=\"wp-image-444264\" srcset=\"https:\/\/www.zunoticia.com\/noticias-de-hidalgo\/wp-content\/uploads\/2022\/09\/eZy-Watermark-13-09-2022-07-31-53p.m..jpg 720w, https:\/\/www.zunoticia.com\/noticias-de-hidalgo\/wp-content\/uploads\/2022\/09\/eZy-Watermark-13-09-2022-07-31-53p.m.-300x200.jpg 300w\" sizes=\"(max-width: 720px) 100vw, 720px\" \/><\/figure>\n\n\n\n<p>En punto de las 7:30 de la ma\u00f1ana el edil, regidores y personal de presidencia iniciaron con un desfile por el acceso principal a cabecera, rindiendo homenaje a los personajes que defendieron nuestra patria.<\/p>\n\n\n\n<figure class=\"wp-block-image size-full\"><img decoding=\"async\" width=\"720\" height=\"480\" src=\"https:\/\/www.zunoticia.com\/noticias-de-hidalgo\/wp-content\/uploads\/2022\/09\/eZy-Watermark-13-09-2022-07-32-33p.m..jpg\" alt=\"\" class=\"wp-image-444262\" srcset=\"https:\/\/www.zunoticia.com\/noticias-de-hidalgo\/wp-content\/uploads\/2022\/09\/eZy-Watermark-13-09-2022-07-32-33p.m..jpg 720w, https:\/\/www.zunoticia.com\/noticias-de-hidalgo\/wp-content\/uploads\/2022\/09\/eZy-Watermark-13-09-2022-07-32-33p.m.-300x200.jpg 300w\" sizes=\"(max-width: 720px) 100vw, 720px\" \/><\/figure>\n\n\n\n<p>Oscar Bautista subray\u00f3 que se debe inculcar a las nuevas generaciones el amor a los s\u00edmbolos patrios, a respetar las ra\u00edces, tradiciones y culturas que distinguen a M\u00e9xico, as\u00ed como a trabajar de manera conjunta por el bienestar de las familias xochiatipenses.<\/p>\n\n\n\n<figure class=\"wp-block-image size-full\"><img decoding=\"async\" width=\"640\" height=\"960\" src=\"https:\/\/www.zunoticia.com\/noticias-de-hidalgo\/wp-content\/uploads\/2022\/09\/eZy-Watermark-13-09-2022-07-32-11p.m..jpg\" alt=\"\" class=\"wp-image-444263\" srcset=\"https:\/\/www.zunoticia.com\/noticias-de-hidalgo\/wp-content\/uploads\/2022\/09\/eZy-Watermark-13-09-2022-07-32-11p.m..jpg 640w, https:\/\/www.zunoticia.com\/noticias-de-hidalgo\/wp-content\/uploads\/2022\/09\/eZy-Watermark-13-09-2022-07-32-11p.m.-200x300.jpg 200w\" sizes=\"(max-width: 640px) 100vw, 640px\" \/><\/figure>\n","protected":false},"excerpt":{"rendered":"<p>Por Redacci\u00f3n\/Zunoticia Xochiatipan, Hgo. &#8211; Este d\u00eda se llev\u00f3 a cabo la conmemoraci\u00f3n de la gesta heroica de los Ni\u00f1os H\u00e9roes de Chapultepec, actividad encabezada por el alcalde Oscar Bautista Guti\u00e9rrez, que en compa\u00f1\u00eda de funcionarios municipales realiz\u00f3 un desfile con el objetivo de recalcar el orgullo de ser mexicanos. En punto de las 7:30&hellip; <a class=\"more-link\" href=\"https:\/\/www.zunoticia.com\/noticias-de-hidalgo\/2022\/09\/13\/conmemoran-175-aniversario-de-la-gesta-heroica-de-los-ninos-heroes-2\/\">Seguir leyendo <span class=\"screen-reader-text\">Conmemoran 175 aniversario de la gesta heroica de los Ni\u00f1os H\u00e9roes<\/span><\/a><\/p>\n","protected":false},"author":12,"featured_media":444261,"comment_status":"closed","ping_status":"open","sticky":false,"template":"","format":"standard","meta":{"rop_custom_images_group":[],"rop_custom_messages_group":[],"rop_publish_now":"initial","rop_publish_now_accounts":{"facebook_10159540855086992_322828327761733":""},"rop_publish_now_history":[],"rop_publish_now_status":"pending","footnotes":""},"categories":[179,202],"tags":[135],"class_list":["post-444302","post","type-post","status-publish","format-standard","has-post-thumbnail","hentry","category-huasteca","category-xochiatipan","tag-xochiatipan","entry"],"_links":{"self":[{"href":"https:\/\/www.zunoticia.com\/noticias-de-hidalgo\/wp-json\/wp\/v2\/posts\/444302","targetHints":{"allow":["GET"]}}],"collection":[{"href":"https:\/\/www.zunoticia.com\/noticias-de-hidalgo\/wp-json\/wp\/v2\/posts"}],"about":[{"href":"https:\/\/www.zunoticia.com\/noticias-de-hidalgo\/wp-json\/wp\/v2\/types\/post"}],"author":[{"embeddable":true,"href":"https:\/\/www.zunoticia.com\/noticias-de-hidalgo\/wp-json\/wp\/v2\/users\/12"}],"replies":[{"embeddable":true,"href":"https:\/\/www.zunoticia.com\/noticias-de-hidalgo\/wp-json\/wp\/v2\/comments?post=444302"}],"version-history":[{"count":1,"href":"https:\/\/www.zunoticia.com\/noticias-de-hidalgo\/wp-json\/wp\/v2\/posts\/444302\/revisions"}],"predecessor-version":[{"id":444307,"href":"https:\/\/www.zunoticia.com\/noticias-de-hidalgo\/wp-json\/wp\/v2\/posts\/444302\/revisions\/444307"}],"wp:featuredmedia":[{"embeddable":true,"href":"https:\/\/www.zunoticia.com\/noticias-de-hidalgo\/wp-json\/wp\/v2\/media\/444261"}],"wp:attachment":[{"href":"https:\/\/www.zunoticia.com\/noticias-de-hidalgo\/wp-json\/wp\/v2\/media?parent=444302"}],"wp:term":[{"taxonomy":"category","embeddable":true,"href":"https:\/\/www.zunoticia.com\/noticias-de-hidalgo\/wp-json\/wp\/v2\/categories?post=444302"},{"taxonomy":"post_tag","embeddable":true,"href":"https:\/\/www.zunoticia.com\/noticias-de-hidalgo\/wp-json\/wp\/v2\/tags?post=444302"}],"curies":[{"name":"wp","href":"https:\/\/api.w.org\/{rel}","templated":true}]}}