{"id":444308,"date":"2022-09-13T21:48:40","date_gmt":"2022-09-14T02:48:40","guid":{"rendered":"https:\/\/www.zunoticia.com\/noticias-de-hidalgo\/?p=444308"},"modified":"2022-09-13T21:48:41","modified_gmt":"2022-09-14T02:48:41","slug":"conmemoraron-la-gesta-heroica-de-los-ninos-heroes","status":"publish","type":"post","link":"https:\/\/www.zunoticia.com\/noticias-de-hidalgo\/2022\/09\/13\/conmemoraron-la-gesta-heroica-de-los-ninos-heroes\/","title":{"rendered":"Conmemoraron la gesta heroica de Los Ni\u00f1os h\u00e9roes"},"content":{"rendered":"<aside class=\"mashsb-container mashsb-main mashsb-stretched\"><div class=\"mashsb-box\"><div class=\"mashsb-count mash-large\" style=\"float:left\"><div class=\"counts mashsbcount\">13<\/div><span class=\"mashsb-sharetext\">SHARES<\/span><\/div><div class=\"mashsb-buttons\"><a class=\"mashicon-facebook mash-large mash-center mashsb-noshadow\" href=\"https:\/\/www.facebook.com\/sharer.php?u=https%3A%2F%2Fwww.zunoticia.com%2Fnoticias-de-hidalgo%2F2022%2F09%2F13%2Fconmemoraron-la-gesta-heroica-de-los-ninos-heroes%2F\" target=\"_top\" rel=\"nofollow\"><span class=\"icon\"><\/span><span class=\"text\">Share<\/span><\/a><a class=\"mashicon-twitter mash-large mash-center mashsb-noshadow\" href=\"https:\/\/twitter.com\/intent\/tweet?text=&amp;url=https:\/\/www.zunoticia.com\/noticias-de-hidalgo\/2022\/09\/13\/conmemoraron-la-gesta-heroica-de-los-ninos-heroes\/\" target=\"_top\" rel=\"nofollow\"><span class=\"icon\"><\/span><span class=\"text\">Tweet<\/span><\/a><div class=\"onoffswitch2 mash-large mashsb-noshadow\" style=\"display:none\"><\/div><\/div>\n            <\/div>\n                <div style=\"clear:both\"><\/div><div class=\"mashsb-toggle-container\"><\/div><\/aside>\n            <!-- Share buttons by mashshare.net - Version: 4.0.47-->\n<p><em>Por Roberto Meza\/Zunoticia<\/em><\/p>\n\n\n\n<p><strong>Yahualica, Hgo.-<\/strong> El gobierno municipal que preside El\u00edas Sanju\u00e1n S\u00e1nchez tuvo a bien en conmemorar la gesta heroica de Los Ni\u00f1os H\u00e9roes y de esta forma reconocer e inculcar los valores patrios entre la presente y futuras generaciones.<\/p>\n\n\n\n<p>El evento tuvo lugar en el patio trasero del Palacio Municipal, donde se dieron cita integrantes de la asamblea municipal, funcionarios p\u00fablicos y elementos de la Direcci\u00f3n de Seguridad Publica, el acto inici\u00f3 con los honores al l\u00e1baro patrio y posterior se llev\u00f3 a cabo el izamiento de la Bandera a media asta.<\/p>\n\n\n\n<p>El Director de Educaci\u00f3n Pablo Mart\u00ednez dijo que, es de gran trascendencia conmemorar un aniversario m\u00e1s de la gesta heroica y es de reconocer a esta generaci\u00f3n de hombres que dieron su vida por defender la patria de la intervenci\u00f3n extranjera, por eso es necesario seguir inculcando estos valores a todos los Mexicanos.<\/p>\n","protected":false},"excerpt":{"rendered":"<p>Por Roberto Meza\/Zunoticia Yahualica, Hgo.- El gobierno municipal que preside El\u00edas Sanju\u00e1n S\u00e1nchez tuvo a bien en conmemorar la gesta heroica de Los Ni\u00f1os H\u00e9roes y de esta forma reconocer e inculcar los valores patrios entre la presente y futuras generaciones. El evento tuvo lugar en el patio trasero del Palacio Municipal, donde se dieron&hellip; <a class=\"more-link\" href=\"https:\/\/www.zunoticia.com\/noticias-de-hidalgo\/2022\/09\/13\/conmemoraron-la-gesta-heroica-de-los-ninos-heroes\/\">Seguir leyendo <span class=\"screen-reader-text\">Conmemoraron la gesta heroica de Los Ni\u00f1os h\u00e9roes<\/span><\/a><\/p>\n","protected":false},"author":12,"featured_media":444273,"comment_status":"closed","ping_status":"open","sticky":false,"template":"","format":"standard","meta":{"rop_custom_images_group":[],"rop_custom_messages_group":[],"rop_publish_now":"initial","rop_publish_now_accounts":{"facebook_10159540855086992_322828327761733":""},"rop_publish_now_history":[],"rop_publish_now_status":"pending","footnotes":""},"categories":[179,203],"tags":[123],"class_list":["post-444308","post","type-post","status-publish","format-standard","has-post-thumbnail","hentry","category-huasteca","category-yahualica","tag-yahualica","entry"],"_links":{"self":[{"href":"https:\/\/www.zunoticia.com\/noticias-de-hidalgo\/wp-json\/wp\/v2\/posts\/444308","targetHints":{"allow":["GET"]}}],"collection":[{"href":"https:\/\/www.zunoticia.com\/noticias-de-hidalgo\/wp-json\/wp\/v2\/posts"}],"about":[{"href":"https:\/\/www.zunoticia.com\/noticias-de-hidalgo\/wp-json\/wp\/v2\/types\/post"}],"author":[{"embeddable":true,"href":"https:\/\/www.zunoticia.com\/noticias-de-hidalgo\/wp-json\/wp\/v2\/users\/12"}],"replies":[{"embeddable":true,"href":"https:\/\/www.zunoticia.com\/noticias-de-hidalgo\/wp-json\/wp\/v2\/comments?post=444308"}],"version-history":[{"count":1,"href":"https:\/\/www.zunoticia.com\/noticias-de-hidalgo\/wp-json\/wp\/v2\/posts\/444308\/revisions"}],"predecessor-version":[{"id":444309,"href":"https:\/\/www.zunoticia.com\/noticias-de-hidalgo\/wp-json\/wp\/v2\/posts\/444308\/revisions\/444309"}],"wp:featuredmedia":[{"embeddable":true,"href":"https:\/\/www.zunoticia.com\/noticias-de-hidalgo\/wp-json\/wp\/v2\/media\/444273"}],"wp:attachment":[{"href":"https:\/\/www.zunoticia.com\/noticias-de-hidalgo\/wp-json\/wp\/v2\/media?parent=444308"}],"wp:term":[{"taxonomy":"category","embeddable":true,"href":"https:\/\/www.zunoticia.com\/noticias-de-hidalgo\/wp-json\/wp\/v2\/categories?post=444308"},{"taxonomy":"post_tag","embeddable":true,"href":"https:\/\/www.zunoticia.com\/noticias-de-hidalgo\/wp-json\/wp\/v2\/tags?post=444308"}],"curies":[{"name":"wp","href":"https:\/\/api.w.org\/{rel}","templated":true}]}}