{"id":444314,"date":"2022-09-13T21:56:18","date_gmt":"2022-09-14T02:56:18","guid":{"rendered":"https:\/\/www.zunoticia.com\/noticias-de-hidalgo\/?p=444314"},"modified":"2022-09-13T21:56:20","modified_gmt":"2022-09-14T02:56:20","slug":"vinculan-a-proceso-a-responsable-de-accidente","status":"publish","type":"post","link":"https:\/\/www.zunoticia.com\/noticias-de-hidalgo\/2022\/09\/13\/vinculan-a-proceso-a-responsable-de-accidente\/","title":{"rendered":"Vinculan a proceso a responsable de accidente"},"content":{"rendered":"<aside class=\"mashsb-container mashsb-main mashsb-stretched\"><div class=\"mashsb-box\"><div class=\"mashsb-count mash-large\" style=\"float:left\"><div class=\"counts mashsbcount\">45<\/div><span class=\"mashsb-sharetext\">SHARES<\/span><\/div><div class=\"mashsb-buttons\"><a class=\"mashicon-facebook mash-large mash-center mashsb-noshadow\" href=\"https:\/\/www.facebook.com\/sharer.php?u=https%3A%2F%2Fwww.zunoticia.com%2Fnoticias-de-hidalgo%2F2022%2F09%2F13%2Fvinculan-a-proceso-a-responsable-de-accidente%2F\" target=\"_top\" rel=\"nofollow\"><span class=\"icon\"><\/span><span class=\"text\">Share<\/span><\/a><a class=\"mashicon-twitter mash-large mash-center mashsb-noshadow\" href=\"https:\/\/twitter.com\/intent\/tweet?text=&amp;url=https:\/\/www.zunoticia.com\/noticias-de-hidalgo\/2022\/09\/13\/vinculan-a-proceso-a-responsable-de-accidente\/\" target=\"_top\" rel=\"nofollow\"><span class=\"icon\"><\/span><span class=\"text\">Tweet<\/span><\/a><div class=\"onoffswitch2 mash-large mashsb-noshadow\" style=\"display:none\"><\/div><\/div>\n            <\/div>\n                <div style=\"clear:both\"><\/div><div class=\"mashsb-toggle-container\"><\/div><\/aside>\n            <!-- Share buttons by mashshare.net - Version: 4.0.47-->\n<ul class=\"wp-block-list\"><li>El Procurador Santiago Nieto indic\u00f3 que al conductor se le imputa homicidio y da\u00f1o en propiedad, qued\u00f3 bajo prisi\u00f3n preventiva justificada&nbsp;<\/li><\/ul>\n\n\n\n<p><em>Por Redacci\u00f3n\/Zunoticia<\/em><\/p>\n\n\n\n<p><strong>Huejutla, Hgo.-<\/strong> El chofer del tr\u00e1iler responsable de los lamentables hechos en que perdieron la vida vecinos de Hidalgo y Veracruz fue vinculado a proceso.<\/p>\n\n\n\n<p>As\u00ed lo dio a conocer la Fiscal\u00eda General de Justicia del estado de Tamaulipas, adem\u00e1s del Procurador de Hidalgo Santiago Nieto Castillo, quien indic\u00f3 que al conductor se le imputa homicidio y da\u00f1o en propiedad, por lo que qued\u00f3 bajo prisi\u00f3n preventiva justificada por la muerte de los 8 hidalguenses.<\/p>\n\n\n<div class=\"wp-block-image\">\n<figure class=\"aligncenter size-full\"><img fetchpriority=\"high\" decoding=\"async\" width=\"406\" height=\"267\" src=\"https:\/\/www.zunoticia.com\/noticias-de-hidalgo\/wp-content\/uploads\/2022\/09\/WhatsApp-Image-2022-09-13-at-8.37.24-PM.jpeg\" alt=\"\" class=\"wp-image-444294\" srcset=\"https:\/\/www.zunoticia.com\/noticias-de-hidalgo\/wp-content\/uploads\/2022\/09\/WhatsApp-Image-2022-09-13-at-8.37.24-PM.jpeg 406w, https:\/\/www.zunoticia.com\/noticias-de-hidalgo\/wp-content\/uploads\/2022\/09\/WhatsApp-Image-2022-09-13-at-8.37.24-PM-300x197.jpeg 300w\" sizes=\"(max-width: 406px) 100vw, 406px\" \/><\/figure>\n<\/div>\n\n\n<p>El brutal choque de un autob\u00fas contra un pipa que transportaba combustible dej\u00f3 como saldo 20 personas fallecidas calcinadas, entre ellos dos menores de edad, por lo que el presunto responsable fue vinculado a proceso.<\/p>\n\n\n\n<figure class=\"wp-block-image size-full\"><img decoding=\"async\" width=\"660\" height=\"440\" src=\"https:\/\/www.zunoticia.com\/noticias-de-hidalgo\/wp-content\/uploads\/2022\/09\/WhatsApp-Image-2022-09-13-at-8.36.26-PM-1.jpeg\" alt=\"\" class=\"wp-image-444277\" srcset=\"https:\/\/www.zunoticia.com\/noticias-de-hidalgo\/wp-content\/uploads\/2022\/09\/WhatsApp-Image-2022-09-13-at-8.36.26-PM-1.jpeg 660w, https:\/\/www.zunoticia.com\/noticias-de-hidalgo\/wp-content\/uploads\/2022\/09\/WhatsApp-Image-2022-09-13-at-8.36.26-PM-1-300x200.jpeg 300w\" sizes=\"(max-width: 660px) 100vw, 660px\" \/><\/figure>\n\n\n\n<p>Como se mencion\u00f3 en ediciones anteriores, los hechos ocurrieron la madrugada del pasado s\u00e1bado alrededor de las 5:00 horas sobre la carretera Victoria \u2013 Monterrey, a la altura del ejido San Francisco ubicado en Ciudad Victoria Tamaulipas, lugar donde un autob\u00fas de viajes especiales que parti\u00f3 de Huejutla con destino a Monterrey termin\u00f3 envuelto en llamas con todos sus tripulantes.<\/p>\n\n\n\n<figure class=\"wp-block-image size-full\"><img decoding=\"async\" width=\"960\" height=\"580\" src=\"https:\/\/www.zunoticia.com\/noticias-de-hidalgo\/wp-content\/uploads\/2022\/09\/WhatsApp-Image-2022-09-13-at-8.36.25-PM.jpeg\" alt=\"\" class=\"wp-image-444279\" srcset=\"https:\/\/www.zunoticia.com\/noticias-de-hidalgo\/wp-content\/uploads\/2022\/09\/WhatsApp-Image-2022-09-13-at-8.36.25-PM.jpeg 960w, https:\/\/www.zunoticia.com\/noticias-de-hidalgo\/wp-content\/uploads\/2022\/09\/WhatsApp-Image-2022-09-13-at-8.36.25-PM-300x181.jpeg 300w, https:\/\/www.zunoticia.com\/noticias-de-hidalgo\/wp-content\/uploads\/2022\/09\/WhatsApp-Image-2022-09-13-at-8.36.25-PM-768x464.jpeg 768w\" sizes=\"(max-width: 960px) 100vw, 960px\" \/><\/figure>\n\n\n\n<p>Al lugar acudieron cuerpos de emergencia para brindar el auxilio inmediato y comenzar a sofocar el fuego que ya hab\u00eda consumido en su totalidad al autob\u00fas, sin embargo, tras ser apagado el incendio se pudo ver que todos los pasajeros hab\u00edan perdido la vida calcinados en el interior de la unidad y algunos otros en la cinta asf\u00e1ltica.<\/p>\n\n\n\n<p>La zona fue acordonada para realizar los trabajos correspondientes por parte de las autoridades y peritos, mientras tanto el conductor de la pipa que se dijo intent\u00f3 darse a la fuga fue detenido por habitantes de una localidad cercana al lugar del accidente, por lo que minutos despu\u00e9s fue entregado a la polic\u00eda para el deslinde de responsabilidades.<\/p>\n","protected":false},"excerpt":{"rendered":"<p>El Procurador Santiago Nieto indic\u00f3 que al conductor se le imputa homicidio y da\u00f1o en propiedad, qued\u00f3 bajo prisi\u00f3n preventiva justificada&nbsp; Por Redacci\u00f3n\/Zunoticia Huejutla, Hgo.- El chofer del tr\u00e1iler responsable de los lamentables hechos en que perdieron la vida vecinos de Hidalgo y Veracruz fue vinculado a proceso. As\u00ed lo dio a conocer la Fiscal\u00eda&hellip; <a class=\"more-link\" href=\"https:\/\/www.zunoticia.com\/noticias-de-hidalgo\/2022\/09\/13\/vinculan-a-proceso-a-responsable-de-accidente\/\">Seguir leyendo <span class=\"screen-reader-text\">Vinculan a proceso a responsable de accidente<\/span><\/a><\/p>\n","protected":false},"author":12,"featured_media":444278,"comment_status":"closed","ping_status":"open","sticky":false,"template":"","format":"standard","meta":{"rop_custom_images_group":[],"rop_custom_messages_group":[],"rop_publish_now":"initial","rop_publish_now_accounts":{"facebook_10159540855086992_322828327761733":""},"rop_publish_now_history":[],"rop_publish_now_status":"pending","footnotes":""},"categories":[178],"tags":[259],"class_list":["post-444314","post","type-post","status-publish","format-standard","has-post-thumbnail","hentry","category-policiaca","tag-policiaca","entry"],"_links":{"self":[{"href":"https:\/\/www.zunoticia.com\/noticias-de-hidalgo\/wp-json\/wp\/v2\/posts\/444314","targetHints":{"allow":["GET"]}}],"collection":[{"href":"https:\/\/www.zunoticia.com\/noticias-de-hidalgo\/wp-json\/wp\/v2\/posts"}],"about":[{"href":"https:\/\/www.zunoticia.com\/noticias-de-hidalgo\/wp-json\/wp\/v2\/types\/post"}],"author":[{"embeddable":true,"href":"https:\/\/www.zunoticia.com\/noticias-de-hidalgo\/wp-json\/wp\/v2\/users\/12"}],"replies":[{"embeddable":true,"href":"https:\/\/www.zunoticia.com\/noticias-de-hidalgo\/wp-json\/wp\/v2\/comments?post=444314"}],"version-history":[{"count":1,"href":"https:\/\/www.zunoticia.com\/noticias-de-hidalgo\/wp-json\/wp\/v2\/posts\/444314\/revisions"}],"predecessor-version":[{"id":444315,"href":"https:\/\/www.zunoticia.com\/noticias-de-hidalgo\/wp-json\/wp\/v2\/posts\/444314\/revisions\/444315"}],"wp:featuredmedia":[{"embeddable":true,"href":"https:\/\/www.zunoticia.com\/noticias-de-hidalgo\/wp-json\/wp\/v2\/media\/444278"}],"wp:attachment":[{"href":"https:\/\/www.zunoticia.com\/noticias-de-hidalgo\/wp-json\/wp\/v2\/media?parent=444314"}],"wp:term":[{"taxonomy":"category","embeddable":true,"href":"https:\/\/www.zunoticia.com\/noticias-de-hidalgo\/wp-json\/wp\/v2\/categories?post=444314"},{"taxonomy":"post_tag","embeddable":true,"href":"https:\/\/www.zunoticia.com\/noticias-de-hidalgo\/wp-json\/wp\/v2\/tags?post=444314"}],"curies":[{"name":"wp","href":"https:\/\/api.w.org\/{rel}","templated":true}]}}