{"id":444318,"date":"2022-09-13T22:15:28","date_gmt":"2022-09-14T03:15:28","guid":{"rendered":"https:\/\/www.zunoticia.com\/noticias-de-hidalgo\/?p=444318"},"modified":"2022-09-13T22:15:29","modified_gmt":"2022-09-14T03:15:29","slug":"inicia-festival-internacional-en-huitzotlaco","status":"publish","type":"post","link":"https:\/\/www.zunoticia.com\/noticias-de-hidalgo\/2022\/09\/13\/inicia-festival-internacional-en-huitzotlaco\/","title":{"rendered":"Inicia festival internacional en Huitzotlaco"},"content":{"rendered":"<aside class=\"mashsb-container mashsb-main mashsb-stretched\"><div class=\"mashsb-box\"><div class=\"mashsb-count mash-large\" style=\"float:left\"><div class=\"counts mashsbcount\">35<\/div><span class=\"mashsb-sharetext\">SHARES<\/span><\/div><div class=\"mashsb-buttons\"><a class=\"mashicon-facebook mash-large mash-center mashsb-noshadow\" href=\"https:\/\/www.facebook.com\/sharer.php?u=https%3A%2F%2Fwww.zunoticia.com%2Fnoticias-de-hidalgo%2F2022%2F09%2F13%2Finicia-festival-internacional-en-huitzotlaco%2F\" target=\"_top\" rel=\"nofollow\"><span class=\"icon\"><\/span><span class=\"text\">Share<\/span><\/a><a class=\"mashicon-twitter mash-large mash-center mashsb-noshadow\" href=\"https:\/\/twitter.com\/intent\/tweet?text=&amp;url=https:\/\/www.zunoticia.com\/noticias-de-hidalgo\/2022\/09\/13\/inicia-festival-internacional-en-huitzotlaco\/\" target=\"_top\" rel=\"nofollow\"><span class=\"icon\"><\/span><span class=\"text\">Tweet<\/span><\/a><div class=\"onoffswitch2 mash-large mashsb-noshadow\" style=\"display:none\"><\/div><\/div>\n            <\/div>\n                <div style=\"clear:both\"><\/div><div class=\"mashsb-toggle-container\"><\/div><\/aside>\n            <!-- Share buttons by mashshare.net - Version: 4.0.47-->\n<p><em>Por Pedro Luciano\/Zunoticia<\/em><\/p>\n\n\n\n<p><strong>Atlapexco, Hgo.-<\/strong> Da inicio el Festival Internacional de Folklor 2022 en la comunidad de Huitzotlaco en donde se cont\u00f3 con la participaci\u00f3n de la representaci\u00f3n cultural folkl\u00f3rica de los pa\u00edses de Polonia, Costa Rica, Estados Unidos, Colombia y sobre todo M\u00e9xico, en donde la intenci\u00f3n es compartir la tradici\u00f3n de la danza de forma internacional.<\/p>\n\n\n\n<p>Dicho evento fue dirigido por la Asociaci\u00f3n Internacional del Folklor Latinoamericano en coordinaci\u00f3n con la Administraci\u00f3n P\u00fablica Municipal de Atlapexco y la Delegaci\u00f3n Municipal de la localidad de Huitzotlaco, en donde se observa la exposici\u00f3n de gastronom\u00eda y artesan\u00eda de la regi\u00f3n, as\u00ed como tambi\u00e9n diversas atracciones y puestos comerciales.<\/p>\n\n\n\n<p>En mencionado evento cultural se observ\u00f3 la participaci\u00f3n del folklor de los representantes de los pa\u00edses participantes quienes deleitaron a los asistentes con la interpretaci\u00f3n de diversas piezas de m\u00fasica y bailes tradicionales de cada uno de los pa\u00edses.<\/p>\n\n\n\n<p>En el evento se cont\u00f3 con la participaci\u00f3n, as\u00ed como de danzantes locales del folklor como la agrupaci\u00f3n conocida como los cornudos de Yahualica y la propia agrupaci\u00f3n de la comunidad de Huitzotlaco.<\/p>\n","protected":false},"excerpt":{"rendered":"<p>Por Pedro Luciano\/Zunoticia Atlapexco, Hgo.- Da inicio el Festival Internacional de Folklor 2022 en la comunidad de Huitzotlaco en donde se cont\u00f3 con la participaci\u00f3n de la representaci\u00f3n cultural folkl\u00f3rica de los pa\u00edses de Polonia, Costa Rica, Estados Unidos, Colombia y sobre todo M\u00e9xico, en donde la intenci\u00f3n es compartir la tradici\u00f3n de la danza&hellip; <a class=\"more-link\" href=\"https:\/\/www.zunoticia.com\/noticias-de-hidalgo\/2022\/09\/13\/inicia-festival-internacional-en-huitzotlaco\/\">Seguir leyendo <span class=\"screen-reader-text\">Inicia festival internacional en Huitzotlaco<\/span><\/a><\/p>\n","protected":false},"author":12,"featured_media":444268,"comment_status":"closed","ping_status":"open","sticky":false,"template":"","format":"standard","meta":{"rop_custom_images_group":[],"rop_custom_messages_group":[],"rop_publish_now":"initial","rop_publish_now_accounts":{"facebook_10159540855086992_322828327761733":""},"rop_publish_now_history":[],"rop_publish_now_status":"pending","footnotes":""},"categories":[182],"tags":[133],"class_list":["post-444318","post","type-post","status-publish","format-standard","has-post-thumbnail","hentry","category-atlapexco","tag-atlapexco","entry"],"_links":{"self":[{"href":"https:\/\/www.zunoticia.com\/noticias-de-hidalgo\/wp-json\/wp\/v2\/posts\/444318","targetHints":{"allow":["GET"]}}],"collection":[{"href":"https:\/\/www.zunoticia.com\/noticias-de-hidalgo\/wp-json\/wp\/v2\/posts"}],"about":[{"href":"https:\/\/www.zunoticia.com\/noticias-de-hidalgo\/wp-json\/wp\/v2\/types\/post"}],"author":[{"embeddable":true,"href":"https:\/\/www.zunoticia.com\/noticias-de-hidalgo\/wp-json\/wp\/v2\/users\/12"}],"replies":[{"embeddable":true,"href":"https:\/\/www.zunoticia.com\/noticias-de-hidalgo\/wp-json\/wp\/v2\/comments?post=444318"}],"version-history":[{"count":1,"href":"https:\/\/www.zunoticia.com\/noticias-de-hidalgo\/wp-json\/wp\/v2\/posts\/444318\/revisions"}],"predecessor-version":[{"id":444319,"href":"https:\/\/www.zunoticia.com\/noticias-de-hidalgo\/wp-json\/wp\/v2\/posts\/444318\/revisions\/444319"}],"wp:featuredmedia":[{"embeddable":true,"href":"https:\/\/www.zunoticia.com\/noticias-de-hidalgo\/wp-json\/wp\/v2\/media\/444268"}],"wp:attachment":[{"href":"https:\/\/www.zunoticia.com\/noticias-de-hidalgo\/wp-json\/wp\/v2\/media?parent=444318"}],"wp:term":[{"taxonomy":"category","embeddable":true,"href":"https:\/\/www.zunoticia.com\/noticias-de-hidalgo\/wp-json\/wp\/v2\/categories?post=444318"},{"taxonomy":"post_tag","embeddable":true,"href":"https:\/\/www.zunoticia.com\/noticias-de-hidalgo\/wp-json\/wp\/v2\/tags?post=444318"}],"curies":[{"name":"wp","href":"https:\/\/api.w.org\/{rel}","templated":true}]}}