{"id":444320,"date":"2022-09-13T23:33:47","date_gmt":"2022-09-14T04:33:47","guid":{"rendered":"https:\/\/www.zunoticia.com\/noticias-de-hidalgo\/?p=444320"},"modified":"2022-09-13T23:33:49","modified_gmt":"2022-09-14T04:33:49","slug":"vinculan-a-proceso-a-chofer-de-trailer-involucrado-en-accidente-de-autobus","status":"publish","type":"post","link":"https:\/\/www.zunoticia.com\/noticias-de-hidalgo\/2022\/09\/13\/vinculan-a-proceso-a-chofer-de-trailer-involucrado-en-accidente-de-autobus\/","title":{"rendered":"Vinculan a proceso a chofer de tr\u00e1iler involucrado en accidente de autob\u00fas&nbsp;"},"content":{"rendered":"<aside class=\"mashsb-container mashsb-main mashsb-stretched\"><div class=\"mashsb-box\"><div class=\"mashsb-count mash-large\" style=\"float:left\"><div class=\"counts mashsbcount\">36<\/div><span class=\"mashsb-sharetext\">SHARES<\/span><\/div><div class=\"mashsb-buttons\"><a class=\"mashicon-facebook mash-large mash-center mashsb-noshadow\" href=\"https:\/\/www.facebook.com\/sharer.php?u=https%3A%2F%2Fwww.zunoticia.com%2Fnoticias-de-hidalgo%2F2022%2F09%2F13%2Fvinculan-a-proceso-a-chofer-de-trailer-involucrado-en-accidente-de-autobus%2F\" target=\"_top\" rel=\"nofollow\"><span class=\"icon\"><\/span><span class=\"text\">Share<\/span><\/a><a class=\"mashicon-twitter mash-large mash-center mashsb-noshadow\" href=\"https:\/\/twitter.com\/intent\/tweet?text=&amp;url=https:\/\/www.zunoticia.com\/noticias-de-hidalgo\/2022\/09\/13\/vinculan-a-proceso-a-chofer-de-trailer-involucrado-en-accidente-de-autobus\/\" target=\"_top\" rel=\"nofollow\"><span class=\"icon\"><\/span><span class=\"text\">Tweet<\/span><\/a><div class=\"onoffswitch2 mash-large mashsb-noshadow\" style=\"display:none\"><\/div><\/div>\n            <\/div>\n                <div style=\"clear:both\"><\/div><div class=\"mashsb-toggle-container\"><\/div><\/aside>\n            <!-- Share buttons by mashshare.net - Version: 4.0.47-->\n<p><em>PorRedacci\u00f3n\/Zunoticia<\/em><\/p>\n\n\n\n<p><strong>Pachuca, Hgo.-<\/strong> Como parte del acompa\u00f1amiento que el Gobierno de Hidalgo brinda a las familias de las personas fallecidas en el autob\u00fas que circulaba en la carretera Ciudad Victoria-Monterrey, en Tamaulipas, la Procuradur\u00eda General de Justicia del Estado de Hidalgo (PGJEH) informa que la Fiscal\u00eda General de Justicia de dicha entidad, consigui\u00f3 la vinculaci\u00f3n a proceso para el conductor del tr\u00e1iler involucrado en el incidente que cobr\u00f3 la vida de ocho personas hidalguenses originarias de la Huasteca.<\/p>\n\n\n\n<p>El probable responsable es investigado por homicidio y da\u00f1o en la propiedad. La autoridad judicial le dict\u00f3 al imputado la prisi\u00f3n preventiva justificada y estableci\u00f3 un plazo de tres meses para el cierre de la investigaci\u00f3n complementaria.<\/p>\n\n\n\n<p>Como lo instruy\u00f3 el gobernador Julio Menchaca Salazar, la PGJEH continuar\u00e1 el apoyo a las familias afectadas hasta concluir el proceso penal.<\/p>\n","protected":false},"excerpt":{"rendered":"<p>PorRedacci\u00f3n\/Zunoticia Pachuca, Hgo.- Como parte del acompa\u00f1amiento que el Gobierno de Hidalgo brinda a las familias de las personas fallecidas en el autob\u00fas que circulaba en la carretera Ciudad Victoria-Monterrey, en Tamaulipas, la Procuradur\u00eda General de Justicia del Estado de Hidalgo (PGJEH) informa que la Fiscal\u00eda General de Justicia de dicha entidad, consigui\u00f3 la vinculaci\u00f3n&hellip; <a class=\"more-link\" href=\"https:\/\/www.zunoticia.com\/noticias-de-hidalgo\/2022\/09\/13\/vinculan-a-proceso-a-chofer-de-trailer-involucrado-en-accidente-de-autobus\/\">Seguir leyendo <span class=\"screen-reader-text\">Vinculan a proceso a chofer de tr\u00e1iler involucrado en accidente de autob\u00fas&nbsp;<\/span><\/a><\/p>\n","protected":false},"author":12,"featured_media":444327,"comment_status":"closed","ping_status":"open","sticky":false,"template":"","format":"standard","meta":{"rop_custom_images_group":[],"rop_custom_messages_group":[],"rop_publish_now":"initial","rop_publish_now_accounts":{"facebook_10159540855086992_322828327761733":""},"rop_publish_now_history":[],"rop_publish_now_status":"pending","footnotes":""},"categories":[208],"tags":[214],"class_list":["post-444320","post","type-post","status-publish","format-standard","has-post-thumbnail","hentry","category-estado","tag-estado","entry"],"_links":{"self":[{"href":"https:\/\/www.zunoticia.com\/noticias-de-hidalgo\/wp-json\/wp\/v2\/posts\/444320","targetHints":{"allow":["GET"]}}],"collection":[{"href":"https:\/\/www.zunoticia.com\/noticias-de-hidalgo\/wp-json\/wp\/v2\/posts"}],"about":[{"href":"https:\/\/www.zunoticia.com\/noticias-de-hidalgo\/wp-json\/wp\/v2\/types\/post"}],"author":[{"embeddable":true,"href":"https:\/\/www.zunoticia.com\/noticias-de-hidalgo\/wp-json\/wp\/v2\/users\/12"}],"replies":[{"embeddable":true,"href":"https:\/\/www.zunoticia.com\/noticias-de-hidalgo\/wp-json\/wp\/v2\/comments?post=444320"}],"version-history":[{"count":1,"href":"https:\/\/www.zunoticia.com\/noticias-de-hidalgo\/wp-json\/wp\/v2\/posts\/444320\/revisions"}],"predecessor-version":[{"id":444328,"href":"https:\/\/www.zunoticia.com\/noticias-de-hidalgo\/wp-json\/wp\/v2\/posts\/444320\/revisions\/444328"}],"wp:featuredmedia":[{"embeddable":true,"href":"https:\/\/www.zunoticia.com\/noticias-de-hidalgo\/wp-json\/wp\/v2\/media\/444327"}],"wp:attachment":[{"href":"https:\/\/www.zunoticia.com\/noticias-de-hidalgo\/wp-json\/wp\/v2\/media?parent=444320"}],"wp:term":[{"taxonomy":"category","embeddable":true,"href":"https:\/\/www.zunoticia.com\/noticias-de-hidalgo\/wp-json\/wp\/v2\/categories?post=444320"},{"taxonomy":"post_tag","embeddable":true,"href":"https:\/\/www.zunoticia.com\/noticias-de-hidalgo\/wp-json\/wp\/v2\/tags?post=444320"}],"curies":[{"name":"wp","href":"https:\/\/api.w.org\/{rel}","templated":true}]}}