{"id":444524,"date":"2022-09-15T11:53:13","date_gmt":"2022-09-15T16:53:13","guid":{"rendered":"https:\/\/www.zunoticia.com\/noticias-de-hidalgo\/?p=444524"},"modified":"2022-09-15T11:53:16","modified_gmt":"2022-09-15T16:53:16","slug":"sobrevivio-al-caer-a-profundo-barranco","status":"publish","type":"post","link":"https:\/\/www.zunoticia.com\/noticias-de-hidalgo\/2022\/09\/15\/sobrevivio-al-caer-a-profundo-barranco\/","title":{"rendered":"Sobrevivi\u00f3 al caer a profundo barranco"},"content":{"rendered":"<aside class=\"mashsb-container mashsb-main mashsb-stretched\"><div class=\"mashsb-box\"><div class=\"mashsb-count mash-large\" style=\"float:left\"><div class=\"counts mashsbcount\">36<\/div><span class=\"mashsb-sharetext\">SHARES<\/span><\/div><div class=\"mashsb-buttons\"><a class=\"mashicon-facebook mash-large mash-center mashsb-noshadow\" href=\"https:\/\/www.facebook.com\/sharer.php?u=https%3A%2F%2Fwww.zunoticia.com%2Fnoticias-de-hidalgo%2F2022%2F09%2F15%2Fsobrevivio-al-caer-a-profundo-barranco%2F\" target=\"_top\" rel=\"nofollow\"><span class=\"icon\"><\/span><span class=\"text\">Share<\/span><\/a><a class=\"mashicon-twitter mash-large mash-center mashsb-noshadow\" href=\"https:\/\/twitter.com\/intent\/tweet?text=&amp;url=https:\/\/www.zunoticia.com\/noticias-de-hidalgo\/2022\/09\/15\/sobrevivio-al-caer-a-profundo-barranco\/\" target=\"_top\" rel=\"nofollow\"><span class=\"icon\"><\/span><span class=\"text\">Tweet<\/span><\/a><div class=\"onoffswitch2 mash-large mashsb-noshadow\" style=\"display:none\"><\/div><\/div>\n            <\/div>\n                <div style=\"clear:both\"><\/div><div class=\"mashsb-toggle-container\"><\/div><\/aside>\n            <!-- Share buttons by mashshare.net - Version: 4.0.47-->\n<p><em>Por Redacci\u00f3n\/Zunoticia<\/em><\/p>\n\n\n\n<p><strong>Tlanchinol, Hgo. &#8211;<\/strong> Una persona del sexo masculino, quien presuntamente resbal\u00f3 accidentalmente y cay\u00f3 a profundo barranco, fue rescatada con vida por elementos de Seguridad P\u00fablica en coordinaci\u00f3n con personal de Protecci\u00f3n Civil de este municipio.<\/p>\n\n\n\n<p>El hombre identificado con el nombre de Ismael \u00c1lvarez Hern\u00e1ndez, de 25 a\u00f1os de edad, originario de la localidad de Apantlazol, presentaba heridas y golpes contusos en extremidades inferiores y t\u00f3rax.<\/p>\n\n\n\n<figure class=\"wp-block-image size-full\"><img fetchpriority=\"high\" decoding=\"async\" width=\"780\" height=\"864\" src=\"https:\/\/www.zunoticia.com\/noticias-de-hidalgo\/wp-content\/uploads\/2022\/09\/WhatsApp-Image-2022-09-15-at-11.18.45-AM-2.jpeg\" alt=\"\" class=\"wp-image-444526\" srcset=\"https:\/\/www.zunoticia.com\/noticias-de-hidalgo\/wp-content\/uploads\/2022\/09\/WhatsApp-Image-2022-09-15-at-11.18.45-AM-2.jpeg 780w, https:\/\/www.zunoticia.com\/noticias-de-hidalgo\/wp-content\/uploads\/2022\/09\/WhatsApp-Image-2022-09-15-at-11.18.45-AM-2-271x300.jpeg 271w, https:\/\/www.zunoticia.com\/noticias-de-hidalgo\/wp-content\/uploads\/2022\/09\/WhatsApp-Image-2022-09-15-at-11.18.45-AM-2-768x851.jpeg 768w\" sizes=\"(max-width: 780px) 100vw, 780px\" \/><\/figure>\n\n\n\n<p>De acuerdo con el reporte de las autoridades polic\u00edacas de la sierra hidalguense, esta persona fue localizada la ma\u00f1ana del pasado mi\u00e9rcoles, al fondo de un barranco de aproximadamente 150 metros de profundidad, en el tramo de la carretera estatal Tlanchinol-Apantlazol, a la altura del kil\u00f3metro 1.<\/p>\n\n\n\n<p>Luego de ser rescatado, el lesionado fue trasladado al Hospital Ilusi\u00f3n, en donde lo ingresaron a la sala de Urgencias para que recibiera atenci\u00f3n m\u00e9dica especializada.<\/p>\n","protected":false},"excerpt":{"rendered":"<p>Por Redacci\u00f3n\/Zunoticia Tlanchinol, Hgo. &#8211; Una persona del sexo masculino, quien presuntamente resbal\u00f3 accidentalmente y cay\u00f3 a profundo barranco, fue rescatada con vida por elementos de Seguridad P\u00fablica en coordinaci\u00f3n con personal de Protecci\u00f3n Civil de este municipio. El hombre identificado con el nombre de Ismael \u00c1lvarez Hern\u00e1ndez, de 25 a\u00f1os de edad, originario de&hellip; <a class=\"more-link\" href=\"https:\/\/www.zunoticia.com\/noticias-de-hidalgo\/2022\/09\/15\/sobrevivio-al-caer-a-profundo-barranco\/\">Seguir leyendo <span class=\"screen-reader-text\">Sobrevivi\u00f3 al caer a profundo barranco<\/span><\/a><\/p>\n","protected":false},"author":12,"featured_media":444525,"comment_status":"closed","ping_status":"open","sticky":false,"template":"","format":"standard","meta":{"rop_custom_images_group":[],"rop_custom_messages_group":[],"rop_publish_now":"initial","rop_publish_now_accounts":{"facebook_10159540855086992_322828327761733":""},"rop_publish_now_history":[],"rop_publish_now_status":"pending","footnotes":""},"categories":[178,201],"tags":[127],"class_list":["post-444524","post","type-post","status-publish","format-standard","has-post-thumbnail","hentry","category-policiaca","category-tlanchinol","tag-tlanchinol","entry"],"_links":{"self":[{"href":"https:\/\/www.zunoticia.com\/noticias-de-hidalgo\/wp-json\/wp\/v2\/posts\/444524","targetHints":{"allow":["GET"]}}],"collection":[{"href":"https:\/\/www.zunoticia.com\/noticias-de-hidalgo\/wp-json\/wp\/v2\/posts"}],"about":[{"href":"https:\/\/www.zunoticia.com\/noticias-de-hidalgo\/wp-json\/wp\/v2\/types\/post"}],"author":[{"embeddable":true,"href":"https:\/\/www.zunoticia.com\/noticias-de-hidalgo\/wp-json\/wp\/v2\/users\/12"}],"replies":[{"embeddable":true,"href":"https:\/\/www.zunoticia.com\/noticias-de-hidalgo\/wp-json\/wp\/v2\/comments?post=444524"}],"version-history":[{"count":1,"href":"https:\/\/www.zunoticia.com\/noticias-de-hidalgo\/wp-json\/wp\/v2\/posts\/444524\/revisions"}],"predecessor-version":[{"id":444527,"href":"https:\/\/www.zunoticia.com\/noticias-de-hidalgo\/wp-json\/wp\/v2\/posts\/444524\/revisions\/444527"}],"wp:featuredmedia":[{"embeddable":true,"href":"https:\/\/www.zunoticia.com\/noticias-de-hidalgo\/wp-json\/wp\/v2\/media\/444525"}],"wp:attachment":[{"href":"https:\/\/www.zunoticia.com\/noticias-de-hidalgo\/wp-json\/wp\/v2\/media?parent=444524"}],"wp:term":[{"taxonomy":"category","embeddable":true,"href":"https:\/\/www.zunoticia.com\/noticias-de-hidalgo\/wp-json\/wp\/v2\/categories?post=444524"},{"taxonomy":"post_tag","embeddable":true,"href":"https:\/\/www.zunoticia.com\/noticias-de-hidalgo\/wp-json\/wp\/v2\/tags?post=444524"}],"curies":[{"name":"wp","href":"https:\/\/api.w.org\/{rel}","templated":true}]}}