{"id":444531,"date":"2022-09-15T13:52:41","date_gmt":"2022-09-15T18:52:41","guid":{"rendered":"https:\/\/www.zunoticia.com\/noticias-de-hidalgo\/?p=444531"},"modified":"2022-09-15T13:52:43","modified_gmt":"2022-09-15T18:52:43","slug":"con-bloqueos-fdomez-conmemora-212-anos-de-guerra-de-independencia","status":"publish","type":"post","link":"https:\/\/www.zunoticia.com\/noticias-de-hidalgo\/2022\/09\/15\/con-bloqueos-fdomez-conmemora-212-anos-de-guerra-de-independencia\/","title":{"rendered":"Con bloqueos FDOMEZ conmemora 212 a\u00f1os de Guerra de Independencia"},"content":{"rendered":"<aside class=\"mashsb-container mashsb-main mashsb-stretched\"><div class=\"mashsb-box\"><div class=\"mashsb-count mash-large\" style=\"float:left\"><div class=\"counts mashsbcount\">30<\/div><span class=\"mashsb-sharetext\">SHARES<\/span><\/div><div class=\"mashsb-buttons\"><a class=\"mashicon-facebook mash-large mash-center mashsb-noshadow\" href=\"https:\/\/www.facebook.com\/sharer.php?u=https%3A%2F%2Fwww.zunoticia.com%2Fnoticias-de-hidalgo%2F2022%2F09%2F15%2Fcon-bloqueos-fdomez-conmemora-212-anos-de-guerra-de-independencia%2F\" target=\"_top\" rel=\"nofollow\"><span class=\"icon\"><\/span><span class=\"text\">Share<\/span><\/a><a class=\"mashicon-twitter mash-large mash-center mashsb-noshadow\" href=\"https:\/\/twitter.com\/intent\/tweet?text=&amp;url=https:\/\/www.zunoticia.com\/noticias-de-hidalgo\/2022\/09\/15\/con-bloqueos-fdomez-conmemora-212-anos-de-guerra-de-independencia\/\" target=\"_top\" rel=\"nofollow\"><span class=\"icon\"><\/span><span class=\"text\">Tweet<\/span><\/a><div class=\"onoffswitch2 mash-large mashsb-noshadow\" style=\"display:none\"><\/div><\/div>\n            <\/div>\n                <div style=\"clear:both\"><\/div><div class=\"mashsb-toggle-container\"><\/div><\/aside>\n            <!-- Share buttons by mashshare.net - Version: 4.0.47-->\n<p><em>Por Enedino Hern\u00e1ndez\/Zunoticia<\/em><\/p>\n\n\n\n<p><strong>Huejutla, Hgo. &#8211;<\/strong> Con una serie de bloqueos intermitentes, realizados la ma\u00f1ana de este jueves 15 de septiembre sobre la carretera Huejutla-Atlapexco, a la altura del Balsero, integrantes del Frente Democr\u00e1tico Oriental de M\u00e9xico Emiliano Zapata (FDOMEZ) conmemoran los 212 a\u00f1os de la Guerra de Independencia.<\/p>\n\n\n\n<p>A nombre del FDOMEZ, Mat\u00edas Flores explic\u00f3 que adem\u00e1s este 15 de septiembre se cumplen los 45 a\u00f1os de la lucha por la tierra, su defensa y el socialismo en la regi\u00f3n huasteca.<\/p>\n\n\n\n<figure class=\"wp-block-image size-full\"><img fetchpriority=\"high\" decoding=\"async\" width=\"720\" height=\"390\" src=\"https:\/\/www.zunoticia.com\/noticias-de-hidalgo\/wp-content\/uploads\/2022\/09\/WhatsApp-Image-2022-09-15-at-1.39.09-PM-1.jpeg\" alt=\"\" class=\"wp-image-444533\" srcset=\"https:\/\/www.zunoticia.com\/noticias-de-hidalgo\/wp-content\/uploads\/2022\/09\/WhatsApp-Image-2022-09-15-at-1.39.09-PM-1.jpeg 720w, https:\/\/www.zunoticia.com\/noticias-de-hidalgo\/wp-content\/uploads\/2022\/09\/WhatsApp-Image-2022-09-15-at-1.39.09-PM-1-300x163.jpeg 300w\" sizes=\"(max-width: 720px) 100vw, 720px\" \/><\/figure>\n\n\n\n<p>Se\u00f1al\u00f3 que la lucha del pueblo mexicano por su emancipaci\u00f3n total lleva siglos de persistencia &#8220;este 15 de septiembre se cumplen 212 a\u00f1os de la Guerra de Independencia, gesta heroica de nuestro pueblo contra el colonialismo espa\u00f1ol, cuya tiran\u00eda impuso a nuestro pueblo relaciones de opresi\u00f3n y explotaci\u00f3n fundadas en el esclavismo, feudalismo y las nacientes relaciones capitalistas.<\/p>\n\n\n\n<p>La Guerra de Independencia logr\u00f3 desterrar el dominio colonial pero no termin\u00f3 con el dominio extranjero sobre la nueva patria. La nueva Espa\u00f1a fue abolida, pero quedaron como base de la nueva naci\u00f3n las relaciones de explotaci\u00f3n y opresi\u00f3n, as\u00ed como la dependencia al extranjero. Nuevos opresores y explotadores sometieron a nuestro pueblo a intereses extranjeros y condenaron a los hijos del pueblo a las calamidades econ\u00f3micas, oprobios pol\u00edticos y la desigualdad social. A m\u00e1s de dos siglos de la Guerra de Independencia, los intereses extranjeros del imperialismo gobiernan y moldean el presente; la mayor\u00eda del pueblo vive en condiciones de pobreza y miseria; y las masas trabajadoras son v\u00edctimas de injusticias pol\u00edticas y la desigualdad social&#8221;.<\/p>\n\n\n\n<p>Agreg\u00f3, &#8220;la violencia institucional ejercida contra el pueblo, en el presente, es objetivada por las instituciones del r\u00e9gimen social dominante. Instituciones y leyes del sistema pol\u00edtico mexicano no favorecen a las masas trabajadoras, han sido moldeadas a trav\u00e9s de los a\u00f1os por los opresores y explotadores en direcci\u00f3n a la protecci\u00f3n de intereses extranjeros y de la burgues\u00eda nacional, reflejo de dicha opresi\u00f3n es la existencia de un Estado polic\u00edaco militar&#8221;.<\/p>\n\n\n\n<figure class=\"wp-block-image size-large\"><img decoding=\"async\" width=\"1024\" height=\"768\" src=\"https:\/\/www.zunoticia.com\/noticias-de-hidalgo\/wp-content\/uploads\/2022\/09\/WhatsApp-Image-2022-09-15-at-1.39.09-PM-2-1024x768.jpeg\" alt=\"\" class=\"wp-image-444534\" srcset=\"https:\/\/www.zunoticia.com\/noticias-de-hidalgo\/wp-content\/uploads\/2022\/09\/WhatsApp-Image-2022-09-15-at-1.39.09-PM-2-1024x768.jpeg 1024w, https:\/\/www.zunoticia.com\/noticias-de-hidalgo\/wp-content\/uploads\/2022\/09\/WhatsApp-Image-2022-09-15-at-1.39.09-PM-2-300x225.jpeg 300w, https:\/\/www.zunoticia.com\/noticias-de-hidalgo\/wp-content\/uploads\/2022\/09\/WhatsApp-Image-2022-09-15-at-1.39.09-PM-2-768x576.jpeg 768w, https:\/\/www.zunoticia.com\/noticias-de-hidalgo\/wp-content\/uploads\/2022\/09\/WhatsApp-Image-2022-09-15-at-1.39.09-PM-2-1536x1152.jpeg 1536w, https:\/\/www.zunoticia.com\/noticias-de-hidalgo\/wp-content\/uploads\/2022\/09\/WhatsApp-Image-2022-09-15-at-1.39.09-PM-2-1568x1176.jpeg 1568w, https:\/\/www.zunoticia.com\/noticias-de-hidalgo\/wp-content\/uploads\/2022\/09\/WhatsApp-Image-2022-09-15-at-1.39.09-PM-2.jpeg 1600w\" sizes=\"(max-width: 1024px) 100vw, 1024px\" \/><\/figure>\n\n\n\n<p>Se\u00f1ala que la verdadera independencia, la libertad del pueblo y el pa\u00eds se conquistar\u00e1n por la lucha, \u201cluchar es una necesidad prioritaria e irrenunciable de las masas despose\u00eddas y explotadas. Organizarse para conquistar las demandas pol\u00edticas e inmediatas del pueblo.<\/p>\n\n\n\n<p>&#8220;Luchamos por la presentaci\u00f3n con vida de los revolucionarios Gabriel Alberto Cruz S\u00e1nchez y Edmundo Reyes Amaya, militantes del Partido Democr\u00e1tico Revolucionario Ej\u00e9rcito Popular Revolucionario (PDPR-EPR); la presentaci\u00f3n con vida de nuestro compa\u00f1ero Fidencio G\u00f3mez Santis; y la libertad incondicional de nuestro compa\u00f1ero Higinio Bustos Navarro\u201d se\u00f1al\u00f3.<\/p>\n\n\n\n<p>Insiste que la Guerra de Independencia represent\u00f3 un salto cualitativo para superar un episodio de esclavitud y de dominaci\u00f3n extranjera a pesar de que no se logra por completo la emancipaci\u00f3n de \u00e9sta \u00faltima; lo que deja como ense\u00f1anzas para el conjunto del movimiento popular en particular y el pueblo en general, es que se puede lograr la unidad del pueblo para su liberaci\u00f3n.<\/p>\n\n\n\n<p>Por todo ello, concluye que este d\u00eda no es para festejar un patrioterismo burgu\u00e9s, \u201ces para reafirmar que, los objetivos hist\u00f3ricos del pueblo, s\u00f3lo ser\u00e1n posible por el impulso de lucha independiente y construcci\u00f3n de la unidad popular\u201d.<\/p>\n","protected":false},"excerpt":{"rendered":"<p>Por Enedino Hern\u00e1ndez\/Zunoticia Huejutla, Hgo. &#8211; Con una serie de bloqueos intermitentes, realizados la ma\u00f1ana de este jueves 15 de septiembre sobre la carretera Huejutla-Atlapexco, a la altura del Balsero, integrantes del Frente Democr\u00e1tico Oriental de M\u00e9xico Emiliano Zapata (FDOMEZ) conmemoran los 212 a\u00f1os de la Guerra de Independencia. A nombre del FDOMEZ, Mat\u00edas Flores&hellip; <a class=\"more-link\" href=\"https:\/\/www.zunoticia.com\/noticias-de-hidalgo\/2022\/09\/15\/con-bloqueos-fdomez-conmemora-212-anos-de-guerra-de-independencia\/\">Seguir leyendo <span class=\"screen-reader-text\">Con bloqueos FDOMEZ conmemora 212 a\u00f1os de Guerra de Independencia<\/span><\/a><\/p>\n","protected":false},"author":12,"featured_media":444532,"comment_status":"closed","ping_status":"open","sticky":false,"template":"","format":"standard","meta":{"rop_custom_images_group":[],"rop_custom_messages_group":[],"rop_publish_now":"initial","rop_publish_now_accounts":{"facebook_10159540855086992_322828327761733":""},"rop_publish_now_history":[],"rop_publish_now_status":"pending","footnotes":""},"categories":[181],"tags":[121],"class_list":["post-444531","post","type-post","status-publish","format-standard","has-post-thumbnail","hentry","category-huejutla","tag-huejutla","entry"],"_links":{"self":[{"href":"https:\/\/www.zunoticia.com\/noticias-de-hidalgo\/wp-json\/wp\/v2\/posts\/444531","targetHints":{"allow":["GET"]}}],"collection":[{"href":"https:\/\/www.zunoticia.com\/noticias-de-hidalgo\/wp-json\/wp\/v2\/posts"}],"about":[{"href":"https:\/\/www.zunoticia.com\/noticias-de-hidalgo\/wp-json\/wp\/v2\/types\/post"}],"author":[{"embeddable":true,"href":"https:\/\/www.zunoticia.com\/noticias-de-hidalgo\/wp-json\/wp\/v2\/users\/12"}],"replies":[{"embeddable":true,"href":"https:\/\/www.zunoticia.com\/noticias-de-hidalgo\/wp-json\/wp\/v2\/comments?post=444531"}],"version-history":[{"count":1,"href":"https:\/\/www.zunoticia.com\/noticias-de-hidalgo\/wp-json\/wp\/v2\/posts\/444531\/revisions"}],"predecessor-version":[{"id":444535,"href":"https:\/\/www.zunoticia.com\/noticias-de-hidalgo\/wp-json\/wp\/v2\/posts\/444531\/revisions\/444535"}],"wp:featuredmedia":[{"embeddable":true,"href":"https:\/\/www.zunoticia.com\/noticias-de-hidalgo\/wp-json\/wp\/v2\/media\/444532"}],"wp:attachment":[{"href":"https:\/\/www.zunoticia.com\/noticias-de-hidalgo\/wp-json\/wp\/v2\/media?parent=444531"}],"wp:term":[{"taxonomy":"category","embeddable":true,"href":"https:\/\/www.zunoticia.com\/noticias-de-hidalgo\/wp-json\/wp\/v2\/categories?post=444531"},{"taxonomy":"post_tag","embeddable":true,"href":"https:\/\/www.zunoticia.com\/noticias-de-hidalgo\/wp-json\/wp\/v2\/tags?post=444531"}],"curies":[{"name":"wp","href":"https:\/\/api.w.org\/{rel}","templated":true}]}}